{"id":2343,"date":"2018-01-06T00:31:21","date_gmt":"2018-01-06T00:31:21","guid":{"rendered":"http:\/\/acaopolitica.com\/?p=2343"},"modified":"2018-01-18T15:05:36","modified_gmt":"2018-01-18T15:05:36","slug":"estive-certo-quando-tive-todos-contra-mim-roberto-campos","status":"publish","type":"post","link":"http:\/\/acaopolitica.com\/index.php\/2018\/01\/06\/estive-certo-quando-tive-todos-contra-mim-roberto-campos\/","title":{"rendered":"Estive certo quando tive todos contra mim (Roberto Campos)"},"content":{"rendered":"<p style=\"text-align: justify;\"><span style=\"color: #0000ff;\">Maia diz que \u00e9 &#8220;inevit\u00e1vel&#8221; flexibilizar regra de ouro das contas p\u00fablicas em 2019<\/span><\/p>\n<p style=\"text-align: justify;\"><span style=\"color: #0000ff;\">Ricardo Brito e Marcela Ayres<\/span><\/p>\n<p style=\"text-align: justify;\"><span style=\"color: #0000ff;\">4 JAN2018<\/span><\/p>\n<p style=\"text-align: justify;\"><span style=\"color: #0000ff;\">O presidente da C\u00e2mara dos Deputados, Rodrigo Maia (DEM-RJ), afirmou nesta quinta-feira \u00e0 Reuters que \u00e9 &#8220;inevit\u00e1vel&#8221; flexibilizar a regra de ouro das contas p\u00fablicas porque n\u00e3o ser\u00e1 poss\u00edvel cumpri-la em 2019. <\/span><\/p>\n<p style=\"text-align: justify;\"><span style=\"color: #0000ff;\">Presidente da C\u00e2mara, Rodrigo Maia (DEM-RJ) 11\/07\/2017 REUTERS\/Adriano Machado<\/span><\/p>\n<p style=\"text-align: justify;\"><span style=\"color: #0000ff;\">Foto: Reuters<\/span><\/p>\n<p style=\"text-align: justify;\"><span style=\"color: #0000ff;\">Prevista na Constitui\u00e7\u00e3o, a regra de ouro pro\u00edbe que o governo fa\u00e7a opera\u00e7\u00f5es de cr\u00e9dito (empr\u00e9stimos) para bancar despesas correntes, como \u00e9 o caso de custeio da m\u00e1quina p\u00fablica.<\/span><\/p>\n<p style=\"text-align: justify;\"><span style=\"color: #0000ff;\">O descumprimento da regra implica crime de responsabilidade do presidente da Rep\u00fablica e pode resultar em um processo de impeachment, por exemplo.<\/span><\/p>\n<p style=\"text-align: justify;\"><span style=\"color: #0000ff;\">Rodrigo Maia foi o anfitri\u00e3o de uma reuni\u00e3o realizada na resid\u00eancia oficial da C\u00e2mara nesta manh\u00e3 em que se discutiu o assunto com a presen\u00e7a dos ministros da Fazenda, Henrique Meirelles, do Planejamento, Dyogo Oliveira, e das Cidades, Alexandre Baldy.<\/span><\/p>\n<p style=\"text-align: justify;\"><span style=\"color: #0000ff;\">Segundo Maia, os dados or\u00e7ament\u00e1rios mostram &#8220;com clareza&#8221; que os recursos de investimentos &#8220;ca\u00edram muito&#8221; e os gastos de custeio e pessoal &#8220;explodiram&#8221;.<\/span><\/p>\n<p style=\"text-align: justify;\"><span style=\"color: #0000ff;\">&#8220;Por isso a necessidade das reformas&#8221;, disse o presidente da C\u00e2mara.<\/span><\/p>\n<p style=\"text-align: justify;\"><span style=\"color: #0000ff;\">Segundo ele, n\u00e3o \u00e9 poss\u00edvel colocar uma Proposta de Emenda \u00e0 Constitui\u00e7\u00e3o (PEC) que prev\u00ea a flexibiliza\u00e7\u00e3o da regra de ouro na pauta da C\u00e2mara logo ap\u00f3s a eventual vota\u00e7\u00e3o da reforma da Previd\u00eancia.<\/span><\/p>\n<p style=\"text-align: justify;\"><span style=\"color: #0000ff;\">Maia disse que a PEC precisa cumprir os prazos regimentais na Comiss\u00e3o de Constitui\u00e7\u00e3o e Justi\u00e7a (CCJ) e no plen\u00e1rio da Casa. Mas garantiu que, assim que cumprida essa tramita\u00e7\u00e3o, pautar\u00e1 a mat\u00e9ria.<\/span><\/p>\n<p style=\"text-align: justify;\"><span style=\"color: #0000ff;\">Questionado se a regra tem mesmo de ser mudada, mesmo com a eventual aprova\u00e7\u00e3o da reforma da Previd\u00eancia, ele disse que sim.<\/span><\/p>\n<p style=\"text-align: justify;\"><span style=\"color: #0000ff;\">&#8220;N\u00e3o precisa mudar a regra, mas suspender por algum tempo algumas restri\u00e7\u00f5es&#8221;, afirmou. Ao ser perguntado sobre quais e por qual per\u00edodo, ele jogou a responsabilidade para o Executivo. &#8220;Est\u00e1 \u00e9 uma decis\u00e3o do governo&#8221;, disse, ao destacar que &#8220;os dados est\u00e3o claros&#8221;.<\/span><\/p>\n<p style=\"text-align: justify;\"><span style=\"color: #0000ff;\">SOLU\u00c7\u00c3O CONJUNTA<\/span><\/p>\n<p style=\"text-align: justify;\"><span style=\"color: #0000ff;\">Mais cedo, a Reuters informou que o governo trabalha numa sa\u00edda legal para flexibilizar a regra no pr\u00f3ximo ano, segundo tr\u00eas fontes com conhecimento do assunto, mas o texto com as altera\u00e7\u00f5es dever\u00e1 partir da C\u00e2mara.<\/span><\/p>\n<p style=\"text-align: justify;\"><span style=\"color: #0000ff;\">&#8220;A C\u00e2mara est\u00e1 trabalhando em uma solu\u00e7\u00e3o feita em conjunto com (os minist\u00e9rios da) Fazenda e Planejamento&#8221;, disse uma fonte da equipe econ\u00f4mica em condi\u00e7\u00e3o de anonimato.<\/span><\/p>\n<p style=\"text-align: justify;\"><span style=\"color: #0000ff;\">A ideia \u00e9 que a aplica\u00e7\u00e3o da regra seja afrouxada &#8220;desde que alguns princ\u00edpios sejam observados e algumas regras seguidas&#8221;, acrescentou a fonte. Segundo duas fontes, o deputado Pedro Paulo (MDB-RJ) ir\u00e1 estruturar uma PEC sobre o tema. A Reuters n\u00e3o conseguiu contato com o parlamentar.<\/span><\/p>\n<p style=\"text-align: justify;\"><span style=\"color: #0000ff;\">O pr\u00f3prio governo calcula que n\u00e3o conseguir\u00e1 economizar para pagar os juros da d\u00edvida p\u00fablica at\u00e9 2020, somando sete anos consecutivos no vermelho. Para 2019, prev\u00ea rombo prim\u00e1rio de 139 bilh\u00f5es de reais para o governo central (governo federal, Banco Central e INSS), seguido de outro de 65 bilh\u00f5es de reais no ano seguinte.<\/span><\/p>\n<p style=\"text-align: justify;\"><span style=\"color: #0000ff;\">Para conseguir cumprir a regra de ouro neste ano, cuja meta \u00e9 de d\u00e9ficit prim\u00e1rio de 159 bilh\u00f5es de reais, o governo conta com a devolu\u00e7\u00e3o de mais 130 bilh\u00f5es de reais do Banco Nacional de Desenvolvimento Econ\u00f4mico e Social (BNDES) ao Tesouro Nacional.<\/span><\/p>\n<p style=\"text-align: justify;\"><span style=\"color: #0000ff;\">Integrantes do BNDES, contudo, v\u00eam apontando dificuldades para uma opera\u00e7\u00e3o desta magnitude por temor de que ela comprometa a capacidade do banco de realizar empr\u00e9stimos e incentivar a economia.<\/span><\/p>\n<p style=\"text-align: justify;\"><span style=\"color: #0000ff;\">Em 2017, o BNDES antecipou o pagamento de 50 bilh\u00f5es de reais ao Tesouro. Em 2016, foram outros 100 bilh\u00f5es de reais.<\/span><\/p>\n<p style=\"text-align: justify;\"><span style=\"color: #0000ff;\">Ricardo Bergamini<\/span><\/p>\n<p style=\"text-align: justify;\"><span style=\"color: #0000ff;\">(48) 99636-7322<\/span><br \/>\n<span style=\"color: #0000ff;\">(48) 99976-6974<\/span><br \/>\n<span style=\"color: #0000ff;\"><a style=\"color: #0000ff;\" href=\"mailto:ricardobergamini@ricardobergamini.com.br\" target=\"_blank\" rel=\"noopener\">ricardobergamini@ricardobergamini.com.br<br \/>\n<\/a><a style=\"color: #0000ff;\" href=\"http:\/\/www.ricardobergamini.com.br\/\" target=\"_blank\" rel=\"noopener\" data-saferedirecturl=\"https:\/\/www.google.com\/url?hl=pt-PT&amp;q=http:\/\/www.ricardobergamini.com.br\/&amp;source=gmail&amp;ust=1515283001256000&amp;usg=AFQjCNE8rCsNNJ8_F-t8Yw4l6kGLTXTEXg\">www.ricardobergamini.com.br<\/a><\/span><\/p>\n<p style=\"text-align: justify;\"><span style=\"color: #0000ff;\">\u00a0<\/span><\/p>\n","protected":false},"excerpt":{"rendered":"<p>Maia diz que \u00e9 &#8220;inevit\u00e1vel&#8221; flexibilizar regra de ouro das contas p\u00fablicas em 2019 Ricardo Brito e Marcela Ayres 4 JAN2018 O presidente da C\u00e2mara&#8230;<\/p>\n","protected":false},"author":18,"featured_media":2344,"comment_status":"open","ping_status":"open","sticky":false,"template":"","format":"standard","meta":[],"categories":[2],"tags":[],"_links":{"self":[{"href":"http:\/\/acaopolitica.com\/index.php\/wp-json\/wp\/v2\/posts\/2343"}],"collection":[{"href":"http:\/\/acaopolitica.com\/index.php\/wp-json\/wp\/v2\/posts"}],"about":[{"href":"http:\/\/acaopolitica.com\/index.php\/wp-json\/wp\/v2\/types\/post"}],"author":[{"embeddable":true,"href":"http:\/\/acaopolitica.com\/index.php\/wp-json\/wp\/v2\/users\/18"}],"replies":[{"embeddable":true,"href":"http:\/\/acaopolitica.com\/index.php\/wp-json\/wp\/v2\/comments?post=2343"}],"version-history":[{"count":1,"href":"http:\/\/acaopolitica.com\/index.php\/wp-json\/wp\/v2\/posts\/2343\/revisions"}],"predecessor-version":[{"id":2345,"href":"http:\/\/acaopolitica.com\/index.php\/wp-json\/wp\/v2\/posts\/2343\/revisions\/2345"}],"wp:featuredmedia":[{"embeddable":true,"href":"http:\/\/acaopolitica.com\/index.php\/wp-json\/wp\/v2\/media\/2344"}],"wp:attachment":[{"href":"http:\/\/acaopolitica.com\/index.php\/wp-json\/wp\/v2\/media?parent=2343"}],"wp:term":[{"taxonomy":"category","embeddable":true,"href":"http:\/\/acaopolitica.com\/index.php\/wp-json\/wp\/v2\/categories?post=2343"},{"taxonomy":"post_tag","embeddable":true,"href":"http:\/\/acaopolitica.com\/index.php\/wp-json\/wp\/v2\/tags?post=2343"}],"curies":[{"name":"wp","href":"https:\/\/api.w.org\/{rel}","templated":true}]}}