{"id":2364,"date":"2018-01-18T14:35:27","date_gmt":"2018-01-18T14:35:27","guid":{"rendered":"http:\/\/acaopolitica.com\/?p=2364"},"modified":"2018-01-18T15:06:34","modified_gmt":"2018-01-18T15:06:34","slug":"uma-sociedade-que-despreza-esse-tipo-de-informacao-nao-tem-salvacao","status":"publish","type":"post","link":"http:\/\/acaopolitica.com\/index.php\/2018\/01\/18\/uma-sociedade-que-despreza-esse-tipo-de-informacao-nao-tem-salvacao\/","title":{"rendered":"Uma sociedade que despreza esse tipo de informa\u00e7\u00e3o n\u00e3o tem salva\u00e7\u00e3o"},"content":{"rendered":"<p style=\"text-align: justify;\"><span style=\"color: #0000ff;\">Cada deputado de Bras\u00edlia tem R$ 184 mil por m\u00eas s\u00f3 para contratar assessores. Veja os benef\u00edcios<\/span><\/p>\n<table width=\"613\">\n<tbody>\n<tr>\n<td width=\"398\"><span style=\"color: #0000ff;\">POR\u00a0<a style=\"color: #0000ff;\" href=\"http:\/\/congressoemfoco.uol.com.br\/author\/admin\/\" data-saferedirecturl=\"https:\/\/www.google.com\/url?hl=pt-PT&amp;q=http:\/\/congressoemfoco.uol.com.br\/author\/admin\/&amp;source=gmail&amp;ust=1516370142664000&amp;usg=AFQjCNEwU6pGsA4wDjK0wLoxyIQiGVOamg\">CONGRESSO EM FOCO<\/a>\u00a0|\u00a017\/01\/2018 16:40\u00a0<\/span><br \/>\n<span style=\"color: #0000ff;\">CATEGORIA(S):\u00a0<a style=\"color: #0000ff;\" href=\"http:\/\/congressoemfoco.uol.com.br\/category\/brasilia\/\" data-saferedirecturl=\"https:\/\/www.google.com\/url?hl=pt-PT&amp;q=http:\/\/congressoemfoco.uol.com.br\/category\/brasilia\/&amp;source=gmail&amp;ust=1516370142664000&amp;usg=AFQjCNHgDFq5WB8sw_0mErtv1JsqxR3q6w\">BRAS\u00cdLIA<\/a>,\u00a0<a style=\"color: #0000ff;\" href=\"http:\/\/congressoemfoco.uol.com.br\/category\/noticias\/manchetes-anteriores\/\" data-saferedirecturl=\"https:\/\/www.google.com\/url?hl=pt-PT&amp;q=http:\/\/congressoemfoco.uol.com.br\/category\/noticias\/manchetes-anteriores\/&amp;source=gmail&amp;ust=1516370142664000&amp;usg=AFQjCNGnptyApPK_2Xh2ggrjvrJ13YjYoQ\">MANCHETES<\/a>,\u00a0<a style=\"color: #0000ff;\" href=\"http:\/\/congressoemfoco.uol.com.br\/category\/noticias\/\" data-saferedirecturl=\"https:\/\/www.google.com\/url?hl=pt-PT&amp;q=http:\/\/congressoemfoco.uol.com.br\/category\/noticias\/&amp;source=gmail&amp;ust=1516370142664000&amp;usg=AFQjCNFpwjF0U5p2wBWPHQXCH5R5Lr0Blw\">NOT\u00cdCIAS<\/a>,\u00a0<a style=\"color: #0000ff;\" href=\"http:\/\/congressoemfoco.uol.com.br\/category\/noticias\/outros-destaques\/\" data-saferedirecturl=\"https:\/\/www.google.com\/url?hl=pt-PT&amp;q=http:\/\/congressoemfoco.uol.com.br\/category\/noticias\/outros-destaques\/&amp;source=gmail&amp;ust=1516370142664000&amp;usg=AFQjCNExWDRNGS79xmxbibG_JB3cpc_4kQ\">OUTROS DESTAQUES<\/a>,\u00a0<a style=\"color: #0000ff;\" href=\"http:\/\/congressoemfoco.uol.com.br\/category\/noticias\/memoria\/verbas-e-cotas\/\" data-saferedirecturl=\"https:\/\/www.google.com\/url?hl=pt-PT&amp;q=http:\/\/congressoemfoco.uol.com.br\/category\/noticias\/memoria\/verbas-e-cotas\/&amp;source=gmail&amp;ust=1516370142664000&amp;usg=AFQjCNFExp8o1qJpplEEx5RATdkqmTNO3w\">VERBAS E COTAS<\/a><\/span><\/td>\n<td><span style=\"color: #0000ff;\">\u00a0<\/span><\/p>\n<p><span style=\"color: #0000ff;\">\u00a0<\/span><\/td>\n<\/tr>\n<\/tbody>\n<\/table>\n<p style=\"text-align: justify;\"><span style=\"color: #0000ff;\">Reprodu\u00e7\u00e3o<\/span><\/p>\n<p style=\"text-align: justify;\"><span style=\"color: #0000ff;\">Recursos garantidos a cada distrital para contratar assessor de confian\u00e7a supera todo o gasto de um gabinete na C\u00e2mara dos Deputados<\/span><\/p>\n<p style=\"text-align: justify;\"><span style=\"color: #0000ff;\">Com R$ 184 mil por m\u00eas para contratar e manter assessores de sua confian\u00e7a, parlamentar do Distrito Federal custa ao contribuinte brasiliense quase um ter\u00e7o a mais que um integrante da C\u00e2mara dos Deputados. Essa \u00e9 a maior verba de gabinete paga por um Parlamento em todo o Brasil \u2013 o dobro dos R$ 92 mil reservados para a mesma finalidade aos deputados federais. O valor supera, at\u00e9 mesmo, o que a C\u00e2mara dos Deputados gasta mensalmente com cada parlamentar, incluindo sal\u00e1rio, remunera\u00e7\u00e3o de servidores e demais vantagens pessoais: R$ 160 mil, no caso dos representantes do pr\u00f3prio Distrito Federal, e R$ R$ 175 mil, quantia desembolsada com os congressistas de Roraima. Essa realidade, no entanto, pode estar com dias contados.<\/span><\/p>\n<p style=\"text-align: justify;\"><span style=\"color: #0000ff;\">O Observat\u00f3rio Social de Bras\u00edlia e o Instituto de Fiscaliza\u00e7\u00e3o e Controle (IFC), associa\u00e7\u00f5es sem fins lucrativos que promovem a transpar\u00eancia e o controle social dos gastos p\u00fablicos, lan\u00e7aram nessa ter\u00e7a-feira (16), no Museu da Rep\u00fablica, a\u00a0<a style=\"color: #0000ff;\" href=\"http:\/\/congressoemfoco.uol.com.br\/noticias\/projeto-de-lei-de-iniciativa-popular-quer-tornar-camara-legislativa-mais-barata\/\" data-saferedirecturl=\"https:\/\/www.google.com\/url?hl=pt-PT&amp;q=http:\/\/congressoemfoco.uol.com.br\/noticias\/projeto-de-lei-de-iniciativa-popular-quer-tornar-camara-legislativa-mais-barata\/&amp;source=gmail&amp;ust=1516370142664000&amp;usg=AFQjCNGp9Hmf-F0_ezxaBvXDTdtHn2eR7g\">campanha \u201cC\u00e2mara mais barata\u201d<\/a>, iniciativa popular e apartid\u00e1ria que pretende reduzir as despesas da C\u00e2mara Legislativa do Distrito Federal (CLDF) e tornar as informa\u00e7\u00f5es mais transparentes para a popula\u00e7\u00e3o. O presidente da CLDF, Joe Valle (PDT), tamb\u00e9m participou do ato, declarou apoio \u00e0s medidas e foi um dos primeiros a assinar o anteprojeto. Para que o texto vire projeto \u00e9 preciso reunir 30 mil assinaturas.<\/span><\/p>\n<table width=\"344\">\n<tbody>\n<tr>\n<td width=\"223\"><span style=\"color: #0000ff;\">Benef\u00edcios de um deputado distrital<\/span><\/td>\n<td width=\"121\"><span style=\"color: #0000ff;\">Valores<\/span><\/td>\n<\/tr>\n<tr>\n<td><span style=\"color: #0000ff;\">Sal\u00e1rio<\/span><\/td>\n<td><span style=\"color: #0000ff;\">R$ 25.322,25<\/span><\/td>\n<\/tr>\n<tr>\n<td>\n<table>\n<tbody>\n<tr>\n<td width=\"223\"><span style=\"color: #0000ff;\">Verba indenizat\u00f3ria<\/span><\/td>\n<\/tr>\n<\/tbody>\n<\/table>\n<\/td>\n<td><span style=\"color: #0000ff;\">R$ 25.322,25<\/span><\/td>\n<\/tr>\n<tr>\n<td><span style=\"color: #0000ff;\">Verba para contratar funcion\u00e1rios<\/span><\/td>\n<td><span style=\"color: #0000ff;\">R$ 184.104,93 *<\/span><\/td>\n<\/tr>\n<tr>\n<td><span style=\"color: #0000ff;\">Servidores por gabinete<\/span><\/td>\n<td><span style=\"color: #0000ff;\">23 *<\/span><\/td>\n<\/tr>\n<tr>\n<td><span style=\"color: #0000ff;\">Aux\u00edlio-creche<\/span><\/td>\n<td><span style=\"color: #0000ff;\">681,85 ***<\/span><\/td>\n<\/tr>\n<tr>\n<td><span style=\"color: #0000ff;\">Aux\u00edlio-alimenta\u00e7\u00e3o<\/span><\/td>\n<td><span style=\"color: #0000ff;\">R$ 1.072,00<\/span><\/td>\n<\/tr>\n<tr>\n<td><span style=\"color: #0000ff;\">Total<\/span><\/td>\n<td><span style=\"color: #0000ff;\">R$ 235.821,43<\/span><\/td>\n<\/tr>\n<\/tbody>\n<\/table>\n<p style=\"text-align: justify;\"><span style=\"color: #0000ff;\">* No caso de l\u00edderes podem ser indicados at\u00e9 28 funcion\u00e1rios ao custo de R$ 214,8 mil por m\u00eas<\/span><\/p>\n<p style=\"text-align: justify;\"><span style=\"color: #0000ff;\">* Pago por cada filho menor de sete anos de idade<\/span><\/p>\n<p style=\"text-align: justify;\"><span style=\"color: #0000ff;\"><a style=\"color: #0000ff;\" href=\"http:\/\/congressoemfoco.uol.com.br\/noticias\/campanha-pretende-reduzir-gastos-da-camara-legislativa-do-distrito-federal\/\" data-saferedirecturl=\"https:\/\/www.google.com\/url?hl=pt-PT&amp;q=http:\/\/congressoemfoco.uol.com.br\/noticias\/campanha-pretende-reduzir-gastos-da-camara-legislativa-do-distrito-federal\/&amp;source=gmail&amp;ust=1516370142665000&amp;usg=AFQjCNFsfkR0AcyNKwzG24_4DTlSHZUwWw\">&lt;&lt; Campanha pretende reduzir gastos da C\u00e2mara Legislativa do Distrito Federal<\/a><\/span><\/p>\n<p style=\"text-align: justify;\"><span style=\"color: #0000ff;\"><a style=\"color: #0000ff;\" href=\"http:\/\/congressoemfoco.uol.com.br\/noticias\/lista-todos-os-salarios-e-beneficios-de-um-deputado\/\" data-saferedirecturl=\"https:\/\/www.google.com\/url?hl=pt-PT&amp;q=http:\/\/congressoemfoco.uol.com.br\/noticias\/lista-todos-os-salarios-e-beneficios-de-um-deputado\/&amp;source=gmail&amp;ust=1516370142665000&amp;usg=AFQjCNFycOY07U1vZWtGqtqUlT1_jhRPGA\">&lt;&lt; Quanto custa um deputado federal<\/a><\/span><\/p>\n<p style=\"text-align: justify;\"><span style=\"color: #0000ff;\"><a style=\"color: #0000ff;\" href=\"http:\/\/congressoemfoco.uol.com.br\/noticias\/camara-legislativa-de-brasilia-supera-gastos-do-congresso\/\" data-saferedirecturl=\"https:\/\/www.google.com\/url?hl=pt-PT&amp;q=http:\/\/congressoemfoco.uol.com.br\/noticias\/camara-legislativa-de-brasilia-supera-gastos-do-congresso\/&amp;source=gmail&amp;ust=1516370142665000&amp;usg=AFQjCNG5fUvb-N8O0tkdqoagowIOtvydJA\">&lt;&lt; C\u00e2mara Legislativa de Bras\u00edlia gasta mais que o Congresso, aponta ONG<\/a><\/span><\/p>\n<p style=\"text-align: justify;\"><span style=\"color: #0000ff;\">Ricardo Bergamini<\/span><\/p>\n<p style=\"text-align: justify;\"><span style=\"color: #0000ff;\">(48) 99636-7322<\/span><br \/>\n<span style=\"color: #0000ff;\">(48) 99976-6974<\/span><br \/>\n<span style=\"color: #0000ff;\"><a style=\"color: #0000ff;\" href=\"mailto:ricardobergamini@ricardobergamini.com.br\" target=\"_blank\" rel=\"noopener\">ricardobergamini@ricardobergamini.com.br<br \/>\n<\/a><a style=\"color: #0000ff;\" href=\"http:\/\/www.ricardobergamini.com.br\/\" target=\"_blank\" rel=\"noopener\" data-saferedirecturl=\"https:\/\/www.google.com\/url?hl=pt-PT&amp;q=http:\/\/www.ricardobergamini.com.br\/&amp;source=gmail&amp;ust=1516370142665000&amp;usg=AFQjCNEBmPtb3OjSaa9OaPpXwYHFyd9nEQ\">www.ricardobergamini.com.br<\/a><\/span><\/p>\n","protected":false},"excerpt":{"rendered":"<p>Cada deputado de Bras\u00edlia tem R$ 184 mil por m\u00eas s\u00f3 para contratar assessores. Veja os benef\u00edcios POR\u00a0CONGRESSO EM FOCO\u00a0|\u00a017\/01\/2018 16:40\u00a0 CATEGORIA(S):\u00a0BRAS\u00cdLIA,\u00a0MANCHETES,\u00a0NOT\u00cdCIAS,\u00a0OUTROS DESTAQUES,\u00a0VERBAS E COTAS&#8230;<\/p>\n","protected":false},"author":18,"featured_media":2365,"comment_status":"open","ping_status":"open","sticky":false,"template":"","format":"standard","meta":[],"categories":[2],"tags":[],"_links":{"self":[{"href":"http:\/\/acaopolitica.com\/index.php\/wp-json\/wp\/v2\/posts\/2364"}],"collection":[{"href":"http:\/\/acaopolitica.com\/index.php\/wp-json\/wp\/v2\/posts"}],"about":[{"href":"http:\/\/acaopolitica.com\/index.php\/wp-json\/wp\/v2\/types\/post"}],"author":[{"embeddable":true,"href":"http:\/\/acaopolitica.com\/index.php\/wp-json\/wp\/v2\/users\/18"}],"replies":[{"embeddable":true,"href":"http:\/\/acaopolitica.com\/index.php\/wp-json\/wp\/v2\/comments?post=2364"}],"version-history":[{"count":1,"href":"http:\/\/acaopolitica.com\/index.php\/wp-json\/wp\/v2\/posts\/2364\/revisions"}],"predecessor-version":[{"id":2366,"href":"http:\/\/acaopolitica.com\/index.php\/wp-json\/wp\/v2\/posts\/2364\/revisions\/2366"}],"wp:featuredmedia":[{"embeddable":true,"href":"http:\/\/acaopolitica.com\/index.php\/wp-json\/wp\/v2\/media\/2365"}],"wp:attachment":[{"href":"http:\/\/acaopolitica.com\/index.php\/wp-json\/wp\/v2\/media?parent=2364"}],"wp:term":[{"taxonomy":"category","embeddable":true,"href":"http:\/\/acaopolitica.com\/index.php\/wp-json\/wp\/v2\/categories?post=2364"},{"taxonomy":"post_tag","embeddable":true,"href":"http:\/\/acaopolitica.com\/index.php\/wp-json\/wp\/v2\/tags?post=2364"}],"curies":[{"name":"wp","href":"https:\/\/api.w.org\/{rel}","templated":true}]}}