{"id":2367,"date":"2018-01-18T14:58:04","date_gmt":"2018-01-18T14:58:04","guid":{"rendered":"http:\/\/acaopolitica.com\/?p=2367"},"modified":"2018-01-18T15:06:43","modified_gmt":"2018-01-18T15:06:43","slug":"quem-perde-para-o-lula-nao-ganha-de-mais-ninguem","status":"publish","type":"post","link":"http:\/\/acaopolitica.com\/index.php\/2018\/01\/18\/quem-perde-para-o-lula-nao-ganha-de-mais-ninguem\/","title":{"rendered":"Quem perde para o Lula, n\u00e3o ganha de mais ningu\u00e9m"},"content":{"rendered":"<p style=\"text-align: justify;\"><span style=\"color: #0000ff;\">Ag\u00eancia Standard &amp; Poor&#8217;s concede grau de investimento ao Brasil<\/span><\/p>\n<p style=\"text-align: justify;\"><span style=\"color: #0000ff;\">Origem: Wikinot\u00edcias, a fonte de not\u00edcias livre.<\/span><\/p>\n<p style=\"text-align: justify;\"><span style=\"color: #0000ff;\">1 de maio de 2008<\/span><\/p>\n<p style=\"text-align: justify;\"><span style=\"color: #0000ff;\">A ag\u00eancia de classifica\u00e7\u00e3o de risco\u00a0<a style=\"color: #0000ff;\" href=\"https:\/\/pt.wikipedia.org\/wiki\/Standard_%26_Poor%27s\" data-saferedirecturl=\"https:\/\/www.google.com\/url?hl=pt-PT&amp;q=https:\/\/pt.wikipedia.org\/wiki\/Standard_%2526_Poor%2527s&amp;source=gmail&amp;ust=1516370025441000&amp;usg=AFQjCNEURLtRS9LW84iuY3I8_lAmOCG5jw\">Standard &amp; Poor&#8217;s<\/a>\u00a0elevou nesta quarta-feira (30) a nota atribu\u00edda \u00e0 d\u00edvida de longo prazo em moeda estrangeira do\u00a0<a style=\"color: #0000ff;\" href=\"https:\/\/pt.wikinews.org\/wiki\/Brasil\" data-saferedirecturl=\"https:\/\/www.google.com\/url?hl=pt-PT&amp;q=https:\/\/pt.wikinews.org\/wiki\/Brasil&amp;source=gmail&amp;ust=1516370025441000&amp;usg=AFQjCNFsaPxIQug0iPcJJkzO5GT0sv-GeQ\">Brasil<\/a>\u00a0para &#8220;BBB-&#8220;, o primeiro n\u00edvel da faixa de grau de investimento. A nota \u00e9 concedida a pa\u00edses pouco prop\u00edcios \u00e0 inadimpl\u00eancia e significa, na pr\u00e1tica, que o Brasil oferece baixos ricos para investidores financeiros internacionais.<\/span><\/p>\n<p style=\"text-align: justify;\"><span style=\"color: #0000ff;\">Para o presidente do Banco Central brasileiro (<a style=\"color: #0000ff;\" href=\"https:\/\/pt.wikipedia.org\/wiki\/Bacen\" data-saferedirecturl=\"https:\/\/www.google.com\/url?hl=pt-PT&amp;q=https:\/\/pt.wikipedia.org\/wiki\/Bacen&amp;source=gmail&amp;ust=1516370025441000&amp;usg=AFQjCNEZayKAZdo6O2rg0RA_I5J5PsUZeg\">Bacen<\/a>),\u00a0<a style=\"color: #0000ff;\" href=\"https:\/\/pt.wikinews.org\/wiki\/Categoria:Henrique_Meirelles\" data-saferedirecturl=\"https:\/\/www.google.com\/url?hl=pt-PT&amp;q=https:\/\/pt.wikinews.org\/wiki\/Categoria:Henrique_Meirelles&amp;source=gmail&amp;ust=1516370025441000&amp;usg=AFQjCNGRzC3dcMpQrMZiwCOJriSTn29Ylw\">Henrique Meirelles<\/a>, a decis\u00e3o da ag\u00eancia de elevar a classifica\u00e7\u00e3o do pa\u00eds para \u201cBBB-\u201d, correspondente \u00e0 primeira faixa do grau de investimento, veio em um momento significativo. Em especial, segundo Meirelles, porque ocorre em meio \u00e0 incerteza e \u00e0 instabilidade da economia internacional.<\/span><\/p>\n<p style=\"text-align: justify;\"><span style=\"color: #0000ff;\">\u201cA previsibilidade \u00e9 fundamental para garantir o crescimento sustentado do pa\u00eds e \u00e9 resultado da persist\u00eancia na implanta\u00e7\u00e3o de pol\u00edticas econ\u00f4micas consistentes\u201d \u2013 Henrique Meirelles presidente do Banco Central do Brasil.<\/span><\/p>\n<p style=\"text-align: justify;\"><span style=\"color: #0000ff;\">Presidente Lula em evento onde foi informado sobre a eleva\u00e7\u00e3o do grau de investimento do Brasil. Foto: Wilson Dias\/Abr<\/span><\/p>\n<p style=\"text-align: justify;\"><span style=\"color: #0000ff;\">Isso demonstra, destacou Meirelles, o \u201caumento da resist\u00eancia\u201d da economia brasileira, reconhecida pela ag\u00eancia de classifica\u00e7\u00e3o de risco. De acordo com o presidente do BC, \u201co desempenho da economia no que diz respeito a investimento, emprego e renda \u00e9 um demonstrativo claro de que o &#8216;investment grade&#8217; reflete de fato a melhora decisiva dos fundamentos econ\u00f4micos\u201d.<\/span><\/p>\n<p style=\"text-align: justify;\"><span style=\"color: #0000ff;\">\u201cO Brasil foi declarado um pa\u00eds s\u00e9rio, que tem pol\u00edticas s\u00e9rias, que cuida das suas finan\u00e7as com seriedade e, por isso passamos ser merecedores de uma confian\u00e7a internacional de que h\u00e1 muito o Brasil necessitava\u201d \u2013 Luiz In\u00e1cio da Silva presidente do Brasil.<\/span><\/p>\n<p style=\"text-align: justify;\"><span style=\"color: #0000ff;\">Na opini\u00e3o de Anop Singh, diretor do Fundo Monet\u00e1rio Internacional (FMI) para o Hemisf\u00e9rio Ocidental, a promo\u00e7\u00e3o do Brasil ao grau de investimento deve reduzir ainda mais a percep\u00e7\u00e3o de risco no pa\u00eds e atrair mais invers\u00f5es estrangeiras.<\/span><\/p>\n<p style=\"text-align: justify;\"><span style=\"color: #0000ff;\">A expectativa agora \u00e9 de que as outras duas grandes ag\u00eancias de classifica\u00e7\u00e3o de risco, a\u00a0<a style=\"color: #0000ff;\" href=\"https:\/\/pt.wikipedia.org\/wiki\/Moody%27s\" data-saferedirecturl=\"https:\/\/www.google.com\/url?hl=pt-PT&amp;q=https:\/\/pt.wikipedia.org\/wiki\/Moody%2527s&amp;source=gmail&amp;ust=1516370025441000&amp;usg=AFQjCNE1gMzRTBFsBTvJezV6WT5sm2Utmg\">Moody&#8217;s<\/a>\u00a0e a\u00a0<a style=\"color: #0000ff;\" href=\"https:\/\/pt.wikipedia.org\/wiki\/Fitch\" data-saferedirecturl=\"https:\/\/www.google.com\/url?hl=pt-PT&amp;q=https:\/\/pt.wikipedia.org\/wiki\/Fitch&amp;source=gmail&amp;ust=1516370025441000&amp;usg=AFQjCNHCjylrvwyyTLVKoIVykJLC3fiEug\">Fitch<\/a>, sigam a indica\u00e7\u00e3o da S&amp;P e elevem a nota brasileira.<\/span><\/p>\n<p style=\"text-align: justify;\"><span style=\"color: #0000ff;\">Entretanto, pa\u00edses como\u00a0<a style=\"color: #0000ff;\" href=\"https:\/\/pt.wikinews.org\/wiki\/Categoria:Cro%C3%A1cia\" data-saferedirecturl=\"https:\/\/www.google.com\/url?hl=pt-PT&amp;q=https:\/\/pt.wikinews.org\/wiki\/Categoria:Cro%25C3%25A1cia&amp;source=gmail&amp;ust=1516370025441000&amp;usg=AFQjCNEcdUzLU1TSbgfGTydL47XNg0t5Mw\">Cro\u00e1cia<\/a>,\u00a0<a style=\"color: #0000ff;\" href=\"https:\/\/pt.wikinews.org\/wiki\/Portal:M%C3%A9xico\" data-saferedirecturl=\"https:\/\/www.google.com\/url?hl=pt-PT&amp;q=https:\/\/pt.wikinews.org\/wiki\/Portal:M%25C3%25A9xico&amp;source=gmail&amp;ust=1516370025441000&amp;usg=AFQjCNEAzWIG8TJAXDwyLnJj_zP-y_8Cqw\">M\u00e9xico<\/a>,\u00a0<a style=\"color: #0000ff;\" href=\"https:\/\/pt.wikinews.org\/wiki\/Categoria:Tail%C3%A2ndia\" data-saferedirecturl=\"https:\/\/www.google.com\/url?hl=pt-PT&amp;q=https:\/\/pt.wikinews.org\/wiki\/Categoria:Tail%25C3%25A2ndia&amp;source=gmail&amp;ust=1516370025441000&amp;usg=AFQjCNFlv4yRFrScnMh5fFq9bIBC7ipH9w\">Tail\u00e2ndia<\/a>,\u00a0<a style=\"color: #0000ff;\" href=\"https:\/\/pt.wikinews.org\/wiki\/Portal:Chile\" data-saferedirecturl=\"https:\/\/www.google.com\/url?hl=pt-PT&amp;q=https:\/\/pt.wikinews.org\/wiki\/Portal:Chile&amp;source=gmail&amp;ust=1516370025441000&amp;usg=AFQjCNGMLZ4pjmT8SLkj8lYWSS7LYP8syA\">Chile<\/a>,\u00a0<a style=\"color: #0000ff;\" href=\"https:\/\/pt.wikinews.org\/wiki\/Portal:It%C3%A1lia\" data-saferedirecturl=\"https:\/\/www.google.com\/url?hl=pt-PT&amp;q=https:\/\/pt.wikinews.org\/wiki\/Portal:It%25C3%25A1lia&amp;source=gmail&amp;ust=1516370025441000&amp;usg=AFQjCNFH9d0X4ouD7FNf_kvHlkfDgZXMMQ\">It\u00e1lia<\/a>\u00a0e\u00a0<a style=\"color: #0000ff;\" href=\"https:\/\/pt.wikinews.org\/wiki\/Portal:Portugal\" data-saferedirecturl=\"https:\/\/www.google.com\/url?hl=pt-PT&amp;q=https:\/\/pt.wikinews.org\/wiki\/Portal:Portugal&amp;source=gmail&amp;ust=1516370025441000&amp;usg=AFQjCNEe4eTVUqdbgEaWTR1fznirF-LoVg\">Portugal<\/a>\u00a0ainda est\u00e3o acima do Brasil, em quest\u00e3o de risco. Portugal, por exemplo, est\u00e1 na faixa AAA- da S&amp;P.<\/span><\/p>\n<p style=\"text-align: justify;\"><span style=\"color: #0000ff;\">Ricardo Bergamini<\/span><\/p>\n<p style=\"text-align: justify;\"><span style=\"color: #0000ff;\">(48) 99636-7322<\/span><br \/>\n<span style=\"color: #0000ff;\">(48) 99976-6974<\/span><br \/>\n<span style=\"color: #0000ff;\"><a style=\"color: #0000ff;\" href=\"mailto:ricardobergamini@ricardobergamini.com.br\" target=\"_blank\" rel=\"noopener\">ricardobergamini@ricardobergamini.com.br<br \/>\n<\/a><a style=\"color: #0000ff;\" href=\"http:\/\/www.ricardobergamini.com.br\/\" target=\"_blank\" rel=\"noopener\" data-saferedirecturl=\"https:\/\/www.google.com\/url?hl=pt-PT&amp;q=http:\/\/www.ricardobergamini.com.br\/&amp;source=gmail&amp;ust=1516370025441000&amp;usg=AFQjCNHZ7J0Hw1DFIN1pxzhYp2D4CNUrDw\">www.ricardobergamini.com.br<\/a><\/span><\/p>\n<p style=\"text-align: justify;\"><span style=\"color: #0000ff;\">\u00a0<\/span><\/p>\n<table style=\"height: 16px;\" width=\"291\">\n<tbody>\n<tr>\n<td><\/td>\n<td><\/td>\n<\/tr>\n<\/tbody>\n<\/table>\n","protected":false},"excerpt":{"rendered":"<p>Ag\u00eancia Standard &amp; Poor&#8217;s concede grau de investimento ao Brasil Origem: Wikinot\u00edcias, a fonte de not\u00edcias livre. 1 de maio de 2008 A ag\u00eancia de&#8230;<\/p>\n","protected":false},"author":18,"featured_media":2368,"comment_status":"open","ping_status":"open","sticky":false,"template":"","format":"standard","meta":[],"categories":[2],"tags":[],"_links":{"self":[{"href":"http:\/\/acaopolitica.com\/index.php\/wp-json\/wp\/v2\/posts\/2367"}],"collection":[{"href":"http:\/\/acaopolitica.com\/index.php\/wp-json\/wp\/v2\/posts"}],"about":[{"href":"http:\/\/acaopolitica.com\/index.php\/wp-json\/wp\/v2\/types\/post"}],"author":[{"embeddable":true,"href":"http:\/\/acaopolitica.com\/index.php\/wp-json\/wp\/v2\/users\/18"}],"replies":[{"embeddable":true,"href":"http:\/\/acaopolitica.com\/index.php\/wp-json\/wp\/v2\/comments?post=2367"}],"version-history":[{"count":1,"href":"http:\/\/acaopolitica.com\/index.php\/wp-json\/wp\/v2\/posts\/2367\/revisions"}],"predecessor-version":[{"id":2369,"href":"http:\/\/acaopolitica.com\/index.php\/wp-json\/wp\/v2\/posts\/2367\/revisions\/2369"}],"wp:featuredmedia":[{"embeddable":true,"href":"http:\/\/acaopolitica.com\/index.php\/wp-json\/wp\/v2\/media\/2368"}],"wp:attachment":[{"href":"http:\/\/acaopolitica.com\/index.php\/wp-json\/wp\/v2\/media?parent=2367"}],"wp:term":[{"taxonomy":"category","embeddable":true,"href":"http:\/\/acaopolitica.com\/index.php\/wp-json\/wp\/v2\/categories?post=2367"},{"taxonomy":"post_tag","embeddable":true,"href":"http:\/\/acaopolitica.com\/index.php\/wp-json\/wp\/v2\/tags?post=2367"}],"curies":[{"name":"wp","href":"https:\/\/api.w.org\/{rel}","templated":true}]}}