{"id":2370,"date":"2018-01-20T22:36:11","date_gmt":"2018-01-20T22:36:11","guid":{"rendered":"http:\/\/acaopolitica.com\/?p=2370"},"modified":"2018-01-20T22:36:11","modified_gmt":"2018-01-20T22:36:11","slug":"temer-inviabiliza-qualquer-programa-de-ajuste-fiscal-no-brasil","status":"publish","type":"post","link":"http:\/\/acaopolitica.com\/index.php\/2018\/01\/20\/temer-inviabiliza-qualquer-programa-de-ajuste-fiscal-no-brasil\/","title":{"rendered":"Temer inviabiliza qualquer programa de ajuste fiscal no Brasil"},"content":{"rendered":"<p style=\"text-align: justify;\"><span style=\"color: #0000ff;\">Temer deu aumento a mais de 1 milh\u00e3o de servidores. <\/span><\/p>\n<p style=\"text-align: justify;\"><span style=\"color: #0000ff;\">Custo com reajustes do funcionalismo federal concedidos pela atual gest\u00e3o ser\u00e1 de R$ 64 bilh\u00f5es entre 2016 a 2019<\/span><\/p>\n<p style=\"text-align: justify;\"><span style=\"color: #0000ff;\">Carolina Antunes\/PR<\/span><\/p>\n<p style=\"text-align: justify;\"><span style=\"color: #0000ff;\">Enquanto 14 milh\u00f5es de pessoas est\u00e3o desempregadas no Brasil, um seleto grupo de servidores p\u00fablicos federais vai receber reajustes que custar\u00e3o R$ 64 bilh\u00f5es aos cofres p\u00fablicos de 2016 a 2019 (equivalente a R$ 310 por brasileiro), concedidos por iniciativa do presidente Michel Temer e sua equipe. Somente em 2017, o impacto com esses aumentos \u00e9 de R$ 23,2 bilh\u00f5es. Utilizados como moeda de barganha, um ter\u00e7o desses aumentos foram aprovados no come\u00e7o de junho, com o governo em meio \u00e0 sua pior crise pol\u00edtica, buscando apoio entre os servidores. <\/span><\/p>\n<p style=\"text-align: justify;\"><span style=\"color: #0000ff;\">A crise levou o governo a se permitir aumentar, em m\u00e9dia, em R$ 160 mil o sal\u00e1rio de cada servidor beneficiado pela proposta, fatiados at\u00e9 2019. Sobrou boa vontade do governo com os servidores, inclusive ao conceder b\u00f4nus de efici\u00eancia at\u00e9 mesmo para servidores aposentados. No aumento anterior, em junho de 2016, o valor m\u00e9dio fruto do reajuste foi de R$ 48 mil por funcion\u00e1rio p\u00fablico, escalonados at\u00e9 2018.<\/span><\/p>\n<p style=\"text-align: justify;\"><span style=\"color: #0000ff;\">As eleva\u00e7\u00f5es salariais foram concedidas em duas medidas provis\u00f3rias (MPs), editadas em junho de 2016 e em dezembro de 2016, proposta esta que s\u00f3 foi sancionada no come\u00e7o deste m\u00eas, quase seis meses depois. A C\u00e2mara aprovou a MP 765, que concede os aumentos para carreiras do alto escal\u00e3o, um dia antes de perder a validade, beneficiando 70 mil servidores, ou 0,04% da popula\u00e7\u00e3o brasileira.<\/span><\/p>\n<p style=\"text-align: justify;\"><span style=\"color: #0000ff;\">Ao assumir o governo em maio de 2016, o presidente Temer j\u00e1 chegou concedendo aumento aos servidores federais, apesar da urg\u00eancia por cortes de gastos p\u00fablicos. Em junho de 2016, foi publicada a MP que beneficiou analistas, gestores e especialistas do Poder Executivo; servidores da Previd\u00eancia, Sa\u00fade e Trabalho; das ag\u00eancias reguladoras; das carreiras jur\u00eddicas; do Banco Central, al\u00e9m de outra dezena de carreiras. O impacto desse aumento para os cofres p\u00fablicos soma R$ 53 bilh\u00f5es, at\u00e9 2018, beneficiando 1,1 milh\u00e3o de servidores civis. Na \u00e9poca, o governo afirmou que grande parte desses reajustes tinha sido negociada na gest\u00e3o Dilma Rousseff.<\/span><\/p>\n<p style=\"text-align: justify;\"><span style=\"color: #0000ff;\">J\u00e1 a MP 765, aprovada neste m\u00eas, concedeu aumentos para 70 mil servidores, de oito categorias, at\u00e9 2019. Foram beneficiadas as carreiras de alto n\u00edvel do Poder Executivo Federal: auditoria-fiscal da Receita Federal; auditoria-fiscal do Trabalho; perito m\u00e9dico previdenci\u00e1rio; carreira de infraestrutura; diplomata; oficial de chancelaria; assistente de chancelaria; e policial civil dos ex-territ\u00f3rios. Esse pacote de bondades vai custar R$ 11,2 bilh\u00f5es no bolso de todos os brasileiros.<\/span><\/p>\n<p style=\"text-align: justify;\"><span style=\"color: #0000ff;\">A negocia\u00e7\u00e3o entre os servidores e o governo inclui benef\u00edcios como o pagamento de b\u00f4nus de efici\u00eancia para Auditores Fiscais da Receita Federal, no valor mensal de R$ 3 mil, inclusive para aposentados e pensionistas da carreira. A carreira ter\u00e1 como vencimento b\u00e1sico inicial em 2017, segundo o acordo firmado com o Minist\u00e9rio do Planejamento, R$ 19.211,01 podendo chegar a R$ 24.943,07. Em 2019, o vencimento b\u00e1sico mais baixo da carreira ser\u00e1 de R$ 21.029,09 e o mais alto R$ 27.303,62. Os valores s\u00e3o os mesmos para ativos e aposentados. A carreira ainda recebe aux\u00edlio pr\u00e9-escola e aux\u00edlio alimenta\u00e7\u00e3o.<\/span><\/p>\n<p style=\"text-align: justify;\"><span style=\"color: #0000ff;\">Reajustes congelados no setor privado<\/span><\/p>\n<p style=\"text-align: justify;\"><span style=\"color: #0000ff;\">Se os servidores est\u00e3o recebendo reajustes e benef\u00edcios durante a crise econ\u00f4mica e pol\u00edtica, no setor privado a situa\u00e7\u00e3o \u00e9 bem diferente. Levantamento realizado pela consultoria de recrutamento gerencial Michael Page, oito em cada dez cargos analisados apresentaram remunera\u00e7\u00e3o est\u00e1vel ou em queda em 2016 em rela\u00e7\u00e3o ao mesmo estudo feito em 2015. 13 de 15 setores pesquisados pela consultoria est\u00e3o com remunera\u00e7\u00f5es est\u00e1veis ou em queda, ante estudo anterior.<\/span><\/p>\n<p style=\"text-align: justify;\"><span style=\"color: #0000ff;\">Ricardo Bergamini<\/span><\/p>\n<p style=\"text-align: justify;\"><span style=\"color: #0000ff;\">(48) 99636-7322<\/span><br \/>\n<span style=\"color: #0000ff;\">(48) 99976-6974<\/span><br \/>\n<span style=\"color: #0000ff;\"><a style=\"color: #0000ff;\" href=\"mailto:ricardobergamini@ricardobergamini.com.br\" target=\"_blank\" rel=\"noopener\">ricardobergamini@ricardobergamini.com.br<br \/>\n<\/a><a style=\"color: #0000ff;\" href=\"http:\/\/www.ricardobergamini.com.br\/\" target=\"_blank\" rel=\"noopener\" data-saferedirecturl=\"https:\/\/www.google.com\/url?hl=pt-PT&amp;q=http:\/\/www.ricardobergamini.com.br\/&amp;source=gmail&amp;ust=1516573086154000&amp;usg=AFQjCNF7MeXsR4UMmC4MnJMM_CLb6-s_uQ\">www.ricardobergamini.com.br<\/a><\/span><\/p>\n<p style=\"text-align: justify;\"><span style=\"color: #0000ff;\">\u00a0<\/span><\/p>\n","protected":false},"excerpt":{"rendered":"<p>Temer deu aumento a mais de 1 milh\u00e3o de servidores. Custo com reajustes do funcionalismo federal concedidos pela atual gest\u00e3o ser\u00e1 de R$ 64 bilh\u00f5es&#8230;<\/p>\n","protected":false},"author":22,"featured_media":2371,"comment_status":"open","ping_status":"open","sticky":false,"template":"","format":"standard","meta":[],"categories":[2],"tags":[],"_links":{"self":[{"href":"http:\/\/acaopolitica.com\/index.php\/wp-json\/wp\/v2\/posts\/2370"}],"collection":[{"href":"http:\/\/acaopolitica.com\/index.php\/wp-json\/wp\/v2\/posts"}],"about":[{"href":"http:\/\/acaopolitica.com\/index.php\/wp-json\/wp\/v2\/types\/post"}],"author":[{"embeddable":true,"href":"http:\/\/acaopolitica.com\/index.php\/wp-json\/wp\/v2\/users\/22"}],"replies":[{"embeddable":true,"href":"http:\/\/acaopolitica.com\/index.php\/wp-json\/wp\/v2\/comments?post=2370"}],"version-history":[{"count":1,"href":"http:\/\/acaopolitica.com\/index.php\/wp-json\/wp\/v2\/posts\/2370\/revisions"}],"predecessor-version":[{"id":2372,"href":"http:\/\/acaopolitica.com\/index.php\/wp-json\/wp\/v2\/posts\/2370\/revisions\/2372"}],"wp:featuredmedia":[{"embeddable":true,"href":"http:\/\/acaopolitica.com\/index.php\/wp-json\/wp\/v2\/media\/2371"}],"wp:attachment":[{"href":"http:\/\/acaopolitica.com\/index.php\/wp-json\/wp\/v2\/media?parent=2370"}],"wp:term":[{"taxonomy":"category","embeddable":true,"href":"http:\/\/acaopolitica.com\/index.php\/wp-json\/wp\/v2\/categories?post=2370"},{"taxonomy":"post_tag","embeddable":true,"href":"http:\/\/acaopolitica.com\/index.php\/wp-json\/wp\/v2\/tags?post=2370"}],"curies":[{"name":"wp","href":"https:\/\/api.w.org\/{rel}","templated":true}]}}