{"id":2380,"date":"2018-01-30T10:54:18","date_gmt":"2018-01-30T10:54:18","guid":{"rendered":"http:\/\/acaopolitica.com\/?p=2380"},"modified":"2018-01-30T10:54:18","modified_gmt":"2018-01-30T10:54:18","slug":"uniao-renegociou-dividas-de-r-4589-bilhoes-de-18-estados","status":"publish","type":"post","link":"http:\/\/acaopolitica.com\/index.php\/2018\/01\/30\/uniao-renegociou-dividas-de-r-4589-bilhoes-de-18-estados\/","title":{"rendered":"Uni\u00e3o renegociou d\u00edvidas de R$ 458,9 bilh\u00f5es de 18 estados"},"content":{"rendered":"<table width=\"613\">\n<tbody>\n<tr>\n<td width=\"398\"><strong><em>POR\u00a0<\/em><\/strong><a href=\"http:\/\/congressoemfoco.uol.com.br\/author\/agenciabrasil\/\" data-saferedirecturl=\"https:\/\/www.google.com\/url?hl=pt-PT&amp;q=http:\/\/congressoemfoco.uol.com.br\/author\/agenciabrasil\/&amp;source=gmail&amp;ust=1517395550120000&amp;usg=AFQjCNFmwfmAZUR3J2wAq9GxqF3qXZ0cCQ\"><strong><em>AG\u00caNCIA BRASIL<\/em><\/strong><\/a><strong><em>\u00a0|\u00a011\/01\/2018 12:47<br \/>\nCATEGORIA(S):\u00a0<\/em><\/strong><a href=\"http:\/\/congressoemfoco.uol.com.br\/category\/crise-brasileira-2\/\" data-saferedirecturl=\"https:\/\/www.google.com\/url?hl=pt-PT&amp;q=http:\/\/congressoemfoco.uol.com.br\/category\/crise-brasileira-2\/&amp;source=gmail&amp;ust=1517395550120000&amp;usg=AFQjCNEs3gf8-_vq5-N2-nHBDbLebCAoJw\"><strong><em>CRISE BRASILEIRA<\/em><\/strong><\/a><strong><em>,\u00a0<\/em><\/strong><a href=\"http:\/\/congressoemfoco.uol.com.br\/category\/economia-brasileira\/\" data-saferedirecturl=\"https:\/\/www.google.com\/url?hl=pt-PT&amp;q=http:\/\/congressoemfoco.uol.com.br\/category\/economia-brasileira\/&amp;source=gmail&amp;ust=1517395550120000&amp;usg=AFQjCNHQh7jsIkOZNTyWdL6yHObRyuPpvg\"><strong><em>ECONOMIA BRASILEIRA<\/em><\/strong><\/a><strong><em>,\u00a0<\/em><\/strong><a href=\"http:\/\/congressoemfoco.uol.com.br\/category\/noticias\/\" data-saferedirecturl=\"https:\/\/www.google.com\/url?hl=pt-PT&amp;q=http:\/\/congressoemfoco.uol.com.br\/category\/noticias\/&amp;source=gmail&amp;ust=1517395550121000&amp;usg=AFQjCNHr5DefAHuDTmZ7E7C8ku07OTFavA\"><strong><em>NOT\u00cdCIAS<\/em><\/strong><\/a><strong><em>,\u00a0<\/em><\/strong><a href=\"http:\/\/congressoemfoco.uol.com.br\/category\/noticias\/outros-destaques\/\" data-saferedirecturl=\"https:\/\/www.google.com\/url?hl=pt-PT&amp;q=http:\/\/congressoemfoco.uol.com.br\/category\/noticias\/outros-destaques\/&amp;source=gmail&amp;ust=1517395550121000&amp;usg=AFQjCNGTFMSdzy9yEFzlLCwpfht6hHnPYw\"><strong><em>OUTROS DESTAQUES<\/em><\/strong><\/a><\/p>\n<p><strong><em>\u00a0<\/em><\/strong><\/p>\n<p><strong><em>\u00a0<\/em><\/strong><\/p>\n<p><strong><em>\u00a0<\/em><\/strong><\/p>\n<p><strong><em>\u00a0<\/em><\/strong><\/td>\n<td><strong><em>\u00a0<\/em><\/strong><\/p>\n<p><strong><em>\u00a0<\/em><\/strong><\/td>\n<\/tr>\n<\/tbody>\n<\/table>\n<p><strong><em>Reprodu\u00e7\u00e3o<\/em><\/strong><\/p>\n<p><strong><em>Nas contas do Tesouro, isso dever\u00e1 resultar em uma redu\u00e7\u00e3o potencial no fluxo de pagamentos da d\u00edvida com a Uni\u00e3o de R$ 44,7 bilh\u00f5es<\/em><\/strong><\/p>\n<p><strong><em>O Tesouro Nacional divulgou nesta quinta-feira (11) balan\u00e7o informando que 18 estados solicitaram a renegocia\u00e7\u00e3o das d\u00edvidas com a Uni\u00e3o, no valor total de <a href=\"https:\/\/maps.google.com\/?q=R$+458,9&amp;entry=gmail&amp;source=g\">R$ 458,9<\/a> bilh\u00f5es. Os pedidos foram todos aprovados. Nas contas do Tesouro, isso dever\u00e1 resultar em uma redu\u00e7\u00e3o potencial no fluxo de pagamentos da d\u00edvida com a Uni\u00e3o de R$ 44,7 bilh\u00f5es de julho de 2016 a junho deste ano.<\/em><\/strong><\/p>\n<p><strong><em>Os estados que solicitaram a renegocia\u00e7\u00e3o foram Acre, Alagoas, Cear\u00e1, Esp\u00edrito Santo, Goi\u00e1s, Mato Grosso, Mato Grosso do Sul, Minas Gerais, Par\u00e1, Para\u00edba, Paran\u00e1, Pernambuco, Rio de Janeiro, Rio Grande do Sul, Rond\u00f4nia, Santa Catarina, S\u00e3o Paulo e Sergipe. Todos eles ter\u00e3o a d\u00edvida alongada em 240 meses.<\/em><\/strong><\/p>\n<p><strong><em>A renegocia\u00e7\u00e3o se d\u00e1 no \u00e2mbito da Lei Complementar n\u00ba 156\/2016, resultado do Acordo Federativo celebrado entre a Uni\u00e3o e os estados em 20 de junho de 2016.<\/em><\/strong><\/p>\n<p><strong><em>Al\u00e9m do alongamento de d\u00edvidas com a Uni\u00e3o referentes a duas leis anteriores (9.496\/97 e 8.727\/93), a nova lei complementar prev\u00ea a renegocia\u00e7\u00e3o de linhas de cr\u00e9dito com recursos do Banco Nacional do Desenvolvimento (BNDES) e a ades\u00e3o ao Novo Programa de Apoio \u00e0 Reestrutura\u00e7\u00e3o e ao Ajuste fiscal dos Estados (PAF). O prazo legal para o alongamento das d\u00edvidas com a Uni\u00e3o e de linhas de cr\u00e9dito com recursos do BNDES terminou em 23 de dezembro.<\/em><\/strong><\/p>\n<p><strong><em>No \u00e2mbito da Lei 9.496\/97, em contrapartida ao alongamento da d\u00edvida com a Uni\u00e3o, a lei complementar previu que os estados institu\u00edssem um teto para as despesas prim\u00e1rias correntes por dois anos. Segundo o Tesouro, todos os 18 que solicitaram a renegocia\u00e7\u00e3o, num valor total de <a href=\"https:\/\/maps.google.com\/?q=R$+458,9&amp;entry=gmail&amp;source=g\">R$ 458,9<\/a> bilh\u00f5es, publicaram lei de teto de gastos. J\u00e1 no \u00e2mbito da Lei 8.727\/93, apenas Goi\u00e1s solicitou o alongamento de sua d\u00edvida de R$ 4,9 bilh\u00f5es.<\/em><\/strong><\/p>\n<p><strong><em>Em rela\u00e7\u00e3o ao alongamento das d\u00edvidas com o BNDES, tamb\u00e9m 18 estados fizeram o pedido, somando 88 contratos no valor de R$ 14,9 bilh\u00f5es. Os estados foram Acre, Alagoas, Amap\u00e1, Bahia, Cear\u00e1, Esp\u00edrito Santo, Maranh\u00e3o, Mato Grosso, Mato Grosso do Sul, Minas Gerais, Para\u00edba, Paran\u00e1, Pernambuco, Piau\u00ed, Rio Grande do Sul, Santa Catarina, S\u00e3o Paulo e Sergipe.<\/em><\/strong><\/p>\n<p><strong><em>Ainda segundo o Tesouro, apenas o Distrito Federal, Amazonas e Roraima n\u00e3o aderiram ao Novo PAF, programa que busca promover a transpar\u00eancia por meio da converg\u00eancia dos compromissos e metas para os padr\u00f5es da Lei de Responsabilidade Fiscal (LRF).<\/em><\/strong><\/p>\n<p><strong><em>&lt;&lt;\u00a0\u00a0<\/em><\/strong><a href=\"http:\/\/congressoemfoco.uol.com.br\/noticias\/senadores-aprovam-projeto-que-facilita-renegociacao-de-dividas-por-entes-federados\/\" data-saferedirecturl=\"https:\/\/www.google.com\/url?hl=pt-PT&amp;q=http:\/\/congressoemfoco.uol.com.br\/noticias\/senadores-aprovam-projeto-que-facilita-renegociacao-de-dividas-por-entes-federados\/&amp;source=gmail&amp;ust=1517395550121000&amp;usg=AFQjCNH2kSu8Cpv3wi8UCpm9uqrIEB-G9g\"><strong><em>Senadores aprovam projeto que facilita renegocia\u00e7\u00e3o de d\u00edvidas por entes federados<\/em><\/strong><\/a><\/p>\n<p><strong><em>&lt;&lt;\u00a0<\/em><\/strong><a href=\"http:\/\/congressoemfoco.uol.com.br\/category\/economia-brasileira\/\" data-saferedirecturl=\"https:\/\/www.google.com\/url?hl=pt-PT&amp;q=http:\/\/congressoemfoco.uol.com.br\/category\/economia-brasileira\/&amp;source=gmail&amp;ust=1517395550121000&amp;usg=AFQjCNFOZ_v3opfzFXXz0fqnnsxKfzK7dg\"><strong><em>Mais sobre economia brasileira<\/em><\/strong><\/a><\/p>\n<p><strong><em>Ricardo Bergamini<\/em><\/strong><\/p>\n<p><strong><em>(48) 99636-7322<br \/>\n<\/em><\/strong><strong><em>(48) 99976-6974<br \/>\n<\/em><\/strong><a href=\"mailto:ricardobergamini@ricardobergamini.com.br\" target=\"_blank\" rel=\"noopener\"><strong><em>ricardobergamini@ricardobergamini.com.br<br \/>\n<\/em><\/strong><\/a><a href=\"http:\/\/www.ricardobergamini.com.br\/\" target=\"_blank\" rel=\"noopener\" data-saferedirecturl=\"https:\/\/www.google.com\/url?hl=pt-PT&amp;q=http:\/\/www.ricardobergamini.com.br\/&amp;source=gmail&amp;ust=1517395550121000&amp;usg=AFQjCNH9a_642FiRHz5ipGuXJpaP3jUI9g\"><strong><em>www.ricardobergamini.com.br<\/em><\/strong><\/a><\/p>\n","protected":false},"excerpt":{"rendered":"<p>POR\u00a0AG\u00caNCIA BRASIL\u00a0|\u00a011\/01\/2018 12:47 CATEGORIA(S):\u00a0CRISE BRASILEIRA,\u00a0ECONOMIA BRASILEIRA,\u00a0NOT\u00cdCIAS,\u00a0OUTROS DESTAQUES \u00a0 \u00a0 \u00a0 \u00a0 \u00a0 \u00a0 Reprodu\u00e7\u00e3o Nas contas do Tesouro, isso dever\u00e1 resultar em uma redu\u00e7\u00e3o potencial&#8230;<\/p>\n","protected":false},"author":22,"featured_media":2302,"comment_status":"open","ping_status":"open","sticky":false,"template":"","format":"standard","meta":[],"categories":[10],"tags":[],"_links":{"self":[{"href":"http:\/\/acaopolitica.com\/index.php\/wp-json\/wp\/v2\/posts\/2380"}],"collection":[{"href":"http:\/\/acaopolitica.com\/index.php\/wp-json\/wp\/v2\/posts"}],"about":[{"href":"http:\/\/acaopolitica.com\/index.php\/wp-json\/wp\/v2\/types\/post"}],"author":[{"embeddable":true,"href":"http:\/\/acaopolitica.com\/index.php\/wp-json\/wp\/v2\/users\/22"}],"replies":[{"embeddable":true,"href":"http:\/\/acaopolitica.com\/index.php\/wp-json\/wp\/v2\/comments?post=2380"}],"version-history":[{"count":1,"href":"http:\/\/acaopolitica.com\/index.php\/wp-json\/wp\/v2\/posts\/2380\/revisions"}],"predecessor-version":[{"id":2381,"href":"http:\/\/acaopolitica.com\/index.php\/wp-json\/wp\/v2\/posts\/2380\/revisions\/2381"}],"wp:featuredmedia":[{"embeddable":true,"href":"http:\/\/acaopolitica.com\/index.php\/wp-json\/wp\/v2\/media\/2302"}],"wp:attachment":[{"href":"http:\/\/acaopolitica.com\/index.php\/wp-json\/wp\/v2\/media?parent=2380"}],"wp:term":[{"taxonomy":"category","embeddable":true,"href":"http:\/\/acaopolitica.com\/index.php\/wp-json\/wp\/v2\/categories?post=2380"},{"taxonomy":"post_tag","embeddable":true,"href":"http:\/\/acaopolitica.com\/index.php\/wp-json\/wp\/v2\/tags?post=2380"}],"curies":[{"name":"wp","href":"https:\/\/api.w.org\/{rel}","templated":true}]}}