{"id":2389,"date":"2018-02-22T19:11:55","date_gmt":"2018-02-22T19:11:55","guid":{"rendered":"http:\/\/acaopolitica.com\/?p=2389"},"modified":"2018-02-26T00:35:12","modified_gmt":"2018-02-26T00:35:12","slug":"calendario-de-apresentacoes-do-ivl-bdb-2-2","status":"publish","type":"post","link":"http:\/\/acaopolitica.com\/index.php\/2018\/02\/22\/calendario-de-apresentacoes-do-ivl-bdb-2-2\/","title":{"rendered":"Calend\u00e1rio de reuni\u00f5es abertas &#8211; IVL + BdB"},"content":{"rendered":"<h1>Calend\u00e1rio de reuni\u00f5es abertas &#8211; IVL + BdB<\/h1>\n<p style=\"text-align: justify;\">Para todos aqueles que querem saber por onde come\u00e7ar para causar algum impacto positivo na sociedade.<\/p>\n<p style=\"text-align: justify;\">Para todos aqueles que j\u00e1 realizam alguma iniciativa \u00fatil e precisam de apoio.<\/p>\n<p style=\"text-align: justify;\">Para todos aqueles que querem entender melhor o trabalho do IVL e do BdB, integrar as equipes e participar dos projetos.<\/p>\n<p>Programa\u00e7\u00e3o dos eventos de apresenta\u00e7\u00e3o das entidades:<\/p>\n<ul>\n<li><a href=\"https:\/\/www.facebook.com\/institutoverdadeeliberdade\" target=\"_blank\" rel=\"noopener\">IVL &#8211; Instituto Verdade e Liberdade<\/a><\/li>\n<li><a href=\"https:\/\/www.facebook.com\/Brasileiros-de-Bem-484576801877285\/\" target=\"_blank\" rel=\"noopener\">BdB &#8211; Brasileiros de Bem<\/a><\/li>\n<\/ul>\n<p>O conte\u00fado das apresenta\u00e7\u00f5es ser\u00e1 o seguinte:<\/p>\n<ul>\n<li>Apresenta\u00e7\u00e3o das entidades para novos visitantes<\/li>\n<li>Apresenta\u00e7\u00e3o de projetos em andamento<\/li>\n<li>Aprecia\u00e7\u00e3o de novas ideias<\/li>\n<li>Coordena\u00e7\u00e3o de grupos de trabalho para os projetos em andamento<\/li>\n<li>Apresenta\u00e7\u00e3o tem\u00e1tica de assunto variado a cada edi\u00e7\u00e3o da reuni\u00e3o<\/li>\n<\/ul>\n<p><strong>CALEND\u00c1RIO<\/strong><\/p>\n<p style=\"text-align: justify;\">Todos os eventos come\u00e7am \u00e0s 19:30h e terminam \u00e0s 21:30h.<\/p>\n<p style=\"text-align: justify;\">Chegando ap\u00f3s o hor\u00e1rio ter\u00e1 que contatar o organizador ou algu\u00e9m da equipe presente via telefone ou Whats App, devido a porta que d\u00e1 acesso ao pr\u00e9dio ser trancada<\/p>\n<p style=\"text-align: justify;\">Lista de eventos abaixo:<\/p>\n<p><strong>28 fev 2018<\/strong><br \/>\n19:00 \u2013 22:00<br \/>\nReuni\u00e3o aberta &#8211; IVL + BdB<br \/>\nRua Alberto Stein, 396. 2\u00ba Andar.<br \/>\nTema principal: Mobilidade Urbana<br \/>\nGrupo no Whats App: <a href=\"https:\/\/chat.whatsapp.com\/LGHZgCclh0HE6MaOlpO6Y9\" target=\"_blank\" rel=\"noopener\">https:\/\/chat.whatsapp.com\/LGHZgCclh0HE6MaOlpO6Y9<\/a><br \/>\nEvento no Facebook: <a href=\"https:\/\/www.facebook.com\/events\/127356174759010\" target=\"_blank\" rel=\"noopener\">https:\/\/www.facebook.com\/events\/127356174759010<\/a><\/p>\n<p><strong>14 mar 2018<\/strong><br \/>\n19:00 \u2013 22:00<br \/>\nReuni\u00e3o aberta &#8211; IVL + BdB<br \/>\nRua Alberto Stein, 396. 2\u00ba Andar.<br \/>\nTema principal: a definir<br \/>\nEvento no Facebook: <a href=\"https:\/\/www.facebook.com\/events\/230455380862300\" target=\"_blank\" rel=\"noopener\">https:\/\/www.facebook.com\/events\/230455380862300<\/a><\/p>\n<p><strong>28 mar 2018<\/strong><br \/>\n19:00 \u2013 22:00<br \/>\nReuni\u00e3o aberta &#8211; IVL + BdB<br \/>\nRua Alberto Stein, 396. 2\u00ba Andar.<br \/>\nTema principal: a definir<br \/>\nEvento no Facebook: <a href=\"https:\/\/www.facebook.com\/events\/2145014769059594\" target=\"_blank\" rel=\"noopener\">https:\/\/www.facebook.com\/events\/2145014769059594<\/a><\/p>\n<p><strong>11 abr 2018<\/strong><br \/>\n19:00 \u2013 22:00<br \/>\nReuni\u00e3o aberta &#8211; IVL + BdB<br \/>\nRua Alberto Stein, 396. 2\u00ba Andar.<br \/>\nTema principal: a definir<br \/>\nEvento no Facebook: <a href=\"https:\/\/www.facebook.com\/events\/129957431031398\/\" target=\"_blank\" rel=\"noopener\">https:\/\/www.facebook.com\/events\/129957431031398\/<\/a><\/p>\n<p><strong>25 abr 2018<\/strong><br \/>\n19:00 \u2013 22:00<br \/>\nReuni\u00e3o aberta &#8211; IVL + BdB<br \/>\nRua Alberto Stein, 396. 2\u00ba Andar.<br \/>\nTema principal: a definir<br \/>\nEvento no Facebook: <a href=\"https:\/\/www.facebook.com\/events\/1997556993842260\/\" target=\"_blank\" rel=\"noopener\">https:\/\/www.facebook.com\/events\/1997556993842260\/<\/a><\/p>\n<p><strong>9 mai 2018<\/strong><br \/>\n19:00 \u2013 22:00<br \/>\nReuni\u00e3o aberta &#8211; IVL + BdB<br \/>\nRua Alberto Stein, 396. 2\u00ba Andar.<br \/>\nTema principal: a definir<br \/>\nEvento no Facebook: <a href=\"https:\/\/www.facebook.com\/events\/179876339295757\/\" target=\"_blank\" rel=\"noopener\">https:\/\/www.facebook.com\/events\/179876339295757\/<\/a><\/p>\n<p><strong>23 mai 2018<\/strong><br \/>\n19:00 \u2013 22:00<br \/>\nReuni\u00e3o aberta &#8211; IVL + BdB<br \/>\nRua Alberto Stein, 396. 2\u00ba Andar.<br \/>\nTema principal: a definir<br \/>\nEvento no Facebook: <a href=\"https:\/\/www.facebook.com\/events\/345231395972898\/\" target=\"_blank\" rel=\"noopener\">https:\/\/www.facebook.com\/events\/345231395972898\/<\/a><\/p>\n<p><strong>6 jun 2018<\/strong><br \/>\n19:00 \u2013 22:00<br \/>\nReuni\u00e3o aberta &#8211; IVL + BdB<br \/>\nRua Alberto Stein, 396. 2\u00ba Andar.<br \/>\nTema principal: a definir<br \/>\nEvento no Facebook: <a href=\"https:\/\/www.facebook.com\/events\/570241909994645\/\" target=\"_blank\" rel=\"noopener\">https:\/\/www.facebook.com\/events\/570241909994645\/<\/a><\/p>\n<p><strong>20 jun 2018<\/strong><br \/>\n19:00 \u2013 22:00<br \/>\nReuni\u00e3o aberta &#8211; IVL + BdB<br \/>\nRua Alberto Stein, 396. 2\u00ba Andar.<br \/>\nTema principal: a definir<br \/>\nEvento no Facebook: <a href=\"https:\/\/www.facebook.com\/events\/1198083153656067\" target=\"_blank\" rel=\"noopener\">https:\/\/www.facebook.com\/events\/1198083153656067<\/a><\/p>\n<p>4 jul 2018<br \/>\n19:00 \u2013 22:00<br \/>\nReuni\u00e3o aberta &#8211; IVL + BdB<br \/>\nRua Alberto Stein, 396. 2\u00ba Andar.<br \/>\nTema principal: a definir<\/p>\n<p>18 jul 2018<br \/>\n19:00 \u2013 22:00<br \/>\nReuni\u00e3o aberta &#8211; IVL + BdB<br \/>\nRua Alberto Stein, 396. 2\u00ba Andar.<br \/>\nTema principal: a definir<\/p>\n<p>1 ago 2018<br \/>\n19:00 \u2013 22:00<br \/>\nReuni\u00e3o aberta &#8211; IVL + BdB<br \/>\nRua Alberto Stein, 396. 2\u00ba Andar.<br \/>\nTema principal: a definir<\/p>\n<p>15 ago 2018<br \/>\n19:00 \u2013 22:00<br \/>\nReuni\u00e3o aberta &#8211; IVL + BdB<br \/>\nRua Alberto Stein, 396. 2\u00ba Andar.<br \/>\nTema principal: a definir<\/p>\n<p>29 ago 2018<br \/>\n19:00 \u2013 22:00<br \/>\nReuni\u00e3o aberta &#8211; IVL + BdB<br \/>\nRua Alberto Stein, 396. 2\u00ba Andar.<br \/>\nTema principal: a definir<\/p>\n<p>12 set 2018<br \/>\n19:00 \u2013 22:00<br \/>\nReuni\u00e3o aberta &#8211; IVL + BdB<br \/>\nRua Alberto Stein, 396. 2\u00ba Andar.<br \/>\nTema principal: a definir<\/p>\n<p>26 set 2018<br \/>\n19:00 \u2013 22:00<br \/>\nReuni\u00e3o aberta &#8211; IVL + BdB<br \/>\nRua Alberto Stein, 396. 2\u00ba Andar.<br \/>\nTema principal: a definir<\/p>\n<p>10 out 2018<br \/>\n19:00 \u2013 22:00<br \/>\nReuni\u00e3o aberta &#8211; IVL + BdB<br \/>\nRua Alberto Stein, 396. 2\u00ba Andar.<br \/>\nTema principal: a definir<\/p>\n<p>24 out 2018<br \/>\n19:00 \u2013 22:00<br \/>\nReuni\u00e3o aberta &#8211; IVL + BdB<br \/>\nRua Alberto Stein, 396. 2\u00ba Andar.<br \/>\nTema principal: a definir<\/p>\n<p>7 nov 2018<br \/>\n19:00 \u2013 22:00<br \/>\nReuni\u00e3o aberta &#8211; IVL + BdB<br \/>\nRua Alberto Stein, 396. 2\u00ba Andar.<br \/>\nTema principal: a definir<\/p>\n<p>21 nov 2018<br \/>\n19:00 \u2013 22:00<br \/>\nReuni\u00e3o aberta &#8211; IVL + BdB<br \/>\nRua Alberto Stein, 396. 2\u00ba Andar.<br \/>\nTema principal: a definir<\/p>\n<p>5 dez 2018<br \/>\n19:00 \u2013 22:00<br \/>\nReuni\u00e3o aberta &#8211; IVL + BdB<br \/>\nRua Alberto Stein, 396. 2\u00ba Andar.<\/p>\n","protected":false},"excerpt":{"rendered":"<p>Calend\u00e1rio de reuni\u00f5es abertas &#8211; IVL + BdB Para todos aqueles que querem saber por onde come\u00e7ar para causar algum impacto positivo na sociedade. Para&#8230;<\/p>\n","protected":false},"author":1,"featured_media":2391,"comment_status":"open","ping_status":"open","sticky":false,"template":"","format":"standard","meta":[],"categories":[11],"tags":[],"_links":{"self":[{"href":"http:\/\/acaopolitica.com\/index.php\/wp-json\/wp\/v2\/posts\/2389"}],"collection":[{"href":"http:\/\/acaopolitica.com\/index.php\/wp-json\/wp\/v2\/posts"}],"about":[{"href":"http:\/\/acaopolitica.com\/index.php\/wp-json\/wp\/v2\/types\/post"}],"author":[{"embeddable":true,"href":"http:\/\/acaopolitica.com\/index.php\/wp-json\/wp\/v2\/users\/1"}],"replies":[{"embeddable":true,"href":"http:\/\/acaopolitica.com\/index.php\/wp-json\/wp\/v2\/comments?post=2389"}],"version-history":[{"count":7,"href":"http:\/\/acaopolitica.com\/index.php\/wp-json\/wp\/v2\/posts\/2389\/revisions"}],"predecessor-version":[{"id":2400,"href":"http:\/\/acaopolitica.com\/index.php\/wp-json\/wp\/v2\/posts\/2389\/revisions\/2400"}],"wp:featuredmedia":[{"embeddable":true,"href":"http:\/\/acaopolitica.com\/index.php\/wp-json\/wp\/v2\/media\/2391"}],"wp:attachment":[{"href":"http:\/\/acaopolitica.com\/index.php\/wp-json\/wp\/v2\/media?parent=2389"}],"wp:term":[{"taxonomy":"category","embeddable":true,"href":"http:\/\/acaopolitica.com\/index.php\/wp-json\/wp\/v2\/categories?post=2389"},{"taxonomy":"post_tag","embeddable":true,"href":"http:\/\/acaopolitica.com\/index.php\/wp-json\/wp\/v2\/tags?post=2389"}],"curies":[{"name":"wp","href":"https:\/\/api.w.org\/{rel}","templated":true}]}}