{"id":2402,"date":"2018-03-01T05:39:13","date_gmt":"2018-03-01T05:39:13","guid":{"rendered":"http:\/\/acaopolitica.com\/?p=2402"},"modified":"2018-03-01T05:39:13","modified_gmt":"2018-03-01T05:39:13","slug":"reuniao-aberta-ivl-bdb-focada-em-mobilidade-urbana-28-02-2018","status":"publish","type":"post","link":"http:\/\/acaopolitica.com\/index.php\/2018\/03\/01\/reuniao-aberta-ivl-bdb-focada-em-mobilidade-urbana-28-02-2018\/","title":{"rendered":"Reuni\u00e3o aberta IVL + BdB &#8211; Focada em Mobilidade Urbana &#8211; 28-02-2018"},"content":{"rendered":"<p style=\"text-align: justify;\">Nesta quarta-feira, dia 28\/02\/2018, aconteceu a primeira reuni\u00e3o aberta conjunta do <a href=\"https:\/\/www.facebook.com\/institutoverdadeeliberdade\/\" target=\"_blank\" rel=\"noopener\">IVL &#8211; Instituto Verdade e Liberdade<\/a> e <a href=\"https:\/\/www.facebook.com\/brasileirosdebem\/\" target=\"_blank\" rel=\"noopener\">BdB &#8211; Brasileiros de Bem<\/a> para este calend\u00e1rio. Ocorrida na nova sala de reuni\u00e3o conjunta do IVL e BdB que fica na Rua Alberto Stein, 396, segundo andar, Blumenau\/SC.<\/p>\n<p style=\"text-align: justify;\">Esta reuni\u00e3o foi direcionada ao grupo de trabalho <strong>IVL &#8211; Mobilidade Urbana<\/strong> que visa discutir propostas para incrementar a mobilidade urbana em Blumenau\/SC que ap\u00f3s implantadas possam ser replicadas em outras cidades e estados.<\/p>\n<p style=\"text-align: justify;\">O foco das discuss\u00f5es girou em torno da apresenta\u00e7\u00e3o do n\u00edvel atual das pesquisas do Sr. Julio C. Schvambach (via confer\u00eancia eletr\u00f4nica). A import\u00e2ncia de certas obras como an\u00e9is vi\u00e1rios e liga\u00e7\u00e3o Velha-Garcia. E tamb\u00e9m as poss\u00edveis formas de integra\u00e7\u00e3o de novas tecnologias\u00a0 &#8211; como aplicativos UBER e assemelhados &#8211; com as pol\u00edticas p\u00fablicas de transporte. Este \u00faltimo sendo o foco do trabalho do Sr. Julio.<\/p>\n<p style=\"text-align: justify;\">Contamos tamb\u00e9m com a ilustre presen\u00e7a do Pastor Leonardo Alu\u00edsio &#8211;\u00a0 Presidente e Pastor da <a href=\"https:\/\/www.google.com.br\/maps\/dir\/''\/Igreja+Evangelica+Koinonia\/data=!4m5!4m4!1m0!1m2!1m1!1s0x94df1ee0a1a5e0e1:0xe64eb620e15e784d?sa=X&amp;ved=0ahUKEwjPo4acscrZAhXJt1MKHTOvA5sQ9RcIhgEwCw\" target=\"_blank\" rel=\"noopener\">Igreja Evangelica Koinonia<\/a> e Presidente da <a href=\"https:\/\/www.facebook.com\/Omeblu\/\" target=\"_blank\" rel=\"noopener\">OMEBlu Ordem dos Ministros Evangelicos de Blumenau<\/a>.<\/p>\n<p>Participe do grupo de trabalho IVL &#8211; Mobilidade Urbana pelo Whats App utlizando o link de convite abaixo:<\/p>\n<p><a href=\"https:\/\/chat.whatsapp.com\/LGHZgCclh0HE6MaOlpO6Y9\" target=\"_blank\" rel=\"noopener\">https:\/\/chat.whatsapp.com\/LGHZgCclh0HE6MaOlpO6Y9<\/a><\/p>\n<p>Participe de nossas pr\u00f3ximas reuni\u00f5es acompanhando nosso calend\u00e1rio de eventos:<\/p>\n<p><a href=\"https:\/\/www.facebook.com\/pg\/institutoverdadeeliberdade\/events\/\" target=\"_blank\" rel=\"noopener\">https:\/\/www.facebook.com\/pg\/institutoverdadeeliberdade\/events\/<\/a><\/p>\n<blockquote class=\"wp-embedded-content\" data-secret=\"TnMshWCi0Z\"><p><a href=\"http:\/\/acaopolitica.com\/index.php\/2018\/02\/22\/calendario-de-apresentacoes-do-ivl-bdb-2-2\/\">Calend\u00e1rio de reuni\u00f5es abertas &#8211; IVL + BdB<\/a><\/p><\/blockquote>\n<p><iframe class=\"wp-embedded-content\" sandbox=\"allow-scripts\" security=\"restricted\" style=\"position: absolute; clip: rect(1px, 1px, 1px, 1px);\" title=\"&#8220;Calend\u00e1rio de reuni\u00f5es abertas &#8211; IVL + BdB&#8221; &#8212; A&ccedil;&atilde;o Pol&iacute;tica\" src=\"http:\/\/acaopolitica.com\/index.php\/2018\/02\/22\/calendario-de-apresentacoes-do-ivl-bdb-2-2\/embed\/#?secret=EqpI7blJhh#?secret=TnMshWCi0Z\" data-secret=\"TnMshWCi0Z\" width=\"500\" height=\"282\" frameborder=\"0\" marginwidth=\"0\" marginheight=\"0\" scrolling=\"no\"><\/iframe><\/p>\n<p style=\"text-align: justify;\">\n","protected":false},"excerpt":{"rendered":"<p>Nesta quarta-feira, dia 28\/02\/2018, aconteceu a primeira reuni\u00e3o aberta conjunta do IVL &#8211; Instituto Verdade e Liberdade e BdB &#8211; Brasileiros de Bem para este&#8230;<\/p>\n","protected":false},"author":1,"featured_media":2403,"comment_status":"open","ping_status":"open","sticky":false,"template":"","format":"standard","meta":[],"categories":[11],"tags":[],"_links":{"self":[{"href":"http:\/\/acaopolitica.com\/index.php\/wp-json\/wp\/v2\/posts\/2402"}],"collection":[{"href":"http:\/\/acaopolitica.com\/index.php\/wp-json\/wp\/v2\/posts"}],"about":[{"href":"http:\/\/acaopolitica.com\/index.php\/wp-json\/wp\/v2\/types\/post"}],"author":[{"embeddable":true,"href":"http:\/\/acaopolitica.com\/index.php\/wp-json\/wp\/v2\/users\/1"}],"replies":[{"embeddable":true,"href":"http:\/\/acaopolitica.com\/index.php\/wp-json\/wp\/v2\/comments?post=2402"}],"version-history":[{"count":1,"href":"http:\/\/acaopolitica.com\/index.php\/wp-json\/wp\/v2\/posts\/2402\/revisions"}],"predecessor-version":[{"id":2404,"href":"http:\/\/acaopolitica.com\/index.php\/wp-json\/wp\/v2\/posts\/2402\/revisions\/2404"}],"wp:featuredmedia":[{"embeddable":true,"href":"http:\/\/acaopolitica.com\/index.php\/wp-json\/wp\/v2\/media\/2403"}],"wp:attachment":[{"href":"http:\/\/acaopolitica.com\/index.php\/wp-json\/wp\/v2\/media?parent=2402"}],"wp:term":[{"taxonomy":"category","embeddable":true,"href":"http:\/\/acaopolitica.com\/index.php\/wp-json\/wp\/v2\/categories?post=2402"},{"taxonomy":"post_tag","embeddable":true,"href":"http:\/\/acaopolitica.com\/index.php\/wp-json\/wp\/v2\/tags?post=2402"}],"curies":[{"name":"wp","href":"https:\/\/api.w.org\/{rel}","templated":true}]}}