{"id":2410,"date":"2018-03-16T20:55:30","date_gmt":"2018-03-16T20:55:30","guid":{"rendered":"http:\/\/acaopolitica.com\/?p=2410"},"modified":"2018-03-16T20:55:30","modified_gmt":"2018-03-16T20:55:30","slug":"no-setor-publico-nao-ha-recessao-nem-crise","status":"publish","type":"post","link":"http:\/\/acaopolitica.com\/index.php\/2018\/03\/16\/no-setor-publico-nao-ha-recessao-nem-crise\/","title":{"rendered":"No setor p\u00fablico n\u00e3o h\u00e1 recess\u00e3o nem crise"},"content":{"rendered":"<h3 style=\"text-align: justify;\"><span style=\"color: #0000ff;\">Servidores Federais da Uni\u00e3o (Ativos, Aposentados e Pensionistas) \u2013 Fonte MP<\/span><\/h3>\n<p style=\"text-align: center;\"><span style=\"color: #ff0000;\">Base: Ano de 2017<\/span><\/p>\n<p style=\"text-align: justify;\"><span style=\"color: #0000ff;\">*Varia\u00e7\u00e3o: Dezembro de 2010 em rela\u00e7\u00e3o a Dezembro de 2002<\/span><\/p>\n<p style=\"text-align: justify;\"><span style=\"color: #0000ff;\">**Varia\u00e7\u00e3o: Dezembro de 2017 em rela\u00e7\u00e3o a Dezembro de 2010<\/span><\/p>\n<table>\n<tbody>\n<tr>\n<td><span style=\"color: #0000ff;\">Poder<\/span><\/td>\n<td><span style=\"color: #0000ff;\">Dezembro\/02<\/span><\/td>\n<td><span style=\"color: #0000ff;\">Dezembro\/10<\/span><\/td>\n<td><span style=\"color: #0000ff;\">*Varia\u00e7\u00e3o<\/span><\/td>\n<td><span style=\"color: #0000ff;\">Dezembro\/17<\/span><\/td>\n<td><span style=\"color: #0000ff;\">**Varia\u00e7\u00e3o<\/span><\/td>\n<\/tr>\n<tr>\n<td>\n<h4><span style=\"color: #0000ff;\">Executivo Civil<\/span><\/h4>\n<\/td>\n<td><span style=\"color: #0000ff;\">1.131.842<\/span><\/td>\n<td><span style=\"color: #0000ff;\">1.248.375<\/span><\/td>\n<td><span style=\"color: #0000ff;\">116.533<\/span><\/td>\n<td><span style=\"color: #0000ff;\">1.346.699<\/span><\/td>\n<td><span style=\"color: #0000ff;\">98.324<\/span><\/td>\n<\/tr>\n<tr>\n<td><span style=\"color: #0000ff;\">Executivo Militar<\/span><\/td>\n<td><span style=\"color: #0000ff;\">583.077<\/span><\/td>\n<td><span style=\"color: #0000ff;\">625.658<\/span><\/td>\n<td><span style=\"color: #0000ff;\">42.581<\/span><\/td>\n<td><span style=\"color: #0000ff;\">663.032<\/span><\/td>\n<td><span style=\"color: #0000ff;\">37.374<\/span><\/td>\n<\/tr>\n<tr>\n<td><span style=\"color: #0000ff;\">MPU<\/span><\/td>\n<td><span style=\"color: #0000ff;\">7.391<\/span><\/td>\n<td><span style=\"color: #0000ff;\">10.487<\/span><\/td>\n<td><span style=\"color: #0000ff;\">3.096<\/span><\/td>\n<td><span style=\"color: #0000ff;\">20.508<\/span><\/td>\n<td><span style=\"color: #0000ff;\">10.021<\/span><\/td>\n<\/tr>\n<tr>\n<td><span style=\"color: #0000ff;\">Judici\u00e1rio<\/span><\/td>\n<td><span style=\"color: #0000ff;\">102.809<\/span><\/td>\n<td><span style=\"color: #0000ff;\">141.943<\/span><\/td>\n<td><span style=\"color: #0000ff;\">39.134<\/span><\/td>\n<td><span style=\"color: #0000ff;\">141.340<\/span><\/td>\n<td><span style=\"color: #0000ff;\">(603)<\/span><\/td>\n<\/tr>\n<tr>\n<td><span style=\"color: #0000ff;\">Legislativo<\/span><\/td>\n<td><span style=\"color: #0000ff;\">30.847<\/span><\/td>\n<td><span style=\"color: #0000ff;\">35.018<\/span><\/td>\n<td><span style=\"color: #0000ff;\">4.171<\/span><\/td>\n<td><span style=\"color: #0000ff;\">35.533<\/span><\/td>\n<td><span style=\"color: #0000ff;\">515<\/span><\/td>\n<\/tr>\n<tr>\n<td><span style=\"color: #0000ff;\">*FCDF<\/span><\/td>\n<td><span style=\"color: #0000ff;\">180.808<\/span><\/td>\n<td><span style=\"color: #0000ff;\">146.688<\/span><\/td>\n<td><span style=\"color: #0000ff;\">(34.120)<\/span><\/td>\n<td><span style=\"color: #0000ff;\">143.082<\/span><\/td>\n<td><span style=\"color: #0000ff;\">(3.606)<\/span><\/td>\n<\/tr>\n<tr>\n<td><span style=\"color: #ff0000;\">Total<\/span><\/td>\n<td><span style=\"color: #ff0000;\">2.036.774<\/span><\/td>\n<td><span style=\"color: #ff0000;\">2.208.169<\/span><\/td>\n<td><span style=\"color: #ff0000;\">171.395<\/span><\/td>\n<td><span style=\"color: #ff0000;\">2.350.194<\/span><\/td>\n<td><span style=\"color: #ff0000;\">142.025<\/span><\/td>\n<\/tr>\n<\/tbody>\n<\/table>\n<p style=\"text-align: justify;\"><span style=\"color: #0000ff;\">*FCDF \u2013 Fundo Constitucional do Distrito Federal.<\/span><\/p>\n<p style=\"text-align: justify;\"><span style=\"color: #0000ff;\">No governo Lula (2003\/2010), comparando com dezembro de 2002, houve aumento do efetivo da Uni\u00e3o da ordem de 171.395 servidores: Legislativo aumento de 4.171; Judici\u00e1rio aumento de 39.134; Executivo Militar aumento de 42.581; Executivo Civil aumento de 116.533; MPU (Minist\u00e9rio P\u00fablico da Uni\u00e3o) aumento de 3.096 e FCDF redu\u00e7\u00e3o de (34.120). <\/span><\/p>\n<p style=\"text-align: justify;\"><span style=\"color: #0000ff;\">No governo Dilma\/Temer (2011\/2017), comparado com dezembro de 2010, houve aumento do efetivo da Uni\u00e3o da ordem de 142.025 servidores: Legislativo aumento de 515 Judici\u00e1rio redu\u00e7\u00e3o (603); Executivo Militar aumento de 37.374; Executivo Civil aumento de 98.324; MPU (Minist\u00e9rio P\u00fablico da Uni\u00e3o) aumento de 10.021 e FCDF redu\u00e7\u00e3o de (3.606).<\/span><\/p>\n<p style=\"text-align: justify;\"><span style=\"color: #0000ff;\">No per\u00edodo dos governos Lula e Dilma\/Temer (2003\/2017) houve um crescimento de pessoal na Uni\u00e3o (Executivo, Legislativo e Judici\u00e1rio) de 313.420 servidores.<\/span><\/p>\n<p style=\"text-align: justify;\"><span style=\"color: #ff0000;\">*FCDF \u2013 Gastos de pessoal com sa\u00fade, educa\u00e7\u00e3o e seguran\u00e7a do Distrito Federal s\u00e3o de responsabilidade da Uni\u00e3o.<\/span><\/p>\n<p style=\"text-align: center;\"><span style=\"color: #ff0000;\">Arquivos oficiais do governo est\u00e3o dispon\u00edveis aos leitores.<\/span><\/p>\n<p style=\"text-align: justify;\"><span style=\"color: #0000ff;\">Ricardo Bergamini<\/span><\/p>\n<p style=\"text-align: justify;\"><span style=\"color: #0000ff;\">(48) 99636-7322<br \/>\n(48) 99976-6974<br \/>\n<a style=\"color: #0000ff;\" href=\"http:\/\/www.ricardobergamini.com.br\/\" target=\"_blank\" rel=\"noopener\" data-saferedirecturl=\"https:\/\/www.google.com\/url?hl=pt-PT&amp;q=http:\/\/www.ricardobergamini.com.br\/&amp;source=gmail&amp;ust=1521319592600000&amp;usg=AFQjCNEt6MhNaWxNKntq3s5gVBj-50foOA\">ricardobergamini@ricardobergamini.com.br<br \/>\nwww.ricardobergamini.com.br<\/a><\/span><\/p>\n","protected":false},"excerpt":{"rendered":"<p>Servidores Federais da Uni\u00e3o (Ativos, Aposentados e Pensionistas) \u2013 Fonte MP Base: Ano de 2017 *Varia\u00e7\u00e3o: Dezembro de 2010 em rela\u00e7\u00e3o a Dezembro de 2002&#8230;<\/p>\n","protected":false},"author":22,"featured_media":2411,"comment_status":"open","ping_status":"open","sticky":false,"template":"","format":"standard","meta":[],"categories":[10],"tags":[],"_links":{"self":[{"href":"http:\/\/acaopolitica.com\/index.php\/wp-json\/wp\/v2\/posts\/2410"}],"collection":[{"href":"http:\/\/acaopolitica.com\/index.php\/wp-json\/wp\/v2\/posts"}],"about":[{"href":"http:\/\/acaopolitica.com\/index.php\/wp-json\/wp\/v2\/types\/post"}],"author":[{"embeddable":true,"href":"http:\/\/acaopolitica.com\/index.php\/wp-json\/wp\/v2\/users\/22"}],"replies":[{"embeddable":true,"href":"http:\/\/acaopolitica.com\/index.php\/wp-json\/wp\/v2\/comments?post=2410"}],"version-history":[{"count":1,"href":"http:\/\/acaopolitica.com\/index.php\/wp-json\/wp\/v2\/posts\/2410\/revisions"}],"predecessor-version":[{"id":2412,"href":"http:\/\/acaopolitica.com\/index.php\/wp-json\/wp\/v2\/posts\/2410\/revisions\/2412"}],"wp:featuredmedia":[{"embeddable":true,"href":"http:\/\/acaopolitica.com\/index.php\/wp-json\/wp\/v2\/media\/2411"}],"wp:attachment":[{"href":"http:\/\/acaopolitica.com\/index.php\/wp-json\/wp\/v2\/media?parent=2410"}],"wp:term":[{"taxonomy":"category","embeddable":true,"href":"http:\/\/acaopolitica.com\/index.php\/wp-json\/wp\/v2\/categories?post=2410"},{"taxonomy":"post_tag","embeddable":true,"href":"http:\/\/acaopolitica.com\/index.php\/wp-json\/wp\/v2\/tags?post=2410"}],"curies":[{"name":"wp","href":"https:\/\/api.w.org\/{rel}","templated":true}]}}