{"id":2414,"date":"2018-04-07T01:33:47","date_gmt":"2018-04-07T01:33:47","guid":{"rendered":"http:\/\/acaopolitica.com\/?p=2414"},"modified":"2018-04-07T01:33:47","modified_gmt":"2018-04-07T01:33:47","slug":"ato-pela-prisao-de-lula-e-repudio-ao-stf-em-03-04-18","status":"publish","type":"post","link":"http:\/\/acaopolitica.com\/index.php\/2018\/04\/07\/ato-pela-prisao-de-lula-e-repudio-ao-stf-em-03-04-18\/","title":{"rendered":"Ato pela pris\u00e3o de Lula e rep\u00fadio ao STF em 03\/04\/18"},"content":{"rendered":"<p style=\"text-align: justify;\">Neste dia 03\/04\/18 ocorreu um ato pela pris\u00e3o imediata de Lula, manuten\u00e7\u00e3o da pris\u00e3o em segunda inst\u00e2ncia e rep\u00fadio a toda postura do STF convivente com a impunidade end\u00eamica no Brasil.<\/p>\n<p style=\"text-align: justify;\">Impunidade que \u00e9 uma das armas usadas contra a popula\u00e7\u00e3o por parte dos corruptos e do projeto de poder em curso. Este projeto de poder \u00e9 o que visa instaurar a mesma desgra\u00e7a que ora se encontra no comando da Venezuela (apenas para um exemplo). Que \u00e9 toda essa praga socialista e comunista engendrada pelo Foro de S\u00e3o Paulo que se espalhou por toda a Am\u00e9rica Latina.<\/p>\n<p style=\"text-align: justify;\">A parte do STF neste esquema \u00e9 garantir que os seus c\u00famplices jamais v\u00e3o para a cadeia ou paguem efetivamente pelos seus crimes.<\/p>\n<p style=\"text-align: justify;\">O ato ocorreu nas imedia\u00e7\u00f5es de Prefeitura de Blumenau\/SC, a partir das 18h e contou com um p\u00fablico estimado em 3.700 pessoas. Ele tamb\u00e9m ocorreu em paralelo em centenas de cidades no pa\u00eds.<\/p>\n<p style=\"text-align: justify;\">Aqui em Blumenau o ato foi organizado pelo <a href=\"https:\/\/www.facebook.com\/institutoverdadeeliberdade\/\" target=\"_blank\" rel=\"noopener\">IVL &#8211; Instituto Verdade e Liberdade<\/a>, <a href=\"https:\/\/www.facebook.com\/vempraruablumenau\/\" target=\"_blank\" rel=\"noopener\">Vem Pra Rua Blumenau<\/a>, <a href=\"https:\/\/www.facebook.com\/brasileirosdebem\/\" target=\"_blank\" rel=\"noopener\">BdB &#8211; Brasileiros de Bem<\/a>, <a href=\"https:\/\/www.facebook.com\/RadarPoliticoBNU\/\" target=\"_blank\" rel=\"noopener\">Radar Pol\u00edtico<\/a>, <a href=\"https:\/\/www.facebook.com\/direitablumenau\/\">Direita Blumenau<\/a>. Contou com a coordena\u00e7\u00e3o de <a href=\"https:\/\/www.facebook.com\/arq.michelle\">Michelle Schwanke<\/a> (tamb\u00e9m coordenadora do IVL) em colabora\u00e7\u00e3o com l\u00edderes das outras entidades envolvidas e colabora\u00e7\u00e3o de muitos cidad\u00e3os engajados e parceiros.<\/p>\n<p style=\"text-align: justify;\">O ato contou com a presen\u00e7a do Pixuleco do Vem Pra Rua Blumenau, carro de som e tel\u00e3o que foram usados para transmitir mensagens e esclarecer o p\u00fablico presente sobre detalhes da pauta. Durante a tarde houveram carreatas pela cidade.<\/p>\n<p style=\"text-align: justify;\">Durante o ato houverem v\u00e1rios discursos de lideran\u00e7as e de pessoas da comunidade. A maioria deixando bem claro e expl\u00edcito tanto o rep\u00fadio ao STF quanto a cobran\u00e7a de pris\u00e3o imediata de Lula. Alguns aproveitaram o momento para ressaltar a import\u00e2ncia de outras pautas como o combate \u00e0 ideologia de g\u00eanero, tema que foi lembrado pelo coordenador do IVL, <a href=\"https:\/\/www.facebook.com\/marcelo.matteussi\">Marcelo F. Matteussi<\/a>.<\/p>\n<p style=\"text-align: justify;\">Tamb\u00e9m houve uma pequena passeata pelo quarteir\u00e3o onde se localiza a prefeitura acompanhada pela maioria do p\u00fablico presente.<\/p>\n<p style=\"text-align: justify;\">O ato contou com o suporte e aux\u00edlio exemplar do SETERB e da Pol\u00edcia Militar, bem como cobertura de v\u00e1rios \u00f3rg\u00e3os da m\u00eddia local.<\/p>\n<p style=\"text-align: justify;\">Alguns exemplos de discursos no evento:<\/p>\n<p>https:\/\/www.facebook.com\/institutoverdadeeliberdade\/videos\/1503633896430333\/<\/p>\n<p>https:\/\/www.facebook.com\/institutoverdadeeliberdade\/videos\/1501748893285500\/<\/p>\n<p>https:\/\/www.facebook.com\/institutoverdadeeliberdade\/videos\/1501752916618431\/<\/p>\n<p>Cr\u00e9dito das fotos abaixo:<\/p>\n<p><a href=\"https:\/\/www.facebook.com\/wellington.ferreiraciviero.98\" target=\"_blank\" rel=\"noopener\">Wellington Civiero Ferreira<\/a> do <a href=\"http:\/\/www.nwblumenau.com.br\/\" target=\"_blank\" rel=\"noopener\">NW Blumenau<\/a><\/p>\n<p><a href=\"http:\/\/acaopolitica.com\/wp-content\/uploads\/2018\/04\/2018-04-03-PHOTO-00000060.jpg\"><img loading=\"lazy\" class=\"alignnone size-large wp-image-2415\" src=\"http:\/\/acaopolitica.com\/wp-content\/uploads\/2018\/04\/2018-04-03-PHOTO-00000060-1030x686.jpg\" alt=\"\" width=\"610\" height=\"406\" srcset=\"http:\/\/acaopolitica.com\/wp-content\/uploads\/2018\/04\/2018-04-03-PHOTO-00000060-1030x686.jpg 1030w, http:\/\/acaopolitica.com\/wp-content\/uploads\/2018\/04\/2018-04-03-PHOTO-00000060-300x200.jpg 300w, http:\/\/acaopolitica.com\/wp-content\/uploads\/2018\/04\/2018-04-03-PHOTO-00000060-768x512.jpg 768w, http:\/\/acaopolitica.com\/wp-content\/uploads\/2018\/04\/2018-04-03-PHOTO-00000060.jpg 1280w\" sizes=\"(max-width: 610px) 100vw, 610px\" \/><\/a> <a href=\"http:\/\/acaopolitica.com\/wp-content\/uploads\/2018\/04\/2018-04-03-PHOTO-00000061.jpg\"><img loading=\"lazy\" class=\"alignnone size-large wp-image-2416\" src=\"http:\/\/acaopolitica.com\/wp-content\/uploads\/2018\/04\/2018-04-03-PHOTO-00000061-1030x686.jpg\" alt=\"\" width=\"610\" height=\"406\" srcset=\"http:\/\/acaopolitica.com\/wp-content\/uploads\/2018\/04\/2018-04-03-PHOTO-00000061-1030x686.jpg 1030w, http:\/\/acaopolitica.com\/wp-content\/uploads\/2018\/04\/2018-04-03-PHOTO-00000061-300x200.jpg 300w, http:\/\/acaopolitica.com\/wp-content\/uploads\/2018\/04\/2018-04-03-PHOTO-00000061-768x512.jpg 768w, http:\/\/acaopolitica.com\/wp-content\/uploads\/2018\/04\/2018-04-03-PHOTO-00000061.jpg 1280w\" sizes=\"(max-width: 610px) 100vw, 610px\" \/><\/a> <a href=\"http:\/\/acaopolitica.com\/wp-content\/uploads\/2018\/04\/2018-04-03-PHOTO-00000063.jpg\"><img loading=\"lazy\" class=\"alignnone size-large wp-image-2418\" src=\"http:\/\/acaopolitica.com\/wp-content\/uploads\/2018\/04\/2018-04-03-PHOTO-00000063-1030x686.jpg\" alt=\"\" width=\"610\" height=\"406\" srcset=\"http:\/\/acaopolitica.com\/wp-content\/uploads\/2018\/04\/2018-04-03-PHOTO-00000063-1030x686.jpg 1030w, http:\/\/acaopolitica.com\/wp-content\/uploads\/2018\/04\/2018-04-03-PHOTO-00000063-300x200.jpg 300w, http:\/\/acaopolitica.com\/wp-content\/uploads\/2018\/04\/2018-04-03-PHOTO-00000063-768x512.jpg 768w, http:\/\/acaopolitica.com\/wp-content\/uploads\/2018\/04\/2018-04-03-PHOTO-00000063.jpg 1280w\" sizes=\"(max-width: 610px) 100vw, 610px\" \/><\/a> <a href=\"http:\/\/acaopolitica.com\/wp-content\/uploads\/2018\/04\/2018-04-03-PHOTO-00000064.jpg\"><img loading=\"lazy\" class=\"alignnone size-large wp-image-2419\" src=\"http:\/\/acaopolitica.com\/wp-content\/uploads\/2018\/04\/2018-04-03-PHOTO-00000064-1030x686.jpg\" alt=\"\" width=\"610\" height=\"406\" srcset=\"http:\/\/acaopolitica.com\/wp-content\/uploads\/2018\/04\/2018-04-03-PHOTO-00000064-1030x686.jpg 1030w, http:\/\/acaopolitica.com\/wp-content\/uploads\/2018\/04\/2018-04-03-PHOTO-00000064-300x200.jpg 300w, http:\/\/acaopolitica.com\/wp-content\/uploads\/2018\/04\/2018-04-03-PHOTO-00000064-768x512.jpg 768w, http:\/\/acaopolitica.com\/wp-content\/uploads\/2018\/04\/2018-04-03-PHOTO-00000064.jpg 1280w\" sizes=\"(max-width: 610px) 100vw, 610px\" \/><\/a> <a href=\"http:\/\/acaopolitica.com\/wp-content\/uploads\/2018\/04\/2018-04-03-PHOTO-00000066.jpg\"><img loading=\"lazy\" class=\"alignnone size-large wp-image-2422\" src=\"http:\/\/acaopolitica.com\/wp-content\/uploads\/2018\/04\/2018-04-03-PHOTO-00000066-1030x686.jpg\" alt=\"\" width=\"610\" height=\"406\" srcset=\"http:\/\/acaopolitica.com\/wp-content\/uploads\/2018\/04\/2018-04-03-PHOTO-00000066-1030x686.jpg 1030w, http:\/\/acaopolitica.com\/wp-content\/uploads\/2018\/04\/2018-04-03-PHOTO-00000066-300x200.jpg 300w, http:\/\/acaopolitica.com\/wp-content\/uploads\/2018\/04\/2018-04-03-PHOTO-00000066-768x512.jpg 768w, http:\/\/acaopolitica.com\/wp-content\/uploads\/2018\/04\/2018-04-03-PHOTO-00000066.jpg 1280w\" sizes=\"(max-width: 610px) 100vw, 610px\" \/><\/a> <a href=\"http:\/\/acaopolitica.com\/wp-content\/uploads\/2018\/04\/2018-04-03-PHOTO-00000067.jpg\"><img loading=\"lazy\" class=\"alignnone size-large wp-image-2423\" src=\"http:\/\/acaopolitica.com\/wp-content\/uploads\/2018\/04\/2018-04-03-PHOTO-00000067-1030x686.jpg\" alt=\"\" width=\"610\" height=\"406\" srcset=\"http:\/\/acaopolitica.com\/wp-content\/uploads\/2018\/04\/2018-04-03-PHOTO-00000067-1030x686.jpg 1030w, http:\/\/acaopolitica.com\/wp-content\/uploads\/2018\/04\/2018-04-03-PHOTO-00000067-300x200.jpg 300w, http:\/\/acaopolitica.com\/wp-content\/uploads\/2018\/04\/2018-04-03-PHOTO-00000067-768x512.jpg 768w, http:\/\/acaopolitica.com\/wp-content\/uploads\/2018\/04\/2018-04-03-PHOTO-00000067.jpg 1280w\" sizes=\"(max-width: 610px) 100vw, 610px\" \/><\/a> <a href=\"http:\/\/acaopolitica.com\/wp-content\/uploads\/2018\/04\/2018-04-03-PHOTO-00000068.jpg\"><img loading=\"lazy\" class=\"alignnone size-large wp-image-2424\" src=\"http:\/\/acaopolitica.com\/wp-content\/uploads\/2018\/04\/2018-04-03-PHOTO-00000068-1030x581.jpg\" alt=\"\" width=\"610\" height=\"344\" srcset=\"http:\/\/acaopolitica.com\/wp-content\/uploads\/2018\/04\/2018-04-03-PHOTO-00000068-1030x581.jpg 1030w, http:\/\/acaopolitica.com\/wp-content\/uploads\/2018\/04\/2018-04-03-PHOTO-00000068-300x169.jpg 300w, http:\/\/acaopolitica.com\/wp-content\/uploads\/2018\/04\/2018-04-03-PHOTO-00000068-768x433.jpg 768w, http:\/\/acaopolitica.com\/wp-content\/uploads\/2018\/04\/2018-04-03-PHOTO-00000068.jpg 1280w\" sizes=\"(max-width: 610px) 100vw, 610px\" \/><\/a> <a href=\"http:\/\/acaopolitica.com\/wp-content\/uploads\/2018\/04\/2018-04-03-PHOTO-00000069.jpg\"><img loading=\"lazy\" class=\"alignnone size-large wp-image-2425\" src=\"http:\/\/acaopolitica.com\/wp-content\/uploads\/2018\/04\/2018-04-03-PHOTO-00000069-1030x686.jpg\" alt=\"\" width=\"610\" height=\"406\" srcset=\"http:\/\/acaopolitica.com\/wp-content\/uploads\/2018\/04\/2018-04-03-PHOTO-00000069-1030x686.jpg 1030w, http:\/\/acaopolitica.com\/wp-content\/uploads\/2018\/04\/2018-04-03-PHOTO-00000069-300x200.jpg 300w, http:\/\/acaopolitica.com\/wp-content\/uploads\/2018\/04\/2018-04-03-PHOTO-00000069-768x512.jpg 768w, http:\/\/acaopolitica.com\/wp-content\/uploads\/2018\/04\/2018-04-03-PHOTO-00000069.jpg 1280w\" sizes=\"(max-width: 610px) 100vw, 610px\" \/><\/a> <a href=\"http:\/\/acaopolitica.com\/wp-content\/uploads\/2018\/04\/2018-04-03-PHOTO-00000070.jpg\"><img loading=\"lazy\" class=\"alignnone size-large wp-image-2426\" src=\"http:\/\/acaopolitica.com\/wp-content\/uploads\/2018\/04\/2018-04-03-PHOTO-00000070-1030x566.jpg\" alt=\"\" width=\"610\" height=\"335\" srcset=\"http:\/\/acaopolitica.com\/wp-content\/uploads\/2018\/04\/2018-04-03-PHOTO-00000070-1030x566.jpg 1030w, http:\/\/acaopolitica.com\/wp-content\/uploads\/2018\/04\/2018-04-03-PHOTO-00000070-300x165.jpg 300w, http:\/\/acaopolitica.com\/wp-content\/uploads\/2018\/04\/2018-04-03-PHOTO-00000070-768x422.jpg 768w, http:\/\/acaopolitica.com\/wp-content\/uploads\/2018\/04\/2018-04-03-PHOTO-00000070.jpg 1280w\" sizes=\"(max-width: 610px) 100vw, 610px\" \/><\/a> <a href=\"http:\/\/acaopolitica.com\/wp-content\/uploads\/2018\/04\/2018-04-03-PHOTO-00000071.jpg\"><img loading=\"lazy\" class=\"alignnone size-large wp-image-2427\" src=\"http:\/\/acaopolitica.com\/wp-content\/uploads\/2018\/04\/2018-04-03-PHOTO-00000071-1030x686.jpg\" alt=\"\" width=\"610\" height=\"406\" srcset=\"http:\/\/acaopolitica.com\/wp-content\/uploads\/2018\/04\/2018-04-03-PHOTO-00000071-1030x686.jpg 1030w, http:\/\/acaopolitica.com\/wp-content\/uploads\/2018\/04\/2018-04-03-PHOTO-00000071-300x200.jpg 300w, http:\/\/acaopolitica.com\/wp-content\/uploads\/2018\/04\/2018-04-03-PHOTO-00000071-768x512.jpg 768w, http:\/\/acaopolitica.com\/wp-content\/uploads\/2018\/04\/2018-04-03-PHOTO-00000071.jpg 1280w\" sizes=\"(max-width: 610px) 100vw, 610px\" \/><\/a> <a href=\"http:\/\/acaopolitica.com\/wp-content\/uploads\/2018\/04\/2018-04-03-PHOTO-00000072.jpg\"><img loading=\"lazy\" class=\"alignnone size-large wp-image-2428\" src=\"http:\/\/acaopolitica.com\/wp-content\/uploads\/2018\/04\/2018-04-03-PHOTO-00000072-1030x686.jpg\" alt=\"\" width=\"610\" height=\"406\" srcset=\"http:\/\/acaopolitica.com\/wp-content\/uploads\/2018\/04\/2018-04-03-PHOTO-00000072-1030x686.jpg 1030w, http:\/\/acaopolitica.com\/wp-content\/uploads\/2018\/04\/2018-04-03-PHOTO-00000072-300x200.jpg 300w, http:\/\/acaopolitica.com\/wp-content\/uploads\/2018\/04\/2018-04-03-PHOTO-00000072-768x512.jpg 768w, http:\/\/acaopolitica.com\/wp-content\/uploads\/2018\/04\/2018-04-03-PHOTO-00000072.jpg 1280w\" sizes=\"(max-width: 610px) 100vw, 610px\" \/><\/a> <a href=\"http:\/\/acaopolitica.com\/wp-content\/uploads\/2018\/04\/2018-04-03-PHOTO-00000074.jpg\"><img loading=\"lazy\" class=\"alignnone size-large wp-image-2430\" src=\"http:\/\/acaopolitica.com\/wp-content\/uploads\/2018\/04\/2018-04-03-PHOTO-00000074-1030x686.jpg\" alt=\"\" width=\"610\" height=\"406\" srcset=\"http:\/\/acaopolitica.com\/wp-content\/uploads\/2018\/04\/2018-04-03-PHOTO-00000074-1030x686.jpg 1030w, http:\/\/acaopolitica.com\/wp-content\/uploads\/2018\/04\/2018-04-03-PHOTO-00000074-300x200.jpg 300w, http:\/\/acaopolitica.com\/wp-content\/uploads\/2018\/04\/2018-04-03-PHOTO-00000074-768x512.jpg 768w, http:\/\/acaopolitica.com\/wp-content\/uploads\/2018\/04\/2018-04-03-PHOTO-00000074.jpg 1280w\" sizes=\"(max-width: 610px) 100vw, 610px\" \/><\/a><\/p>\n<p><a href=\"http:\/\/acaopolitica.com\/wp-content\/uploads\/2018\/04\/2018-04-03-PHOTO-00000077.jpg\"><img loading=\"lazy\" class=\"alignnone size-large wp-image-2432\" src=\"http:\/\/acaopolitica.com\/wp-content\/uploads\/2018\/04\/2018-04-03-PHOTO-00000077-1030x686.jpg\" alt=\"\" width=\"610\" height=\"406\" srcset=\"http:\/\/acaopolitica.com\/wp-content\/uploads\/2018\/04\/2018-04-03-PHOTO-00000077-1030x686.jpg 1030w, http:\/\/acaopolitica.com\/wp-content\/uploads\/2018\/04\/2018-04-03-PHOTO-00000077-300x200.jpg 300w, http:\/\/acaopolitica.com\/wp-content\/uploads\/2018\/04\/2018-04-03-PHOTO-00000077-768x512.jpg 768w, http:\/\/acaopolitica.com\/wp-content\/uploads\/2018\/04\/2018-04-03-PHOTO-00000077.jpg 1280w\" sizes=\"(max-width: 610px) 100vw, 610px\" \/><\/a><\/p>\n<p>Cr\u00e9dito das fotos abaixo:<\/p>\n<p><a href=\"https:\/\/www.facebook.com\/walterarndt.mueller\" target=\"_blank\" rel=\"noopener\">Walter Arndt Mueller<\/a>, l\u00edder do <a href=\"https:\/\/www.facebook.com\/vempraruablumenau\/\" target=\"_blank\" rel=\"noopener\">Vem Pra Rua Blumenau.<\/a><\/p>\n<p><a href=\"http:\/\/acaopolitica.com\/wp-content\/uploads\/2018\/04\/2018-04-03-PHOTO-00000101.jpg\"><img loading=\"lazy\" class=\"alignnone size-large wp-image-2435\" src=\"http:\/\/acaopolitica.com\/wp-content\/uploads\/2018\/04\/2018-04-03-PHOTO-00000101-773x1030.jpg\" alt=\"\" width=\"610\" height=\"813\" srcset=\"http:\/\/acaopolitica.com\/wp-content\/uploads\/2018\/04\/2018-04-03-PHOTO-00000101-773x1030.jpg 773w, http:\/\/acaopolitica.com\/wp-content\/uploads\/2018\/04\/2018-04-03-PHOTO-00000101-225x300.jpg 225w, http:\/\/acaopolitica.com\/wp-content\/uploads\/2018\/04\/2018-04-03-PHOTO-00000101-768x1024.jpg 768w, http:\/\/acaopolitica.com\/wp-content\/uploads\/2018\/04\/2018-04-03-PHOTO-00000101.jpg 960w\" sizes=\"(max-width: 610px) 100vw, 610px\" \/><\/a> <a href=\"http:\/\/acaopolitica.com\/wp-content\/uploads\/2018\/04\/2018-04-03-PHOTO-00000104.jpg\"><img loading=\"lazy\" class=\"alignnone size-large wp-image-2436\" src=\"http:\/\/acaopolitica.com\/wp-content\/uploads\/2018\/04\/2018-04-03-PHOTO-00000104-1030x773.jpg\" alt=\"\" width=\"610\" height=\"458\" srcset=\"http:\/\/acaopolitica.com\/wp-content\/uploads\/2018\/04\/2018-04-03-PHOTO-00000104-1030x773.jpg 1030w, http:\/\/acaopolitica.com\/wp-content\/uploads\/2018\/04\/2018-04-03-PHOTO-00000104-300x225.jpg 300w, http:\/\/acaopolitica.com\/wp-content\/uploads\/2018\/04\/2018-04-03-PHOTO-00000104-768x576.jpg 768w, http:\/\/acaopolitica.com\/wp-content\/uploads\/2018\/04\/2018-04-03-PHOTO-00000104.jpg 1280w\" sizes=\"(max-width: 610px) 100vw, 610px\" \/><\/a> <a href=\"http:\/\/acaopolitica.com\/wp-content\/uploads\/2018\/04\/2018-04-03-PHOTO-00000113.jpg\"><img loading=\"lazy\" class=\"alignnone size-large wp-image-2437\" src=\"http:\/\/acaopolitica.com\/wp-content\/uploads\/2018\/04\/2018-04-03-PHOTO-00000113-1030x773.jpg\" alt=\"\" width=\"610\" height=\"458\" srcset=\"http:\/\/acaopolitica.com\/wp-content\/uploads\/2018\/04\/2018-04-03-PHOTO-00000113-1030x773.jpg 1030w, http:\/\/acaopolitica.com\/wp-content\/uploads\/2018\/04\/2018-04-03-PHOTO-00000113-300x225.jpg 300w, http:\/\/acaopolitica.com\/wp-content\/uploads\/2018\/04\/2018-04-03-PHOTO-00000113-768x576.jpg 768w, http:\/\/acaopolitica.com\/wp-content\/uploads\/2018\/04\/2018-04-03-PHOTO-00000113.jpg 1280w\" sizes=\"(max-width: 610px) 100vw, 610px\" \/><\/a><\/p>\n<p>Cr\u00e9dito das fotos abaixo:<\/p>\n<p><a href=\"https:\/\/www.facebook.com\/andreia.fagnanideazevedosouza\" target=\"_blank\" rel=\"noopener\">Andr\u00e9ia Fagnani de Azevedo Souza<\/a>, apoiadora do <a href=\"https:\/\/www.facebook.com\/brasileirosdebem\/\" target=\"_blank\" rel=\"noopener\">Brasileiros de Bem<\/a> .<\/p>\n<p><a href=\"http:\/\/acaopolitica.com\/wp-content\/uploads\/2018\/04\/2018-04-03-PHOTO-00000003.jpg\"><img loading=\"lazy\" class=\"alignnone size-large wp-image-2438\" src=\"http:\/\/acaopolitica.com\/wp-content\/uploads\/2018\/04\/2018-04-03-PHOTO-00000003-1030x773.jpg\" alt=\"\" width=\"610\" height=\"458\" srcset=\"http:\/\/acaopolitica.com\/wp-content\/uploads\/2018\/04\/2018-04-03-PHOTO-00000003-1030x773.jpg 1030w, http:\/\/acaopolitica.com\/wp-content\/uploads\/2018\/04\/2018-04-03-PHOTO-00000003-300x225.jpg 300w, http:\/\/acaopolitica.com\/wp-content\/uploads\/2018\/04\/2018-04-03-PHOTO-00000003-768x576.jpg 768w, http:\/\/acaopolitica.com\/wp-content\/uploads\/2018\/04\/2018-04-03-PHOTO-00000003.jpg 1280w\" sizes=\"(max-width: 610px) 100vw, 610px\" \/><\/a><\/p>\n<p>Cr\u00e9dito das fotos abaixo:<\/p>\n<p><a href=\"https:\/\/www.facebook.com\/arq.michelle\" target=\"_blank\" rel=\"noopener\">Michelle Schwanke<\/a>, coordenadora do\u00a0 <a href=\"https:\/\/www.facebook.com\/institutoverdadeeliberdade\/\" target=\"_blank\" rel=\"noopener\">Instituto Verdade e Liberdade<\/a><\/p>\n<p><a href=\"http:\/\/acaopolitica.com\/wp-content\/uploads\/2018\/04\/2018-04-04-PHOTO-00000271.jpg\"><img loading=\"lazy\" class=\"alignnone size-large wp-image-2441\" src=\"http:\/\/acaopolitica.com\/wp-content\/uploads\/2018\/04\/2018-04-04-PHOTO-00000271-1030x773.jpg\" alt=\"\" width=\"610\" height=\"458\" srcset=\"http:\/\/acaopolitica.com\/wp-content\/uploads\/2018\/04\/2018-04-04-PHOTO-00000271-1030x773.jpg 1030w, http:\/\/acaopolitica.com\/wp-content\/uploads\/2018\/04\/2018-04-04-PHOTO-00000271-300x225.jpg 300w, http:\/\/acaopolitica.com\/wp-content\/uploads\/2018\/04\/2018-04-04-PHOTO-00000271-768x576.jpg 768w, http:\/\/acaopolitica.com\/wp-content\/uploads\/2018\/04\/2018-04-04-PHOTO-00000271.jpg 1280w\" sizes=\"(max-width: 610px) 100vw, 610px\" \/><\/a> <a href=\"http:\/\/acaopolitica.com\/wp-content\/uploads\/2018\/04\/2018-04-04-PHOTO-00000273.jpg\"><img loading=\"lazy\" class=\"alignnone size-large wp-image-2442\" src=\"http:\/\/acaopolitica.com\/wp-content\/uploads\/2018\/04\/2018-04-04-PHOTO-00000273-1030x772.jpg\" alt=\"\" width=\"610\" height=\"457\" srcset=\"http:\/\/acaopolitica.com\/wp-content\/uploads\/2018\/04\/2018-04-04-PHOTO-00000273-1030x772.jpg 1030w, http:\/\/acaopolitica.com\/wp-content\/uploads\/2018\/04\/2018-04-04-PHOTO-00000273-300x225.jpg 300w, http:\/\/acaopolitica.com\/wp-content\/uploads\/2018\/04\/2018-04-04-PHOTO-00000273-768x575.jpg 768w, http:\/\/acaopolitica.com\/wp-content\/uploads\/2018\/04\/2018-04-04-PHOTO-00000273.jpg 1280w\" sizes=\"(max-width: 610px) 100vw, 610px\" \/><\/a> <a href=\"http:\/\/acaopolitica.com\/wp-content\/uploads\/2018\/04\/2018-04-04-PHOTO-00000274.jpg\"><img loading=\"lazy\" class=\"alignnone size-large wp-image-2443\" src=\"http:\/\/acaopolitica.com\/wp-content\/uploads\/2018\/04\/2018-04-04-PHOTO-00000274-1030x773.jpg\" alt=\"\" width=\"610\" height=\"458\" srcset=\"http:\/\/acaopolitica.com\/wp-content\/uploads\/2018\/04\/2018-04-04-PHOTO-00000274-1030x773.jpg 1030w, http:\/\/acaopolitica.com\/wp-content\/uploads\/2018\/04\/2018-04-04-PHOTO-00000274-300x225.jpg 300w, http:\/\/acaopolitica.com\/wp-content\/uploads\/2018\/04\/2018-04-04-PHOTO-00000274-768x576.jpg 768w, http:\/\/acaopolitica.com\/wp-content\/uploads\/2018\/04\/2018-04-04-PHOTO-00000274.jpg 1280w\" sizes=\"(max-width: 610px) 100vw, 610px\" \/><\/a> <a href=\"http:\/\/acaopolitica.com\/wp-content\/uploads\/2018\/04\/2018-04-04-PHOTO-00000275.jpg\"><img loading=\"lazy\" class=\"alignnone size-large wp-image-2444\" src=\"http:\/\/acaopolitica.com\/wp-content\/uploads\/2018\/04\/2018-04-04-PHOTO-00000275-1030x773.jpg\" alt=\"\" width=\"610\" height=\"458\" srcset=\"http:\/\/acaopolitica.com\/wp-content\/uploads\/2018\/04\/2018-04-04-PHOTO-00000275-1030x773.jpg 1030w, http:\/\/acaopolitica.com\/wp-content\/uploads\/2018\/04\/2018-04-04-PHOTO-00000275-300x225.jpg 300w, http:\/\/acaopolitica.com\/wp-content\/uploads\/2018\/04\/2018-04-04-PHOTO-00000275-768x576.jpg 768w, http:\/\/acaopolitica.com\/wp-content\/uploads\/2018\/04\/2018-04-04-PHOTO-00000275.jpg 1280w\" sizes=\"(max-width: 610px) 100vw, 610px\" \/><\/a> <a href=\"http:\/\/acaopolitica.com\/wp-content\/uploads\/2018\/04\/2018-04-04-PHOTO-00000276.jpg\"><img loading=\"lazy\" class=\"alignnone size-large wp-image-2445\" src=\"http:\/\/acaopolitica.com\/wp-content\/uploads\/2018\/04\/2018-04-04-PHOTO-00000276-1030x773.jpg\" alt=\"\" width=\"610\" height=\"458\" srcset=\"http:\/\/acaopolitica.com\/wp-content\/uploads\/2018\/04\/2018-04-04-PHOTO-00000276-1030x773.jpg 1030w, http:\/\/acaopolitica.com\/wp-content\/uploads\/2018\/04\/2018-04-04-PHOTO-00000276-300x225.jpg 300w, http:\/\/acaopolitica.com\/wp-content\/uploads\/2018\/04\/2018-04-04-PHOTO-00000276-768x576.jpg 768w, http:\/\/acaopolitica.com\/wp-content\/uploads\/2018\/04\/2018-04-04-PHOTO-00000276.jpg 1280w\" sizes=\"(max-width: 610px) 100vw, 610px\" \/><\/a><\/p>\n<p><a href=\"http:\/\/acaopolitica.com\/wp-content\/uploads\/2018\/04\/foto-ato-00304.jpeg\"><img loading=\"lazy\" class=\"alignnone size-large wp-image-2446\" src=\"http:\/\/acaopolitica.com\/wp-content\/uploads\/2018\/04\/foto-ato-00304-1030x772.jpeg\" alt=\"\" width=\"610\" height=\"457\" srcset=\"http:\/\/acaopolitica.com\/wp-content\/uploads\/2018\/04\/foto-ato-00304-1030x772.jpeg 1030w, http:\/\/acaopolitica.com\/wp-content\/uploads\/2018\/04\/foto-ato-00304-300x225.jpeg 300w, http:\/\/acaopolitica.com\/wp-content\/uploads\/2018\/04\/foto-ato-00304-768x575.jpeg 768w, http:\/\/acaopolitica.com\/wp-content\/uploads\/2018\/04\/foto-ato-00304.jpeg 1280w\" sizes=\"(max-width: 610px) 100vw, 610px\" \/><\/a><\/p>\n","protected":false},"excerpt":{"rendered":"<p>Neste dia 03\/04\/18 ocorreu um ato pela pris\u00e3o imediata de Lula, manuten\u00e7\u00e3o da pris\u00e3o em segunda inst\u00e2ncia e rep\u00fadio a toda postura do STF convivente&#8230;<\/p>\n","protected":false},"author":1,"featured_media":2423,"comment_status":"open","ping_status":"open","sticky":false,"template":"","format":"standard","meta":[],"categories":[11],"tags":[],"_links":{"self":[{"href":"http:\/\/acaopolitica.com\/index.php\/wp-json\/wp\/v2\/posts\/2414"}],"collection":[{"href":"http:\/\/acaopolitica.com\/index.php\/wp-json\/wp\/v2\/posts"}],"about":[{"href":"http:\/\/acaopolitica.com\/index.php\/wp-json\/wp\/v2\/types\/post"}],"author":[{"embeddable":true,"href":"http:\/\/acaopolitica.com\/index.php\/wp-json\/wp\/v2\/users\/1"}],"replies":[{"embeddable":true,"href":"http:\/\/acaopolitica.com\/index.php\/wp-json\/wp\/v2\/comments?post=2414"}],"version-history":[{"count":6,"href":"http:\/\/acaopolitica.com\/index.php\/wp-json\/wp\/v2\/posts\/2414\/revisions"}],"predecessor-version":[{"id":2448,"href":"http:\/\/acaopolitica.com\/index.php\/wp-json\/wp\/v2\/posts\/2414\/revisions\/2448"}],"wp:featuredmedia":[{"embeddable":true,"href":"http:\/\/acaopolitica.com\/index.php\/wp-json\/wp\/v2\/media\/2423"}],"wp:attachment":[{"href":"http:\/\/acaopolitica.com\/index.php\/wp-json\/wp\/v2\/media?parent=2414"}],"wp:term":[{"taxonomy":"category","embeddable":true,"href":"http:\/\/acaopolitica.com\/index.php\/wp-json\/wp\/v2\/categories?post=2414"},{"taxonomy":"post_tag","embeddable":true,"href":"http:\/\/acaopolitica.com\/index.php\/wp-json\/wp\/v2\/tags?post=2414"}],"curies":[{"name":"wp","href":"https:\/\/api.w.org\/{rel}","templated":true}]}}