{"id":2461,"date":"2018-05-28T03:43:54","date_gmt":"2018-05-28T03:43:54","guid":{"rendered":"http:\/\/acaopolitica.com\/?p=2461"},"modified":"2018-05-28T04:02:02","modified_gmt":"2018-05-28T04:02:02","slug":"ivl-ossj-e-parceiros-realizam-curso-de-fiscalizacao-na-pratica-em-26-05-2018","status":"publish","type":"post","link":"http:\/\/acaopolitica.com\/index.php\/2018\/05\/28\/ivl-ossj-e-parceiros-realizam-curso-de-fiscalizacao-na-pratica-em-26-05-2018\/","title":{"rendered":"IVL, OSSJ e parceiros realizam curso de Fiscaliza\u00e7\u00e3o na Pr\u00e1tica em 26\/05\/2018"},"content":{"rendered":"<p style=\"text-align: justify;\">Neste s\u00e1bado, 26\/05\/2018, o <a href=\"https:\/\/www.facebook.com\/institutoverdadeeliberdade\/\" target=\"_blank\" rel=\"noopener\">IVL &#8211; Instituto Verdade e Liberdade<\/a> realizou mais um curso relacionado com o controle das contas e gastos p\u00fablicos pela popula\u00e7\u00e3o. Foi o curso Fiscaliza\u00e7\u00e3o na Pr\u00e1tica.<\/p>\n<p style=\"text-align: justify;\">O curso foi realizado em colabora\u00e7\u00e3o com o <a href=\"https:\/\/www.facebook.com\/ObservatorioSocialDeSaoJose\/\" target=\"_blank\" rel=\"noopener\">OSSJ &#8211; Observat\u00f3rio Social de S\u00e3o Jos\u00e9<\/a>, <a href=\"https:\/\/www.facebook.com\/brasileirosdebem\/\" target=\"_blank\" rel=\"noopener\">BdB &#8211; Brasileiros de Bem<\/a> e o <a href=\"https:\/\/www.facebook.com\/pg\/movimentocidadaofiscal\/\" target=\"_blank\" rel=\"noopener\">Movimento Cidad\u00e3o Fiscal<\/a>.<\/p>\n<p style=\"text-align: justify;\">Contou como facilitador com o Sr. Jaime Luiz Klein, tamb\u00e9m da equipe do OSSJ, refer\u00eancias nesse tipo de atua\u00e7\u00e3o em fiscaliza\u00e7\u00e3o das contas p\u00fablicas. O Sr. Jaime junto com o OSSJ desenvolveram v\u00e1rias metodologias e alcan\u00e7aram resultados expressivos com valores na casa dos milh\u00f5es de reais de economia aos cofres p\u00fablicos. Resultados que j\u00e1 est\u00e3o sendo multiplicados em outras localidades.<\/p>\n<p style=\"text-align: justify;\">Os materiais e apresenta\u00e7\u00f5es &#8211; de autoria do Sr. Jaime Luiz Klein &#8211; podem ser acessados no link a seguir:<\/p>\n<p style=\"text-align: justify;\"><a href=\"https:\/\/drive.google.com\/drive\/folders\/1Dkn2pni1CADYS4f52oAo9pUVi1Qg-3hG?usp=sharing\" target=\"_blank\" rel=\"noopener\">https:\/\/drive.google.com\/drive\/folders\/1Dkn2pni1CADYS4f52oAo9pUVi1Qg-3hG?usp=sharing<\/a><\/p>\n<p style=\"text-align: justify;\">Ressaltamos a import\u00e2ncia de citar e encaminhar \u00e0 fonte quando os materiais forem utilizados ou reproduzidos.<\/p>\n<p>Alguns trechos do curso podem ser vistos a seguir:<\/p>\n<p>https:\/\/www.facebook.com\/institutoverdadeeliberdade\/videos\/1551072828353106\/<\/p>\n<p>https:\/\/www.facebook.com\/institutoverdadeeliberdade\/videos\/1551195225007533\/<\/p>\n<p style=\"text-align: justify;\">Apesar do momento de crise, devido a greve dos caminhoneiros, com falta de combust\u00edvel, o curso ainda assim contou com a presen\u00e7a de 19 participantes. Sendo que boa parte de fora de Blumenau\/SC.<\/p>\n<p style=\"text-align: justify;\">E s\u00f3 foi poss\u00edvel gra\u00e7as ao empenho do Sr. Jaime, que mesmo sob o risco de n\u00e3o conseguir voltar pra casa, se fez presente para ministrar o curso e compartilhar sua experi\u00eancia e valiosos conhecimentos. E como ele bem sintetizou atrav\u00e9s do chamamento &#8221; <strong>Seja um Vereador na Pr\u00e1tica!<\/strong> &#8220;, essa \u00e9 uma possibilidade real a todo cidad\u00e3o interessado em fazer a diferen\u00e7a na solu\u00e7\u00e3o dos males da administra\u00e7\u00e3o p\u00fablica e da sociedade.<\/p>\n<p style=\"text-align: justify;\">Imposs\u00edvel deixar de registrar os valiosos apoios que tornaram poss\u00edvel esse curso.<\/p>\n<ul>\n<li style=\"text-align: justify;\">Pastor Gilberto da <a href=\"https:\/\/www.facebook.com\/ipbblumenau\/\" target=\"_blank\" rel=\"noopener\">Igreja Presbiteriana de Blumenau;<\/a><\/li>\n<li style=\"text-align: justify;\">Sr. Zaidan T. Martendal &#8211; Produtor audiovisual;<\/li>\n<li style=\"text-align: justify;\">Sr. Ramon Benedett da <a href=\"https:\/\/www.facebook.com\/tintasbenedett\/\" target=\"_blank\" rel=\"noopener\">Tintas Benedett<\/a>;<\/li>\n<li style=\"text-align: justify;\">Sr. Christian Jey da <a href=\"https:\/\/www.facebook.com\/bravacomsolucoesinteligentes\/\" target=\"_blank\" rel=\"noopener\">Bravacom &#8211; Solu\u00e7\u00f5es Inteligentes &#8211; IoT<\/a><\/li>\n<\/ul>\n<p style=\"text-align: justify;\">Nos pr\u00f3ximos dias haver\u00e1 a p\u00fablica\u00e7\u00e3o do v\u00eddeo completo do curso nas redes sociais e canais do IVL, OSSJ e outras entidades parceiras.<\/p>\n<p style=\"text-align: justify;\">Abaixo alguns registros da a\u00e7\u00e3o:<\/p>\n<p style=\"text-align: justify;\"><a href=\"http:\/\/acaopolitica.com\/wp-content\/uploads\/2018\/05\/PHOTO-2018-05-26-16-33-01.jpg\"><img loading=\"lazy\" class=\"alignnone size-full wp-image-2462\" src=\"http:\/\/acaopolitica.com\/wp-content\/uploads\/2018\/05\/PHOTO-2018-05-26-16-33-01.jpg\" alt=\"\" width=\"707\" height=\"637\" srcset=\"http:\/\/acaopolitica.com\/wp-content\/uploads\/2018\/05\/PHOTO-2018-05-26-16-33-01.jpg 707w, http:\/\/acaopolitica.com\/wp-content\/uploads\/2018\/05\/PHOTO-2018-05-26-16-33-01-300x270.jpg 300w\" sizes=\"(max-width: 707px) 100vw, 707px\" \/><\/a> <a href=\"http:\/\/acaopolitica.com\/wp-content\/uploads\/2018\/05\/PHOTO-2018-05-26-20-42-20.jpg\"><img loading=\"lazy\" class=\"alignnone size-large wp-image-2465\" src=\"http:\/\/acaopolitica.com\/wp-content\/uploads\/2018\/05\/PHOTO-2018-05-26-20-42-20-1030x773.jpg\" alt=\"\" width=\"610\" height=\"458\" srcset=\"http:\/\/acaopolitica.com\/wp-content\/uploads\/2018\/05\/PHOTO-2018-05-26-20-42-20-1030x773.jpg 1030w, http:\/\/acaopolitica.com\/wp-content\/uploads\/2018\/05\/PHOTO-2018-05-26-20-42-20-300x225.jpg 300w, http:\/\/acaopolitica.com\/wp-content\/uploads\/2018\/05\/PHOTO-2018-05-26-20-42-20-768x576.jpg 768w, http:\/\/acaopolitica.com\/wp-content\/uploads\/2018\/05\/PHOTO-2018-05-26-20-42-20.jpg 1280w\" sizes=\"(max-width: 610px) 100vw, 610px\" \/><\/a> <a href=\"http:\/\/acaopolitica.com\/wp-content\/uploads\/2018\/05\/PHOTO-2018-05-26-16-32-47.jpg\"><img loading=\"lazy\" class=\"alignnone size-large wp-image-2464\" src=\"http:\/\/acaopolitica.com\/wp-content\/uploads\/2018\/05\/PHOTO-2018-05-26-16-32-47-1030x772.jpg\" alt=\"\" width=\"610\" height=\"457\" srcset=\"http:\/\/acaopolitica.com\/wp-content\/uploads\/2018\/05\/PHOTO-2018-05-26-16-32-47-1030x772.jpg 1030w, http:\/\/acaopolitica.com\/wp-content\/uploads\/2018\/05\/PHOTO-2018-05-26-16-32-47-300x225.jpg 300w, http:\/\/acaopolitica.com\/wp-content\/uploads\/2018\/05\/PHOTO-2018-05-26-16-32-47-768x575.jpg 768w, http:\/\/acaopolitica.com\/wp-content\/uploads\/2018\/05\/PHOTO-2018-05-26-16-32-47.jpg 1280w\" sizes=\"(max-width: 610px) 100vw, 610px\" \/><\/a> <a href=\"http:\/\/acaopolitica.com\/wp-content\/uploads\/2018\/05\/PHOTO-2018-05-26-16-33-22.jpg\"><img loading=\"lazy\" class=\"alignnone size-large wp-image-2463\" src=\"http:\/\/acaopolitica.com\/wp-content\/uploads\/2018\/05\/PHOTO-2018-05-26-16-33-22-1030x773.jpg\" alt=\"\" width=\"610\" height=\"458\" srcset=\"http:\/\/acaopolitica.com\/wp-content\/uploads\/2018\/05\/PHOTO-2018-05-26-16-33-22-1030x773.jpg 1030w, http:\/\/acaopolitica.com\/wp-content\/uploads\/2018\/05\/PHOTO-2018-05-26-16-33-22-300x225.jpg 300w, http:\/\/acaopolitica.com\/wp-content\/uploads\/2018\/05\/PHOTO-2018-05-26-16-33-22-768x576.jpg 768w, http:\/\/acaopolitica.com\/wp-content\/uploads\/2018\/05\/PHOTO-2018-05-26-16-33-22.jpg 1280w\" sizes=\"(max-width: 610px) 100vw, 610px\" \/><\/a><\/p>\n","protected":false},"excerpt":{"rendered":"<p>Neste s\u00e1bado, 26\/05\/2018, o IVL &#8211; Instituto Verdade e Liberdade realizou mais um curso relacionado com o controle das contas e gastos p\u00fablicos pela popula\u00e7\u00e3o&#8230;.<\/p>\n","protected":false},"author":1,"featured_media":2466,"comment_status":"open","ping_status":"open","sticky":false,"template":"","format":"standard","meta":[],"categories":[11],"tags":[],"_links":{"self":[{"href":"http:\/\/acaopolitica.com\/index.php\/wp-json\/wp\/v2\/posts\/2461"}],"collection":[{"href":"http:\/\/acaopolitica.com\/index.php\/wp-json\/wp\/v2\/posts"}],"about":[{"href":"http:\/\/acaopolitica.com\/index.php\/wp-json\/wp\/v2\/types\/post"}],"author":[{"embeddable":true,"href":"http:\/\/acaopolitica.com\/index.php\/wp-json\/wp\/v2\/users\/1"}],"replies":[{"embeddable":true,"href":"http:\/\/acaopolitica.com\/index.php\/wp-json\/wp\/v2\/comments?post=2461"}],"version-history":[{"count":3,"href":"http:\/\/acaopolitica.com\/index.php\/wp-json\/wp\/v2\/posts\/2461\/revisions"}],"predecessor-version":[{"id":2469,"href":"http:\/\/acaopolitica.com\/index.php\/wp-json\/wp\/v2\/posts\/2461\/revisions\/2469"}],"wp:featuredmedia":[{"embeddable":true,"href":"http:\/\/acaopolitica.com\/index.php\/wp-json\/wp\/v2\/media\/2466"}],"wp:attachment":[{"href":"http:\/\/acaopolitica.com\/index.php\/wp-json\/wp\/v2\/media?parent=2461"}],"wp:term":[{"taxonomy":"category","embeddable":true,"href":"http:\/\/acaopolitica.com\/index.php\/wp-json\/wp\/v2\/categories?post=2461"},{"taxonomy":"post_tag","embeddable":true,"href":"http:\/\/acaopolitica.com\/index.php\/wp-json\/wp\/v2\/tags?post=2461"}],"curies":[{"name":"wp","href":"https:\/\/api.w.org\/{rel}","templated":true}]}}