{"id":2524,"date":"2018-06-20T04:07:50","date_gmt":"2018-06-20T04:07:50","guid":{"rendered":"http:\/\/acaopolitica.com\/?p=2524"},"modified":"2018-06-22T05:26:56","modified_gmt":"2018-06-22T05:26:56","slug":"dom-pedro-ii-imperador-do-brasil","status":"publish","type":"post","link":"http:\/\/acaopolitica.com\/index.php\/2018\/06\/20\/dom-pedro-ii-imperador-do-brasil\/","title":{"rendered":"Dom Pedro II &#8211; Imperador do Brasil"},"content":{"rendered":"<p><a href=\"http:\/\/acaopolitica.com\/index.php\/2018\/06\/19\/algumas-leituras-para-entender-o-momento-presente-1\/\" target=\"_blank\" rel=\"noopener\">Algumas leituras para entender o momento presente &#8211; 1.<\/a><\/p>\n<p style=\"text-align: justify;\">Considere adquirir o livro: <a href=\"http:\/\/www.funag.gov.br\" target=\"_blank\" rel=\"noopener\">LINK PARA LIVRARIA<\/a><\/p>\n<p style=\"text-align: justify;\">Considere retribuir ao tradutor: <a href=\"http:\/\/www.funag.gov.br\" target=\"_blank\" rel=\"noopener\">SITE DO AUTOR<\/a><\/p>\n<p style=\"text-align: justify;\">Descri\u00e7\u00e3o do livro:<\/p>\n<p style=\"text-align: justify; padding-left: 30px;\">A transcri\u00e7\u00e3o foi feita com base na primeira edi\u00e7\u00e3o da tradu\u00e7\u00e3o em portugu\u00eas, de 1890, publicada, em S\u00e3o Paulo, pela \u201cEdi\u00e7\u00f5es Cultura Brasileira\u201d. O texto original em franc\u00eas, publicado em 1889, foi utilizado como apoio para dirimir d\u00favidas e restabelecer trechos omitidos ou truncados na tradu\u00e7\u00e3o para o portugu\u00eas. Em 1929, a \u201cEdi\u00e7\u00f5es Cultura Brasileira\u201d publicou uma segunda edi\u00e7\u00e3o, com tradu\u00e7\u00e3o de Herm\u00ednia Temudo Lessa. Procedeu\u00ad-se \u00e0 atualiza\u00e7\u00e3o ortogr\u00e1fca do texto e a grafa dos nomes pr\u00f3prios tamb\u00e9m foi modernizada, mas respeitou\u00adse n\u00e3o s\u00f3 a pontua\u00e7\u00e3o como o uso de mai\u00fasculas e min\u00fasculas, negritos e it\u00e1licos do texto original. Manteve\u00adse, ainda, a ordem dada aos livros listados na bibliografa, bem como o formato das refer\u00eancias e notas de rodap\u00e9.<\/p>\n<a href=\"http:\/\/acaopolitica.com\/wp-content\/plugins\/pdfjs-viewer-shortcode\/pdfjs\/web\/viewer.php?file=http%3A%2F%2Facaopolitica.com%2Fwp-content%2Fuploads%2F2018%2F06%2FD.-Pedro-II-Imperador-do-Brasil.pdf&download=true&print=true&openfile=false\">View Fullscreen<\/a><br><iframe width=\"100%\" height=\"1360px\" src=\"http:\/\/acaopolitica.com\/wp-content\/plugins\/pdfjs-viewer-shortcode\/pdfjs\/web\/viewer.php?file=http%3A%2F%2Facaopolitica.com%2Fwp-content%2Fuploads%2F2018%2F06%2FD.-Pedro-II-Imperador-do-Brasil.pdf&download=true&print=true&openfile=false\"><\/iframe> \n","protected":false},"excerpt":{"rendered":"<p>Algumas leituras para entender o momento presente &#8211; 1. Considere adquirir o livro: LINK PARA LIVRARIA Considere retribuir ao tradutor: SITE DO AUTOR Descri\u00e7\u00e3o do&#8230;<\/p>\n","protected":false},"author":1,"featured_media":2526,"comment_status":"open","ping_status":"open","sticky":false,"template":"","format":"standard","meta":[],"categories":[3],"tags":[],"_links":{"self":[{"href":"http:\/\/acaopolitica.com\/index.php\/wp-json\/wp\/v2\/posts\/2524"}],"collection":[{"href":"http:\/\/acaopolitica.com\/index.php\/wp-json\/wp\/v2\/posts"}],"about":[{"href":"http:\/\/acaopolitica.com\/index.php\/wp-json\/wp\/v2\/types\/post"}],"author":[{"embeddable":true,"href":"http:\/\/acaopolitica.com\/index.php\/wp-json\/wp\/v2\/users\/1"}],"replies":[{"embeddable":true,"href":"http:\/\/acaopolitica.com\/index.php\/wp-json\/wp\/v2\/comments?post=2524"}],"version-history":[{"count":2,"href":"http:\/\/acaopolitica.com\/index.php\/wp-json\/wp\/v2\/posts\/2524\/revisions"}],"predecessor-version":[{"id":2732,"href":"http:\/\/acaopolitica.com\/index.php\/wp-json\/wp\/v2\/posts\/2524\/revisions\/2732"}],"wp:featuredmedia":[{"embeddable":true,"href":"http:\/\/acaopolitica.com\/index.php\/wp-json\/wp\/v2\/media\/2526"}],"wp:attachment":[{"href":"http:\/\/acaopolitica.com\/index.php\/wp-json\/wp\/v2\/media?parent=2524"}],"wp:term":[{"taxonomy":"category","embeddable":true,"href":"http:\/\/acaopolitica.com\/index.php\/wp-json\/wp\/v2\/categories?post=2524"},{"taxonomy":"post_tag","embeddable":true,"href":"http:\/\/acaopolitica.com\/index.php\/wp-json\/wp\/v2\/tags?post=2524"}],"curies":[{"name":"wp","href":"https:\/\/api.w.org\/{rel}","templated":true}]}}