{"id":2529,"date":"2018-06-20T04:16:01","date_gmt":"2018-06-20T04:16:01","guid":{"rendered":"http:\/\/acaopolitica.com\/?p=2529"},"modified":"2018-06-22T05:26:45","modified_gmt":"2018-06-22T05:26:45","slug":"lobao-manifesto-do-nada-na-terra-do-nunca","status":"publish","type":"post","link":"http:\/\/acaopolitica.com\/index.php\/2018\/06\/20\/lobao-manifesto-do-nada-na-terra-do-nunca\/","title":{"rendered":"Lob\u00e3o &#8211; Manifesto do nada na terra do nunca"},"content":{"rendered":"<p><a href=\"http:\/\/acaopolitica.com\/index.php\/2018\/06\/19\/algumas-leituras-para-entender-o-momento-presente-1\/\" target=\"_blank\" rel=\"noopener\">Algumas leituras para entender o momento presente &#8211; 1.<\/a><\/p>\n<p style=\"text-align: justify;\">Considere adquirir o livro: <a href=\"https:\/\/www.saraiva.com.br\/lobao-manifesto-do-nada-na-terra-do-nunca-4891350.html\" target=\"_blank\" rel=\"noopener\">LINK PARA LIVRARIA<\/a><\/p>\n<p style=\"text-align: justify;\">Considere retribuir ao autor: <a href=\"https:\/\/twitter.com\/lobaoeletrico\" target=\"_blank\" rel=\"noopener\">SITE DO AUTOR<\/a><\/p>\n<p style=\"text-align: justify;\">Descri\u00e7\u00e3o do livro:<\/p>\n<p style=\"text-align: justify; padding-left: 30px;\">Quando aparece um ofendido que se acha no direito de vir me inquirindo com aquela famosa pergunta: \u201cQuem \u00e9 voc\u00ea?\u201d, eu respondo: Eu sou O NADA, drogado, decadente, matricida, epil\u00e9tico, reacion\u00e1rio, roqueiro. E como NADA eu vou contar para voc\u00eas a hist\u00f3ria da Terra do Nunca, o Brasil-Peter Pan que se recusa a crescer. Lob\u00e3o leva o leitor a pensar por conta pr\u00f3pria e prova ser poss\u00edvel \u2013 e necess\u00e1rio \u2013 divergir com eleg\u00e2ncia. \u00c9, como ele mesmo diz, \u201cchumbo grosso envolto em nuvens de veludo\u201d. Do seu ponto de vista original, Lob\u00e3o tra\u00e7a uma jornada tragic\u00f4mica pela est\u00e9tica e a pol\u00edtica do Brasil contempor\u00e2neo.<\/p>\n<a href=\"http:\/\/acaopolitica.com\/wp-content\/plugins\/pdfjs-viewer-shortcode\/pdfjs\/web\/viewer.php?file=http%3A%2F%2Facaopolitica.com%2Fwp-content%2Fuploads%2F2018%2F06%2FManifesto-do-Nada-na-Terra-do-Nunca-Lobao.pdf&download=true&print=true&openfile=false\">View Fullscreen<\/a><br><iframe width=\"100%\" height=\"1360px\" src=\"http:\/\/acaopolitica.com\/wp-content\/plugins\/pdfjs-viewer-shortcode\/pdfjs\/web\/viewer.php?file=http%3A%2F%2Facaopolitica.com%2Fwp-content%2Fuploads%2F2018%2F06%2FManifesto-do-Nada-na-Terra-do-Nunca-Lobao.pdf&download=true&print=true&openfile=false\"><\/iframe> \n","protected":false},"excerpt":{"rendered":"<p>Algumas leituras para entender o momento presente &#8211; 1. Considere adquirir o livro: LINK PARA LIVRARIA Considere retribuir ao autor: SITE DO AUTOR Descri\u00e7\u00e3o do&#8230;<\/p>\n","protected":false},"author":1,"featured_media":2531,"comment_status":"open","ping_status":"open","sticky":false,"template":"","format":"standard","meta":[],"categories":[3],"tags":[],"_links":{"self":[{"href":"http:\/\/acaopolitica.com\/index.php\/wp-json\/wp\/v2\/posts\/2529"}],"collection":[{"href":"http:\/\/acaopolitica.com\/index.php\/wp-json\/wp\/v2\/posts"}],"about":[{"href":"http:\/\/acaopolitica.com\/index.php\/wp-json\/wp\/v2\/types\/post"}],"author":[{"embeddable":true,"href":"http:\/\/acaopolitica.com\/index.php\/wp-json\/wp\/v2\/users\/1"}],"replies":[{"embeddable":true,"href":"http:\/\/acaopolitica.com\/index.php\/wp-json\/wp\/v2\/comments?post=2529"}],"version-history":[{"count":2,"href":"http:\/\/acaopolitica.com\/index.php\/wp-json\/wp\/v2\/posts\/2529\/revisions"}],"predecessor-version":[{"id":2731,"href":"http:\/\/acaopolitica.com\/index.php\/wp-json\/wp\/v2\/posts\/2529\/revisions\/2731"}],"wp:featuredmedia":[{"embeddable":true,"href":"http:\/\/acaopolitica.com\/index.php\/wp-json\/wp\/v2\/media\/2531"}],"wp:attachment":[{"href":"http:\/\/acaopolitica.com\/index.php\/wp-json\/wp\/v2\/media?parent=2529"}],"wp:term":[{"taxonomy":"category","embeddable":true,"href":"http:\/\/acaopolitica.com\/index.php\/wp-json\/wp\/v2\/categories?post=2529"},{"taxonomy":"post_tag","embeddable":true,"href":"http:\/\/acaopolitica.com\/index.php\/wp-json\/wp\/v2\/tags?post=2529"}],"curies":[{"name":"wp","href":"https:\/\/api.w.org\/{rel}","templated":true}]}}