{"id":2546,"date":"2018-06-20T04:41:19","date_gmt":"2018-06-20T04:41:19","guid":{"rendered":"http:\/\/acaopolitica.com\/?p=2546"},"modified":"2018-06-22T05:25:45","modified_gmt":"2018-06-22T05:25:45","slug":"mentiram-pra-mim-sobre-o-desarmamento","status":"publish","type":"post","link":"http:\/\/acaopolitica.com\/index.php\/2018\/06\/20\/mentiram-pra-mim-sobre-o-desarmamento\/","title":{"rendered":"Mentiram pra mim sobre o desarmamento"},"content":{"rendered":"<p><a href=\"http:\/\/acaopolitica.com\/index.php\/2018\/06\/19\/algumas-leituras-para-entender-o-momento-presente-1\/\" target=\"_blank\" rel=\"noopener\">Algumas leituras para entender o momento presente &#8211; 1.<\/a><\/p>\n<p style=\"text-align: justify;\">Considere adquirir o livro: <a href=\"https:\/\/www.saraiva.com.br\/mentiram-para-mim-sobre-o-desarmamento-8770914.html\" target=\"_blank\" rel=\"noopener\">LINK PARA LIVRARIA<\/a><\/p>\n<p style=\"text-align: justify;\">Considere retribuir ao autor: <a href=\"https:\/\/flavioquintela.com\/\" target=\"_blank\" rel=\"noopener\">SITE DO AUTOR<\/a><\/p>\n<p style=\"text-align: justify;\">Descri\u00e7\u00e3o do livro:<\/p>\n<p style=\"text-align: justify; padding-left: 30px;\">No segundo livro da s\u00e9rie \u201cMentiram para mim\u201d, Flavio Quintela est\u00e1 de volta, desta vez junto de Bene Barbosa, l\u00edder do Movimento Viva Brasil, para desmantelar e reduzir a chiados os argumentos mais usados pelos defensores do desarmamento: que pa\u00edses desarmados s\u00e3o mais seguros, que o governo quer desarmar as pessoas porque se preocupa com elas, que as armas precisam ser controladas para facilitar a solu\u00e7\u00e3o de crimes \u2013 entre outras frases prontas. Este livro \u00e9 resultado de uma pesquisa s\u00e9ria, feita com primor por seus autores, extremamente dedicados \u00e0 quest\u00e3o j\u00e1 por muito tempo, na qual s\u00e3o expostas as informa\u00e7\u00f5es reais a respeito dos benef\u00edcios que as armas trazem \u00e0 sociedade. Como em \u201cMentiram e muito para mim\u201d, este livro desfaz um grande n\u00famero de mal-entendidos e falsos pressupostos \u2013 e o faz sem d\u00f3.<\/p>\n<a href=\"http:\/\/acaopolitica.com\/wp-content\/plugins\/pdfjs-viewer-shortcode\/pdfjs\/web\/viewer.php?file=http%3A%2F%2Facaopolitica.com%2Fwp-content%2Fuploads%2F2018%2F06%2FMentiram-para-mim-sobre-o-desar-Flavio-Quintela.pdf&download=true&print=true&openfile=false\">View Fullscreen<\/a><br><iframe width=\"100%\" height=\"1360px\" src=\"http:\/\/acaopolitica.com\/wp-content\/plugins\/pdfjs-viewer-shortcode\/pdfjs\/web\/viewer.php?file=http%3A%2F%2Facaopolitica.com%2Fwp-content%2Fuploads%2F2018%2F06%2FMentiram-para-mim-sobre-o-desar-Flavio-Quintela.pdf&download=true&print=true&openfile=false\"><\/iframe> \n","protected":false},"excerpt":{"rendered":"<p>Algumas leituras para entender o momento presente &#8211; 1. Considere adquirir o livro: LINK PARA LIVRARIA Considere retribuir ao autor: SITE DO AUTOR Descri\u00e7\u00e3o do&#8230;<\/p>\n","protected":false},"author":1,"featured_media":2548,"comment_status":"open","ping_status":"open","sticky":false,"template":"","format":"standard","meta":[],"categories":[3],"tags":[],"_links":{"self":[{"href":"http:\/\/acaopolitica.com\/index.php\/wp-json\/wp\/v2\/posts\/2546"}],"collection":[{"href":"http:\/\/acaopolitica.com\/index.php\/wp-json\/wp\/v2\/posts"}],"about":[{"href":"http:\/\/acaopolitica.com\/index.php\/wp-json\/wp\/v2\/types\/post"}],"author":[{"embeddable":true,"href":"http:\/\/acaopolitica.com\/index.php\/wp-json\/wp\/v2\/users\/1"}],"replies":[{"embeddable":true,"href":"http:\/\/acaopolitica.com\/index.php\/wp-json\/wp\/v2\/comments?post=2546"}],"version-history":[{"count":3,"href":"http:\/\/acaopolitica.com\/index.php\/wp-json\/wp\/v2\/posts\/2546\/revisions"}],"predecessor-version":[{"id":2728,"href":"http:\/\/acaopolitica.com\/index.php\/wp-json\/wp\/v2\/posts\/2546\/revisions\/2728"}],"wp:featuredmedia":[{"embeddable":true,"href":"http:\/\/acaopolitica.com\/index.php\/wp-json\/wp\/v2\/media\/2548"}],"wp:attachment":[{"href":"http:\/\/acaopolitica.com\/index.php\/wp-json\/wp\/v2\/media?parent=2546"}],"wp:term":[{"taxonomy":"category","embeddable":true,"href":"http:\/\/acaopolitica.com\/index.php\/wp-json\/wp\/v2\/categories?post=2546"},{"taxonomy":"post_tag","embeddable":true,"href":"http:\/\/acaopolitica.com\/index.php\/wp-json\/wp\/v2\/tags?post=2546"}],"curies":[{"name":"wp","href":"https:\/\/api.w.org\/{rel}","templated":true}]}}