{"id":2566,"date":"2018-06-20T05:11:18","date_gmt":"2018-06-20T05:11:18","guid":{"rendered":"http:\/\/acaopolitica.com\/?p=2566"},"modified":"2018-06-22T05:25:17","modified_gmt":"2018-06-22T05:25:17","slug":"descontruindo-paulo-freire","status":"publish","type":"post","link":"http:\/\/acaopolitica.com\/index.php\/2018\/06\/20\/descontruindo-paulo-freire\/","title":{"rendered":"Desconstruindo Paulo Freire"},"content":{"rendered":"<p><a href=\"http:\/\/acaopolitica.com\/index.php\/2018\/06\/19\/algumas-leituras-para-entender-o-momento-presente-1\/\" target=\"_blank\" rel=\"noopener\">Algumas leituras para entender o momento presente &#8211; 1.<\/a><\/p>\n<p style=\"text-align: justify;\">Considere adquirir o livro: <a href=\"https:\/\/www.livrariacultura.com.br\/p\/livros\/educacao\/pedagogia\/desconstruindo-paulo-freire-46582142?id_link=13574&amp;gclid=CjwKCAjw06LZBRBNEiwA2vgMVV0JmX3Gz7BaO-8wWAgvS0esfgxCoNMLl9NdZNAaLpPuGTFNs79cqRoC7pcQAvD_BwE\" target=\"_blank\" rel=\"noopener\">LINK PARA LIVRARIA<\/a><\/p>\n<p style=\"text-align: justify;\">Considere retribuir ao autor: n\u00e3o encontrado site do autor<\/p>\n<p style=\"text-align: justify;\">Descri\u00e7\u00e3o do livro:<\/p>\n<p style=\"text-align: justify; padding-left: 30px;\">&#8220;Embasado nas pluralizadas experi\u00eancias individuais, afirmo, sem qualquer receio de parecer quixotesco, que boa parte de nossos ve\u00edculos pedag\u00f3gicos, sejam eles os espa\u00e7os universit\u00e1rios ou o mercado editorial, acabam por endossar o totalitarismo pedag\u00f3gico de Paulo Freire, adotando um equivocado comportamento reducionista no campo das ideias e greg\u00e1rio na sele\u00e7\u00e3o de uma \u00fanica forma de expor a pedagogia brasileira. A reputa\u00e7\u00e3o deste trabalho justifica-se pelo escasso material verdadeiramente anal\u00edtico dispon\u00edvel para estudos. Dessa forma, a produ\u00e7\u00e3o intelectual &#8216;Desconstruindo Paulo Freire&#8217; tenta cumprir o dever de apresentar ao p\u00fablico leitor uma realidade desconhecida sobre o nosso atual baluarte pedag\u00f3gico, fundamentando-se em uma metodologia l\u00facida, preocupada em abordar de modo realista a vida e a obra do atual Patrono da Educa\u00e7\u00e3o Brasileira &#8211; sem as frequentes irracionalidades que marcam os olhares sobre o autor das concep\u00e7\u00f5es banc\u00e1rias de educa\u00e7\u00e3o. Selecionei para este trabalho textos in\u00e9ditos de pesquisadores das mais variadas \u00e1reas, ampliando o alcance investigativo do livro. Estimulado pelo desejo de qualificar o debate sobre os nossos problemas pedag\u00f3gicos, sem amarras doutrin\u00e1rias, escorado no desejo de pensar a nossa hist\u00f3ria \u00e0 luz da verdade, evitando macular o dom da linguagem, \u00e9 que deixo em suas m\u00e3os, caridosos leitores, a possibilidade de publica\u00e7\u00e3o deste trabalho necess\u00e1rio \u00e0 adequada compreens\u00e3o de nossas neblinas contempor\u00e2neas.&#8221; &#8211; Thomas Giulliano Ferreira Dos Santos<\/p>\n<a href=\"http:\/\/acaopolitica.com\/wp-content\/plugins\/pdfjs-viewer-shortcode\/pdfjs\/web\/viewer.php?file=http%3A%2F%2Facaopolitica.com%2Fwp-content%2Fuploads%2F2018%2F06%2FDesconstruindo-Paulo-Freire-Thomas-Giulliano.pdf&download=true&print=true&openfile=false\">View Fullscreen<\/a><br><iframe width=\"100%\" height=\"1360px\" src=\"http:\/\/acaopolitica.com\/wp-content\/plugins\/pdfjs-viewer-shortcode\/pdfjs\/web\/viewer.php?file=http%3A%2F%2Facaopolitica.com%2Fwp-content%2Fuploads%2F2018%2F06%2FDesconstruindo-Paulo-Freire-Thomas-Giulliano.pdf&download=true&print=true&openfile=false\"><\/iframe> \n","protected":false},"excerpt":{"rendered":"<p>Algumas leituras para entender o momento presente &#8211; 1. Considere adquirir o livro: LINK PARA LIVRARIA Considere retribuir ao autor: n\u00e3o encontrado site do autor&#8230;<\/p>\n","protected":false},"author":1,"featured_media":2567,"comment_status":"open","ping_status":"open","sticky":false,"template":"","format":"standard","meta":[],"categories":[3],"tags":[],"_links":{"self":[{"href":"http:\/\/acaopolitica.com\/index.php\/wp-json\/wp\/v2\/posts\/2566"}],"collection":[{"href":"http:\/\/acaopolitica.com\/index.php\/wp-json\/wp\/v2\/posts"}],"about":[{"href":"http:\/\/acaopolitica.com\/index.php\/wp-json\/wp\/v2\/types\/post"}],"author":[{"embeddable":true,"href":"http:\/\/acaopolitica.com\/index.php\/wp-json\/wp\/v2\/users\/1"}],"replies":[{"embeddable":true,"href":"http:\/\/acaopolitica.com\/index.php\/wp-json\/wp\/v2\/comments?post=2566"}],"version-history":[{"count":3,"href":"http:\/\/acaopolitica.com\/index.php\/wp-json\/wp\/v2\/posts\/2566\/revisions"}],"predecessor-version":[{"id":2724,"href":"http:\/\/acaopolitica.com\/index.php\/wp-json\/wp\/v2\/posts\/2566\/revisions\/2724"}],"wp:featuredmedia":[{"embeddable":true,"href":"http:\/\/acaopolitica.com\/index.php\/wp-json\/wp\/v2\/media\/2567"}],"wp:attachment":[{"href":"http:\/\/acaopolitica.com\/index.php\/wp-json\/wp\/v2\/media?parent=2566"}],"wp:term":[{"taxonomy":"category","embeddable":true,"href":"http:\/\/acaopolitica.com\/index.php\/wp-json\/wp\/v2\/categories?post=2566"},{"taxonomy":"post_tag","embeddable":true,"href":"http:\/\/acaopolitica.com\/index.php\/wp-json\/wp\/v2\/tags?post=2566"}],"curies":[{"name":"wp","href":"https:\/\/api.w.org\/{rel}","templated":true}]}}