{"id":2581,"date":"2018-06-20T05:42:35","date_gmt":"2018-06-20T05:42:35","guid":{"rendered":"http:\/\/acaopolitica.com\/?p=2581"},"modified":"2018-06-22T05:23:38","modified_gmt":"2018-06-22T05:23:38","slug":"tomada-do-brasil-pelos-maus-brasileiros","status":"publish","type":"post","link":"http:\/\/acaopolitica.com\/index.php\/2018\/06\/20\/tomada-do-brasil-pelos-maus-brasileiros\/","title":{"rendered":"A tomada do Brasil pelos maus brasileiros"},"content":{"rendered":"<p><a href=\"http:\/\/acaopolitica.com\/index.php\/2018\/06\/19\/algumas-leituras-para-entender-o-momento-presente-1\/\" target=\"_blank\" rel=\"noopener\">Algumas leituras para entender o momento presente &#8211; 1.<\/a><\/p>\n<p style=\"text-align: justify;\">Considere adquirir o livro: <a href=\"https:\/\/www.amazon.com.br\/tomada-Brasil-pelos-maus-brasileiros-ebook\/dp\/B019EE5X4K\" target=\"_blank\" rel=\"noopener\">LINK PARA LIVRARIA<\/a><\/p>\n<p style=\"text-align: justify;\">Considere retribuir ao autor: <a href=\"http:\/\/www.puggina.org\/\" target=\"_blank\" rel=\"noopener\">SITE DO AUTOR<\/a><\/p>\n<p style=\"text-align: justify;\">Descri\u00e7\u00e3o do livro:<\/p>\n<p style=\"text-align: justify; padding-left: 30px;\">Em seu novo livro, Percival Puggina apresenta seus artigos escritos entre 2011 e 2015 \u2013 em um dos per\u00edodos de maiores turbul\u00eancias da democracia brasileira. Atualizados e organizados por temas, os textos oferecem uma vis\u00e3o sobre os problemas nacionais de uma forma t\u00e3o distante do padr\u00e3o jornal\u00edstico atual quanto pr\u00f3xima da percep\u00e7\u00e3o do povo brasileiro.<\/p>\n<p style=\"text-align: justify; padding-left: 30px;\">A tomada do Brasil pelos maus brasileiros \u2013 Cr\u00f4nicas \u00e0 margem da hist\u00f3ria contempor\u00e2nea re\u00fane os \u00faltimos cinco anos de escritos de um dos pensadores mais originais e tenazes da jovem e cambaleante democracia brasileira. Da revolu\u00e7\u00e3o cultural ao desarmamento civil, das decis\u00f5es do STF \u00e0 Comiss\u00e3o da Verdade, de Marx a Lula, passando por Foro de S\u00e3o Paulo, Partido dos Trabalhadores e Teologia da Liberta\u00e7\u00e3o, nada escapa a Percival Puggina.<\/p>\n<p style=\"text-align: justify; padding-left: 30px;\">As causas e origens de nossos problemas s\u00e3o complexas, mas a situa\u00e7\u00e3o se tem agravado gra\u00e7as \u00e0 a\u00e7\u00e3o dos maus brasileiros, que soem transitar pela via esquerda de nossa Hist\u00f3ria. E os textos que comp\u00f5em este livro est\u00e3o organizados de modo a oferecer explica\u00e7\u00f5es sobre esse processo. S\u00e3o coment\u00e1rios atuais e certeiros, cr\u00f4nicas inseridas em contextos espec\u00edficos, mas que, articuladas como se apresentam, descrevem com precis\u00e3o os porqu\u00eas da pen\u00faria brasileira. E ainda apontam como podemos reagir e ressurgir.<\/p>\n<p style=\"text-align: justify; padding-left: 30px;\">Aos 70 anos de idade, o autor \u00e9 membro da Academia Rio-Grandense de Letras e colunista do jornal Zero Hora e de dezenas de jornais e sites de todo o Brasil.<\/p>\n<a href=\"http:\/\/acaopolitica.com\/wp-content\/plugins\/pdfjs-viewer-shortcode\/pdfjs\/web\/viewer.php?file=http%3A%2F%2Facaopolitica.com%2Fwp-content%2Fuploads%2F2018%2F06%2FA-Tomada-do-Brasil-pelos-Maus-Brasileiros-Percival-Puggina.pdf&download=true&print=true&openfile=false\">View Fullscreen<\/a><br><iframe width=\"100%\" height=\"1360px\" src=\"http:\/\/acaopolitica.com\/wp-content\/plugins\/pdfjs-viewer-shortcode\/pdfjs\/web\/viewer.php?file=http%3A%2F%2Facaopolitica.com%2Fwp-content%2Fuploads%2F2018%2F06%2FA-Tomada-do-Brasil-pelos-Maus-Brasileiros-Percival-Puggina.pdf&download=true&print=true&openfile=false\"><\/iframe> \n","protected":false},"excerpt":{"rendered":"<p>Algumas leituras para entender o momento presente &#8211; 1. Considere adquirir o livro: LINK PARA LIVRARIA Considere retribuir ao autor: SITE DO AUTOR Descri\u00e7\u00e3o do&#8230;<\/p>\n","protected":false},"author":1,"featured_media":2583,"comment_status":"open","ping_status":"open","sticky":false,"template":"","format":"standard","meta":[],"categories":[3],"tags":[],"_links":{"self":[{"href":"http:\/\/acaopolitica.com\/index.php\/wp-json\/wp\/v2\/posts\/2581"}],"collection":[{"href":"http:\/\/acaopolitica.com\/index.php\/wp-json\/wp\/v2\/posts"}],"about":[{"href":"http:\/\/acaopolitica.com\/index.php\/wp-json\/wp\/v2\/types\/post"}],"author":[{"embeddable":true,"href":"http:\/\/acaopolitica.com\/index.php\/wp-json\/wp\/v2\/users\/1"}],"replies":[{"embeddable":true,"href":"http:\/\/acaopolitica.com\/index.php\/wp-json\/wp\/v2\/comments?post=2581"}],"version-history":[{"count":2,"href":"http:\/\/acaopolitica.com\/index.php\/wp-json\/wp\/v2\/posts\/2581\/revisions"}],"predecessor-version":[{"id":2715,"href":"http:\/\/acaopolitica.com\/index.php\/wp-json\/wp\/v2\/posts\/2581\/revisions\/2715"}],"wp:featuredmedia":[{"embeddable":true,"href":"http:\/\/acaopolitica.com\/index.php\/wp-json\/wp\/v2\/media\/2583"}],"wp:attachment":[{"href":"http:\/\/acaopolitica.com\/index.php\/wp-json\/wp\/v2\/media?parent=2581"}],"wp:term":[{"taxonomy":"category","embeddable":true,"href":"http:\/\/acaopolitica.com\/index.php\/wp-json\/wp\/v2\/categories?post=2581"},{"taxonomy":"post_tag","embeddable":true,"href":"http:\/\/acaopolitica.com\/index.php\/wp-json\/wp\/v2\/tags?post=2581"}],"curies":[{"name":"wp","href":"https:\/\/api.w.org\/{rel}","templated":true}]}}