{"id":2615,"date":"2018-06-21T03:26:44","date_gmt":"2018-06-21T03:26:44","guid":{"rendered":"http:\/\/acaopolitica.com\/?p=2615"},"modified":"2018-06-22T05:22:28","modified_gmt":"2018-06-22T05:22:28","slug":"ideias-conservadoras-livro-joao-pereira-coutinho","status":"publish","type":"post","link":"http:\/\/acaopolitica.com\/index.php\/2018\/06\/21\/ideias-conservadoras-livro-joao-pereira-coutinho\/","title":{"rendered":"As id\u00e9ias conservadoras"},"content":{"rendered":"<p><a href=\"http:\/\/acaopolitica.com\/index.php\/2018\/06\/19\/algumas-leituras-para-entender-o-momento-presente-1\/\" target=\"_blank\" rel=\"noopener\">Algumas leituras para entender o momento presente &#8211; 1.<\/a><\/p>\n<p style=\"text-align: justify;\">Considere adquirir o livro: <a href=\"https:\/\/www.livrariacultura.com.br\/p\/livros\/ciencias-sociais\/ciencias-politicas\/as-ideias-conservadoras-42233556\" target=\"_blank\" rel=\"noopener\">LINK PARA LIVRARIA<\/a><\/p>\n<p style=\"text-align: justify;\">Considere retribuir ao autor: <a href=\"http:\/\/www.jpcoutinho.com\/\" target=\"_blank\" rel=\"noopener\">SITE DO AUTOR<\/a><\/p>\n<p style=\"text-align: justify;\">Descri\u00e7\u00e3o do livro:<\/p>\n<p style=\"text-align: justify; padding-left: 30px;\">Em um pa\u00eds de democracia recente e marcado historicamente por ditaduras como o Brasil, o pensamento pol\u00edtico conservador costuma ser associado ao autoritarismo e \u00e0 supress\u00e3o das liberdades individuais. O audacioso objetivo deste livro \u00e9 desfazer esse equ\u00edvoco e apresentar ao leitor as ideias conservadoras, que n\u00e3o se confundem com as doutrinas reacion\u00e1rias. Para o jornalista e cientista pol\u00edtico Jo\u00e3o Pereira Coutinho, o conservadorismo \u00e9 o modo de a sociedade preservar o melhor que, com base na tradi\u00e7\u00e3o democr\u00e1tica, ela criou para garantir a paz, a liberdade dos cidad\u00e3os e o vigor das institui\u00e7\u00f5es. Com linguagem clara e envolvente, o autor exp\u00f5e o pensamento dos principais fil\u00f3sofos conservadores, ao mesmo tempo que tece uma reflex\u00e3o pol\u00edtica de importante significado para a atualidade. Contra radicalismos crescentes \u00e0 direita e \u00e0 esquerda, Coutinho defende o primado da lucidez e do equil\u00edbrio.<\/p>\n<a href=\"http:\/\/acaopolitica.com\/wp-content\/plugins\/pdfjs-viewer-shortcode\/pdfjs\/web\/viewer.php?file=http%3A%2F%2Facaopolitica.com%2Fwp-content%2Fuploads%2F2018%2F06%2FAs-Ideias-Conservadoras-Jo%C3%A3o-Pereira-Coutinho.pdf&download=true&print=true&openfile=false\">View Fullscreen<\/a><br><iframe width=\"100%\" height=\"1360px\" src=\"http:\/\/acaopolitica.com\/wp-content\/plugins\/pdfjs-viewer-shortcode\/pdfjs\/web\/viewer.php?file=http%3A%2F%2Facaopolitica.com%2Fwp-content%2Fuploads%2F2018%2F06%2FAs-Ideias-Conservadoras-Jo%C3%A3o-Pereira-Coutinho.pdf&download=true&print=true&openfile=false\"><\/iframe> \n","protected":false},"excerpt":{"rendered":"<p>Algumas leituras para entender o momento presente &#8211; 1. Considere adquirir o livro: LINK PARA LIVRARIA Considere retribuir ao autor: SITE DO AUTOR Descri\u00e7\u00e3o do&#8230;<\/p>\n","protected":false},"author":1,"featured_media":2617,"comment_status":"open","ping_status":"open","sticky":false,"template":"","format":"standard","meta":[],"categories":[3],"tags":[],"_links":{"self":[{"href":"http:\/\/acaopolitica.com\/index.php\/wp-json\/wp\/v2\/posts\/2615"}],"collection":[{"href":"http:\/\/acaopolitica.com\/index.php\/wp-json\/wp\/v2\/posts"}],"about":[{"href":"http:\/\/acaopolitica.com\/index.php\/wp-json\/wp\/v2\/types\/post"}],"author":[{"embeddable":true,"href":"http:\/\/acaopolitica.com\/index.php\/wp-json\/wp\/v2\/users\/1"}],"replies":[{"embeddable":true,"href":"http:\/\/acaopolitica.com\/index.php\/wp-json\/wp\/v2\/comments?post=2615"}],"version-history":[{"count":2,"href":"http:\/\/acaopolitica.com\/index.php\/wp-json\/wp\/v2\/posts\/2615\/revisions"}],"predecessor-version":[{"id":2709,"href":"http:\/\/acaopolitica.com\/index.php\/wp-json\/wp\/v2\/posts\/2615\/revisions\/2709"}],"wp:featuredmedia":[{"embeddable":true,"href":"http:\/\/acaopolitica.com\/index.php\/wp-json\/wp\/v2\/media\/2617"}],"wp:attachment":[{"href":"http:\/\/acaopolitica.com\/index.php\/wp-json\/wp\/v2\/media?parent=2615"}],"wp:term":[{"taxonomy":"category","embeddable":true,"href":"http:\/\/acaopolitica.com\/index.php\/wp-json\/wp\/v2\/categories?post=2615"},{"taxonomy":"post_tag","embeddable":true,"href":"http:\/\/acaopolitica.com\/index.php\/wp-json\/wp\/v2\/tags?post=2615"}],"curies":[{"name":"wp","href":"https:\/\/api.w.org\/{rel}","templated":true}]}}