{"id":2653,"date":"2018-06-21T16:47:31","date_gmt":"2018-06-21T16:47:31","guid":{"rendered":"http:\/\/acaopolitica.com\/?p=2653"},"modified":"2018-06-22T05:21:01","modified_gmt":"2018-06-22T05:21:01","slug":"quem-controla-a-escola-governa-o-mundo","status":"publish","type":"post","link":"http:\/\/acaopolitica.com\/index.php\/2018\/06\/21\/quem-controla-a-escola-governa-o-mundo\/","title":{"rendered":"Quem controla a escola governa o mundo"},"content":{"rendered":"<p><a href=\"http:\/\/acaopolitica.com\/index.php\/2018\/06\/19\/algumas-leituras-para-entender-o-momento-presente-1\/\" target=\"_blank\" rel=\"noopener\">Algumas leituras para entender o momento presente &#8211; 1.<\/a><\/p>\n<p style=\"text-align: justify;\">Considere adquirir o livro: <a href=\"https:\/\/editoramonergismo.com.br\/products\/quem-controla-a-escola-governa-o-mundo\" target=\"_blank\" rel=\"noopener\">LINK DA LIVRARIA<\/a><\/p>\n<p style=\"text-align: justify;\">Considere retribuir ao autor: <a href=\"https:\/\/garydemar.com\/\">SITE DO AUTOR<\/a><\/p>\n<p style=\"text-align: justify;\">Descri\u00e7\u00e3o do livro:<\/p>\n<p style=\"text-align: justify; padding-left: 30px;\">\u201cUma das ferramentas mais \u00fateis na busca pelo poder \u00e9 o sistema educacional.\u201d<\/p>\n<p style=\"text-align: justify; padding-left: 30px;\">H\u00e1 um dito popular: \u201cA filosofia da sala de aula desta gera\u00e7\u00e3o ser\u00e1 a filosofia de vida da pr\u00f3xima gera\u00e7\u00e3o\u201d.<br \/>\nOs antigos fundadores dos EUA o entendiam bem. Esse \u00e9 o porqu\u00ea, ap\u00f3s constru\u00edrem casas e igrejas, terem estabelecido institui\u00e7\u00f5es educacionais como Harvard, Yale, Columbia e Darmouth. Com o passar do tempo, a maioria dos crist\u00e3os passou a adotar a falsa premissa de que os fatos s\u00e3o neutros. Eles creem n\u00e3o importar quem ensine matem\u00e1tica, ci\u00eancia e hist\u00f3ria, pois fatos s\u00e3o fatos. Os humanistas se aproveitaram desse tipo de pensamento por meio da mudan\u00e7a e do controle gradual da educa\u00e7\u00e3o nos termos dos pressupostos materialistas.<br \/>\nQuem controla a escola governa o mundo mostra como a educa\u00e7\u00e3o pode ser usada como instrumento de mudan\u00e7a social desde Karl Marx e Adolf Hitler at\u00e9 o humanismo secular e o islamismo radical. Os oponentes da nossa cosmovis\u00e3o entenderam que na educa\u00e7\u00e3o se trava a guerra de ideias. Se n\u00f3s crist\u00e3os formos s\u00e9rios a fim de assegurarmos o futuro dos nossos filhos, ent\u00e3o devemos entender a natureza da guerra que lutamos. Se voc\u00ea tem filhos, quer filhos, ou conhece algu\u00e9m que tenha filhos \u2014 voc\u00ea precisa tomar este livro e l\u00ea-lo antes que seja tarde demais para salvar a gera\u00e7\u00e3o que nos seguir\u00e1 dentre as ru\u00ednas.<\/p>\n<a href=\"http:\/\/acaopolitica.com\/wp-content\/plugins\/pdfjs-viewer-shortcode\/pdfjs\/web\/viewer.php?file=http%3A%2F%2Facaopolitica.com%2Fwp-content%2Fuploads%2F2018%2F06%2FQuem-controla-as-escolas-govern-Gary-DeMar-1.pdf&download=true&print=true&openfile=false\">View Fullscreen<\/a><br><iframe width=\"100%\" height=\"1360px\" src=\"http:\/\/acaopolitica.com\/wp-content\/plugins\/pdfjs-viewer-shortcode\/pdfjs\/web\/viewer.php?file=http%3A%2F%2Facaopolitica.com%2Fwp-content%2Fuploads%2F2018%2F06%2FQuem-controla-as-escolas-govern-Gary-DeMar-1.pdf&download=true&print=true&openfile=false\"><\/iframe> \n","protected":false},"excerpt":{"rendered":"<p>Algumas leituras para entender o momento presente &#8211; 1. Considere adquirir o livro: LINK DA LIVRARIA Considere retribuir ao autor: SITE DO AUTOR Descri\u00e7\u00e3o do&#8230;<\/p>\n","protected":false},"author":1,"featured_media":2660,"comment_status":"open","ping_status":"open","sticky":false,"template":"","format":"standard","meta":[],"categories":[3],"tags":[],"_links":{"self":[{"href":"http:\/\/acaopolitica.com\/index.php\/wp-json\/wp\/v2\/posts\/2653"}],"collection":[{"href":"http:\/\/acaopolitica.com\/index.php\/wp-json\/wp\/v2\/posts"}],"about":[{"href":"http:\/\/acaopolitica.com\/index.php\/wp-json\/wp\/v2\/types\/post"}],"author":[{"embeddable":true,"href":"http:\/\/acaopolitica.com\/index.php\/wp-json\/wp\/v2\/users\/1"}],"replies":[{"embeddable":true,"href":"http:\/\/acaopolitica.com\/index.php\/wp-json\/wp\/v2\/comments?post=2653"}],"version-history":[{"count":2,"href":"http:\/\/acaopolitica.com\/index.php\/wp-json\/wp\/v2\/posts\/2653\/revisions"}],"predecessor-version":[{"id":2702,"href":"http:\/\/acaopolitica.com\/index.php\/wp-json\/wp\/v2\/posts\/2653\/revisions\/2702"}],"wp:featuredmedia":[{"embeddable":true,"href":"http:\/\/acaopolitica.com\/index.php\/wp-json\/wp\/v2\/media\/2660"}],"wp:attachment":[{"href":"http:\/\/acaopolitica.com\/index.php\/wp-json\/wp\/v2\/media?parent=2653"}],"wp:term":[{"taxonomy":"category","embeddable":true,"href":"http:\/\/acaopolitica.com\/index.php\/wp-json\/wp\/v2\/categories?post=2653"},{"taxonomy":"post_tag","embeddable":true,"href":"http:\/\/acaopolitica.com\/index.php\/wp-json\/wp\/v2\/tags?post=2653"}],"curies":[{"name":"wp","href":"https:\/\/api.w.org\/{rel}","templated":true}]}}