{"id":2662,"date":"2018-06-21T17:11:20","date_gmt":"2018-06-21T17:11:20","guid":{"rendered":"http:\/\/acaopolitica.com\/?p=2662"},"modified":"2018-06-22T05:19:01","modified_gmt":"2018-06-22T05:19:01","slug":"mentalidade-anticapitalista-ludwig-von-mises","status":"publish","type":"post","link":"http:\/\/acaopolitica.com\/index.php\/2018\/06\/21\/mentalidade-anticapitalista-ludwig-von-mises\/","title":{"rendered":"A mentalidade anticapitalista"},"content":{"rendered":"<p><a href=\"http:\/\/acaopolitica.com\/index.php\/2018\/06\/19\/algumas-leituras-para-entender-o-momento-presente-1\/\" target=\"_blank\" rel=\"noopener\">Algumas leituras para entender o momento presente &#8211; 1.<\/a><\/p>\n<p style=\"text-align: justify;\">Considere adquirir o livro: <a href=\"https:\/\/www.saraiva.com.br\/a-mentalidade-anticapitalista-9201819.html\" target=\"_blank\" rel=\"noopener\">LINK DA LIVRARIA<\/a><\/p>\n<p style=\"text-align: justify;\">Considere retribuir ao autor: <a href=\"https:\/\/mises.org\/profile\/ludwig-von-mises\">SITE DO AUTOR<\/a><\/p>\n<p style=\"text-align: justify;\">Descri\u00e7\u00e3o do livro:<\/p>\n<p style=\"text-align: justify; padding-left: 30px;\">&#8216;O capitalismo \u00e9 o sistema de organiza\u00e7\u00e3o econ\u00f4mica mais vilipendiado, difamado, criticado e caluniado que existe. Todos adoram detestar o livre mercado \u2013 de oper\u00e1rios a intelectuais, de artistas a sacerdotes, de pol\u00edticos a empres\u00e1rios. Mas o mais intrigante nessa hist\u00f3ria toda \u00e9 que o capitalismo&#8230; funciona.<br \/>\nTeorias socialistas e intervencionistas de toda sorte pretendem criar uma narrativa coerente para os males que acometem a civiliza\u00e7\u00e3o, e lidam com s\u00edmbolos bastante convincentes: \u201cExistem muitos pobres porque alguns s\u00e3o ricos\u201d. \u201cExistem patr\u00f5es porque tantos outros n\u00e3o passam de empregados\u201d. \u201cExistem criadores porque muitos fazem o servi\u00e7o bra\u00e7al e mec\u00e2nico\u201d.<br \/>\nNada mais verdadeiro e, paradoxalmente, nada mais falso. A economia n\u00e3o \u00e9 conta de soma zero. O sistema de livre mercado \u2013 de trocas e coopera\u00e7\u00e3o volunt\u00e1rias \u2013 \u00e9, t\u00e3o-somente, o exerc\u00edcio da liberdade de escolha, de empreendimento, de inventividade e dilig\u00eancia a servi\u00e7o da sociedade humana. O capitalismo produziu muito mais riqueza e prosperidade do que todos os outros regimes que o ante-<br \/>\ncederam, e essa riqueza teve como efeito uma margem ainda maior de liberdade e meios de a\u00e7\u00e3o para os mais pobres que, sabemos, inexiste nos pa\u00edses que adotaram as doutrinas marxistas.<br \/>\nE o que mais impressiona neste ensaio fundamental de Ludwig von Mises, A Mentalidade Anticapitalista, talvez seja sua data de publica\u00e7\u00e3o: 1956. Se eu lesse este livro e desconhecesse o autor, e se me contassem que houvera sido publicado anteontem, eu nem desconfiaria. Os assuntos de que trata s\u00e3o atual\u00edssimos. Bem como atual\u00edssima \u00e9 a clarivid\u00eancia com que o faz.&#8217;<\/p>\n<a href=\"http:\/\/acaopolitica.com\/wp-content\/plugins\/pdfjs-viewer-shortcode\/pdfjs\/web\/viewer.php?file=http%3A%2F%2Facaopolitica.com%2Fwp-content%2Fuploads%2F2018%2F06%2FA-Mentalidade-Anticapitalista-Ludwig-Von-Mises.pdf&download=true&print=true&openfile=false\">View Fullscreen<\/a><br><iframe width=\"100%\" height=\"1360px\" src=\"http:\/\/acaopolitica.com\/wp-content\/plugins\/pdfjs-viewer-shortcode\/pdfjs\/web\/viewer.php?file=http%3A%2F%2Facaopolitica.com%2Fwp-content%2Fuploads%2F2018%2F06%2FA-Mentalidade-Anticapitalista-Ludwig-Von-Mises.pdf&download=true&print=true&openfile=false\"><\/iframe> \n","protected":false},"excerpt":{"rendered":"<p>Algumas leituras para entender o momento presente &#8211; 1. Considere adquirir o livro: LINK DA LIVRARIA Considere retribuir ao autor: SITE DO AUTOR Descri\u00e7\u00e3o do&#8230;<\/p>\n","protected":false},"author":1,"featured_media":2664,"comment_status":"open","ping_status":"open","sticky":false,"template":"","format":"standard","meta":[],"categories":[3],"tags":[],"_links":{"self":[{"href":"http:\/\/acaopolitica.com\/index.php\/wp-json\/wp\/v2\/posts\/2662"}],"collection":[{"href":"http:\/\/acaopolitica.com\/index.php\/wp-json\/wp\/v2\/posts"}],"about":[{"href":"http:\/\/acaopolitica.com\/index.php\/wp-json\/wp\/v2\/types\/post"}],"author":[{"embeddable":true,"href":"http:\/\/acaopolitica.com\/index.php\/wp-json\/wp\/v2\/users\/1"}],"replies":[{"embeddable":true,"href":"http:\/\/acaopolitica.com\/index.php\/wp-json\/wp\/v2\/comments?post=2662"}],"version-history":[{"count":2,"href":"http:\/\/acaopolitica.com\/index.php\/wp-json\/wp\/v2\/posts\/2662\/revisions"}],"predecessor-version":[{"id":2701,"href":"http:\/\/acaopolitica.com\/index.php\/wp-json\/wp\/v2\/posts\/2662\/revisions\/2701"}],"wp:featuredmedia":[{"embeddable":true,"href":"http:\/\/acaopolitica.com\/index.php\/wp-json\/wp\/v2\/media\/2664"}],"wp:attachment":[{"href":"http:\/\/acaopolitica.com\/index.php\/wp-json\/wp\/v2\/media?parent=2662"}],"wp:term":[{"taxonomy":"category","embeddable":true,"href":"http:\/\/acaopolitica.com\/index.php\/wp-json\/wp\/v2\/categories?post=2662"},{"taxonomy":"post_tag","embeddable":true,"href":"http:\/\/acaopolitica.com\/index.php\/wp-json\/wp\/v2\/tags?post=2662"}],"curies":[{"name":"wp","href":"https:\/\/api.w.org\/{rel}","templated":true}]}}