{"id":2667,"date":"2018-06-21T17:34:53","date_gmt":"2018-06-21T17:34:53","guid":{"rendered":"http:\/\/acaopolitica.com\/?p=2667"},"modified":"2018-06-22T05:18:32","modified_gmt":"2018-06-22T05:18:32","slug":"ideologia-de-genereo-neototalitarismo-morte-da-familia","status":"publish","type":"post","link":"http:\/\/acaopolitica.com\/index.php\/2018\/06\/21\/ideologia-de-genereo-neototalitarismo-morte-da-familia\/","title":{"rendered":"Ideologia de g\u00eanero &#8211; o neototalitarismo e a morte da fam\u00edlia"},"content":{"rendered":"<p><a href=\"http:\/\/acaopolitica.com\/index.php\/2018\/06\/19\/algumas-leituras-para-entender-o-momento-presente-1\/\" target=\"_blank\" rel=\"noopener\">Algumas leituras para entender o momento presente &#8211; 1.<\/a><\/p>\n<p style=\"text-align: justify;\">Considere adquirir o livro: <a href=\"https:\/\/www.livrarialoyola.com.br\/produto\/ideologia-de-genero-o-neototalitarismo-e-a-morte-da-familia-97150\" target=\"_blank\" rel=\"noopener\">LINK DA LIVRARIA<\/a><\/p>\n<p style=\"text-align: justify;\">Considere retribuir ao autor: site n\u00e3o encontrado<\/p>\n<p style=\"text-align: justify;\">Descri\u00e7\u00e3o do livro:<\/p>\n<p style=\"text-align: justify; padding-left: 30px;\">Os ide\u00f3logos de g\u00eanero comportam-se como aqueles malfeitores do conto de Hans Christian Andersen, &#8220;A roupa nova do rei&#8221;, que enganaram o imperador dizendo ter um tecido m\u00e1gico que apenas os inteligentes poderiam ver&#8230; Caindo na trapa\u00e7a, o soberano fingia v\u00ea-lo, eximindo-se de adquirir a pr\u00f3pria in\u00e9pcia, e de igual modo toda a coorte, os camareiros que lhe sustentavam a calda invis\u00edvel, bem como o povo, que simulava ver roupa em seu rei despido, desfilando em prociss\u00e3o. O fingimento coletivo durou ate que um menino apontou a nudez do rei; mas, \u00e0quela altura, sem perder a majestade, o monarca continuou regiamente desfilando, narcotizado a vergonha da nudez de seu corpo e de sua desintelig\u00eancia pelo simulacro da glamouriza\u00e7\u00e3o. \u00c9 esta psicologia ensandecida a dos ide\u00f3logos de g\u00eanero. Querem nos despir de nossa identidade e recobrir-nos de aus\u00eancia, pretendendo convencer-nos de que s\u00f3 os inteligentes enxergam o que n\u00e3o existe. E h\u00e1 quem os creia, e quem jure ver, em n\u00e3o vendo, persuadindo-se histericamente de o ver. E a prociss\u00e3o continua, e a ostenta\u00e7\u00e3o da vergonha se camufla de glamour. E os malfeitores riem&#8230; Que este precioso trabalho continue sendo como o inocente brado de um menino honesto na rua, e mostre s nudez da desintelig\u00eancia, insana, despudorada; que cause o rumor necess\u00e1rio, e seja sementeira de outros mais profundos estudos, at\u00e9 que este abuso seja debelado e hajam outros que aportunamente o sejam.<\/p>\n<a href=\"http:\/\/acaopolitica.com\/wp-content\/plugins\/pdfjs-viewer-shortcode\/pdfjs\/web\/viewer.php?file=http%3A%2F%2Facaopolitica.com%2Fwp-content%2Fuploads%2F2018%2F06%2FJorge-Scala-Ideologia-de-g%C3%AAnero-o-neototalitarismo-e-a-morte-da-fam%C3%ADlia.pdf&download=true&print=true&openfile=false\">View Fullscreen<\/a><br><iframe width=\"100%\" height=\"1360px\" src=\"http:\/\/acaopolitica.com\/wp-content\/plugins\/pdfjs-viewer-shortcode\/pdfjs\/web\/viewer.php?file=http%3A%2F%2Facaopolitica.com%2Fwp-content%2Fuploads%2F2018%2F06%2FJorge-Scala-Ideologia-de-g%C3%AAnero-o-neototalitarismo-e-a-morte-da-fam%C3%ADlia.pdf&download=true&print=true&openfile=false\"><\/iframe> \n","protected":false},"excerpt":{"rendered":"<p>Algumas leituras para entender o momento presente &#8211; 1. Considere adquirir o livro: LINK DA LIVRARIA Considere retribuir ao autor: site n\u00e3o encontrado Descri\u00e7\u00e3o do&#8230;<\/p>\n","protected":false},"author":1,"featured_media":2671,"comment_status":"open","ping_status":"open","sticky":false,"template":"","format":"standard","meta":[],"categories":[3],"tags":[],"_links":{"self":[{"href":"http:\/\/acaopolitica.com\/index.php\/wp-json\/wp\/v2\/posts\/2667"}],"collection":[{"href":"http:\/\/acaopolitica.com\/index.php\/wp-json\/wp\/v2\/posts"}],"about":[{"href":"http:\/\/acaopolitica.com\/index.php\/wp-json\/wp\/v2\/types\/post"}],"author":[{"embeddable":true,"href":"http:\/\/acaopolitica.com\/index.php\/wp-json\/wp\/v2\/users\/1"}],"replies":[{"embeddable":true,"href":"http:\/\/acaopolitica.com\/index.php\/wp-json\/wp\/v2\/comments?post=2667"}],"version-history":[{"count":4,"href":"http:\/\/acaopolitica.com\/index.php\/wp-json\/wp\/v2\/posts\/2667\/revisions"}],"predecessor-version":[{"id":2700,"href":"http:\/\/acaopolitica.com\/index.php\/wp-json\/wp\/v2\/posts\/2667\/revisions\/2700"}],"wp:featuredmedia":[{"embeddable":true,"href":"http:\/\/acaopolitica.com\/index.php\/wp-json\/wp\/v2\/media\/2671"}],"wp:attachment":[{"href":"http:\/\/acaopolitica.com\/index.php\/wp-json\/wp\/v2\/media?parent=2667"}],"wp:term":[{"taxonomy":"category","embeddable":true,"href":"http:\/\/acaopolitica.com\/index.php\/wp-json\/wp\/v2\/categories?post=2667"},{"taxonomy":"post_tag","embeddable":true,"href":"http:\/\/acaopolitica.com\/index.php\/wp-json\/wp\/v2\/tags?post=2667"}],"curies":[{"name":"wp","href":"https:\/\/api.w.org\/{rel}","templated":true}]}}