{"id":2674,"date":"2018-06-21T18:39:15","date_gmt":"2018-06-21T18:39:15","guid":{"rendered":"http:\/\/acaopolitica.com\/?p=2674"},"modified":"2018-06-21T18:45:37","modified_gmt":"2018-06-21T18:45:37","slug":"livro-negro-do-comunismo","status":"publish","type":"post","link":"http:\/\/acaopolitica.com\/index.php\/2018\/06\/21\/livro-negro-do-comunismo\/","title":{"rendered":"O livro negro do comunismo"},"content":{"rendered":"<p style=\"text-align: justify;\">Considere adquirir o livro: <a href=\"https:\/\/www.saraiva.com.br\/o-livro-negro-do-comunismo-432791.html\" target=\"_blank\" rel=\"noopener\">LINK DA LIVRARIA<\/a><\/p>\n<p style=\"text-align: justify;\">Considere retribuir ao autor: site n\u00e3o encontrado<\/p>\n<p style=\"text-align: justify;\">Descri\u00e7\u00e3o do livro:<\/p>\n<p style=\"padding-left: 30px;\">NOTA DO EDITOR DO POST: descri\u00e7\u00e3o n\u00e3o encontrada<\/p>\n<a href=\"http:\/\/acaopolitica.com\/wp-content\/plugins\/pdfjs-viewer-shortcode\/pdfjs\/web\/viewer.php?file=http%3A%2F%2Facaopolitica.com%2Fwp-content%2Fuploads%2F2018%2F06%2F1_1082206062079115315.pdf&download=true&print=true&openfile=false\">View Fullscreen<\/a><br><iframe width=\"100%\" height=\"1360px\" src=\"http:\/\/acaopolitica.com\/wp-content\/plugins\/pdfjs-viewer-shortcode\/pdfjs\/web\/viewer.php?file=http%3A%2F%2Facaopolitica.com%2Fwp-content%2Fuploads%2F2018%2F06%2F1_1082206062079115315.pdf&download=true&print=true&openfile=false\"><\/iframe> \n<p>&nbsp;<\/p>\n","protected":false},"excerpt":{"rendered":"<p>Considere adquirir o livro: LINK DA LIVRARIA Considere retribuir ao autor: site n\u00e3o encontrado Descri\u00e7\u00e3o do livro: NOTA DO EDITOR DO POST: descri\u00e7\u00e3o n\u00e3o encontrada&#8230;<\/p>\n","protected":false},"author":1,"featured_media":2675,"comment_status":"open","ping_status":"open","sticky":false,"template":"","format":"standard","meta":[],"categories":[3],"tags":[],"_links":{"self":[{"href":"http:\/\/acaopolitica.com\/index.php\/wp-json\/wp\/v2\/posts\/2674"}],"collection":[{"href":"http:\/\/acaopolitica.com\/index.php\/wp-json\/wp\/v2\/posts"}],"about":[{"href":"http:\/\/acaopolitica.com\/index.php\/wp-json\/wp\/v2\/types\/post"}],"author":[{"embeddable":true,"href":"http:\/\/acaopolitica.com\/index.php\/wp-json\/wp\/v2\/users\/1"}],"replies":[{"embeddable":true,"href":"http:\/\/acaopolitica.com\/index.php\/wp-json\/wp\/v2\/comments?post=2674"}],"version-history":[{"count":2,"href":"http:\/\/acaopolitica.com\/index.php\/wp-json\/wp\/v2\/posts\/2674\/revisions"}],"predecessor-version":[{"id":2679,"href":"http:\/\/acaopolitica.com\/index.php\/wp-json\/wp\/v2\/posts\/2674\/revisions\/2679"}],"wp:featuredmedia":[{"embeddable":true,"href":"http:\/\/acaopolitica.com\/index.php\/wp-json\/wp\/v2\/media\/2675"}],"wp:attachment":[{"href":"http:\/\/acaopolitica.com\/index.php\/wp-json\/wp\/v2\/media?parent=2674"}],"wp:term":[{"taxonomy":"category","embeddable":true,"href":"http:\/\/acaopolitica.com\/index.php\/wp-json\/wp\/v2\/categories?post=2674"},{"taxonomy":"post_tag","embeddable":true,"href":"http:\/\/acaopolitica.com\/index.php\/wp-json\/wp\/v2\/tags?post=2674"}],"curies":[{"name":"wp","href":"https:\/\/api.w.org\/{rel}","templated":true}]}}