{"id":2680,"date":"2018-06-21T18:49:16","date_gmt":"2018-06-21T18:49:16","guid":{"rendered":"http:\/\/acaopolitica.com\/?p=2680"},"modified":"2018-06-22T05:17:26","modified_gmt":"2018-06-22T05:17:26","slug":"pedagogia-deseducadora","status":"publish","type":"post","link":"http:\/\/acaopolitica.com\/index.php\/2018\/06\/21\/pedagogia-deseducadora\/","title":{"rendered":"Pedagogia deseducadora"},"content":{"rendered":"<p><a href=\"http:\/\/acaopolitica.com\/index.php\/2018\/06\/19\/algumas-leituras-para-entender-o-momento-presente-1\/\" target=\"_blank\" rel=\"noopener\">Algumas leituras para entender o momento presente &#8211; 1.<\/a><\/p>\n<p style=\"text-align: justify;\">Considere adquirir o livro: <a href=\"https:\/\/www.amazon.com.br\/Pedagogia-Deseducadora-cora%C3%A7%C3%A3o-chegar-primeiro-ebook\/dp\/B01EVJAD0W\" target=\"_blank\" rel=\"noopener\">LINK DA LIVRARIA<\/a><\/p>\n<p style=\"text-align: justify;\">Considere retribuir ao autor: SITE DO AUTOR N\u00c3O ENCONTRADO<\/p>\n<p style=\"text-align: justify;\">Descri\u00e7\u00e3o do livro:<\/p>\n<p style=\"text-align: justify; padding-left: 30px;\">O p\u00fablico infantojuvenil est\u00e1 sendo condicionado nas escolas por meio de uma doutrina\u00e7\u00e3o Hel\u00eanica para atender aos anseios ideol\u00f3gicos dos deseducadores \u201cgregos\u201d, os que se autointitulam \u201cprofessores\u201d, e ainda de pol\u00edticas p\u00fablicas Alexandrinas nada nobres nem magnas.<br \/>\nA sua crian\u00e7a ou o seu adolescente est\u00e1 sendo treinado na escola para se transformar num \u201cnovo homem\u201d diferente&#8230; de voc\u00ea!<br \/>\nSe voc\u00ea n\u00e3o fizer algo hoje, em breve, o seu filho ser\u00e1 um estrangeiro \u201cgrego\u201d em sua pr\u00f3pria casa.<br \/>\nLembre-se : O cora\u00e7\u00e3o do SEU filho \u00e9 de quem chegar primeiro !<\/p>\n<a href=\"http:\/\/acaopolitica.com\/wp-content\/plugins\/pdfjs-viewer-shortcode\/pdfjs\/web\/viewer.php?file=http%3A%2F%2Facaopolitica.com%2Fwp-content%2Fuploads%2F2018%2F06%2FLIVROPedagogiaDeseducadora.pdf&download=true&print=true&openfile=false\">View Fullscreen<\/a><br><iframe width=\"100%\" height=\"1360px\" src=\"http:\/\/acaopolitica.com\/wp-content\/plugins\/pdfjs-viewer-shortcode\/pdfjs\/web\/viewer.php?file=http%3A%2F%2Facaopolitica.com%2Fwp-content%2Fuploads%2F2018%2F06%2FLIVROPedagogiaDeseducadora.pdf&download=true&print=true&openfile=false\"><\/iframe> \n","protected":false},"excerpt":{"rendered":"<p>Algumas leituras para entender o momento presente &#8211; 1. Considere adquirir o livro: LINK DA LIVRARIA Considere retribuir ao autor: SITE DO AUTOR N\u00c3O ENCONTRADO&#8230;<\/p>\n","protected":false},"author":1,"featured_media":2684,"comment_status":"open","ping_status":"open","sticky":false,"template":"","format":"standard","meta":[],"categories":[3],"tags":[],"_links":{"self":[{"href":"http:\/\/acaopolitica.com\/index.php\/wp-json\/wp\/v2\/posts\/2680"}],"collection":[{"href":"http:\/\/acaopolitica.com\/index.php\/wp-json\/wp\/v2\/posts"}],"about":[{"href":"http:\/\/acaopolitica.com\/index.php\/wp-json\/wp\/v2\/types\/post"}],"author":[{"embeddable":true,"href":"http:\/\/acaopolitica.com\/index.php\/wp-json\/wp\/v2\/users\/1"}],"replies":[{"embeddable":true,"href":"http:\/\/acaopolitica.com\/index.php\/wp-json\/wp\/v2\/comments?post=2680"}],"version-history":[{"count":4,"href":"http:\/\/acaopolitica.com\/index.php\/wp-json\/wp\/v2\/posts\/2680\/revisions"}],"predecessor-version":[{"id":2699,"href":"http:\/\/acaopolitica.com\/index.php\/wp-json\/wp\/v2\/posts\/2680\/revisions\/2699"}],"wp:featuredmedia":[{"embeddable":true,"href":"http:\/\/acaopolitica.com\/index.php\/wp-json\/wp\/v2\/media\/2684"}],"wp:attachment":[{"href":"http:\/\/acaopolitica.com\/index.php\/wp-json\/wp\/v2\/media?parent=2680"}],"wp:term":[{"taxonomy":"category","embeddable":true,"href":"http:\/\/acaopolitica.com\/index.php\/wp-json\/wp\/v2\/categories?post=2680"},{"taxonomy":"post_tag","embeddable":true,"href":"http:\/\/acaopolitica.com\/index.php\/wp-json\/wp\/v2\/tags?post=2680"}],"curies":[{"name":"wp","href":"https:\/\/api.w.org\/{rel}","templated":true}]}}