{"id":2692,"date":"2018-06-22T05:02:15","date_gmt":"2018-06-22T05:02:15","guid":{"rendered":"http:\/\/acaopolitica.com\/?p=2692"},"modified":"2018-06-22T05:15:51","modified_gmt":"2018-06-22T05:15:51","slug":"manifesto-do-verde-amarelismo-ou-da-escola-da-anta","status":"publish","type":"post","link":"http:\/\/acaopolitica.com\/index.php\/2018\/06\/22\/manifesto-do-verde-amarelismo-ou-da-escola-da-anta\/","title":{"rendered":"Manifesto do verde-amarelismo ou da escola da anta"},"content":{"rendered":"<p><a href=\"http:\/\/acaopolitica.com\/index.php\/2018\/06\/19\/algumas-leituras-para-entender-o-momento-presente-1\/\" target=\"_blank\" rel=\"noopener\">Algumas leituras para entender o momento presente &#8211; 1.<\/a><\/p>\n<p style=\"text-align: justify;\">Considere adquirir o livro: N\u00c3O ENCONTRADO<\/p>\n<p style=\"text-align: justify;\">Considere retribuir ao autor: N\u00c3O ENCONTRADO<\/p>\n<p style=\"text-align: justify;\">Descri\u00e7\u00e3o do livro:<\/p>\n<p style=\"padding-left: 30px;\">Ufanismo \u00e9 a caracter\u00edstica que melhor define o movimento da Escola da Anta. Trata-se de uma exalta\u00e7\u00e3o do Brasil e, ao mesmo tempo, hostilidade \u00e0s proveni\u00eancias estrangeiras. A ideologia fascista &#8211; baseada no racismo &#8211; tamb\u00e9m estava presente nesse manifesto.<\/p>\n<p style=\"padding-left: 30px;\">A Escola da Anta recebeu esse nome como representa\u00e7\u00e3o da nacionalidade brasileira, dado o contexto m\u00edtico desse animal na cultura tupi &#8211; principal tribo ind\u00edgena brasileira.<\/p>\n<a href=\"http:\/\/acaopolitica.com\/wp-content\/plugins\/pdfjs-viewer-shortcode\/pdfjs\/web\/viewer.php?file=http%3A%2F%2Facaopolitica.com%2Fwp-content%2Fuploads%2F2018%2F06%2Fmanifesto_do_verde.pdf&download=true&print=true&openfile=false\">View Fullscreen<\/a><br><iframe width=\"100%\" height=\"1360px\" src=\"http:\/\/acaopolitica.com\/wp-content\/plugins\/pdfjs-viewer-shortcode\/pdfjs\/web\/viewer.php?file=http%3A%2F%2Facaopolitica.com%2Fwp-content%2Fuploads%2F2018%2F06%2Fmanifesto_do_verde.pdf&download=true&print=true&openfile=false\"><\/iframe> \n","protected":false},"excerpt":{"rendered":"<p>Algumas leituras para entender o momento presente &#8211; 1. Considere adquirir o livro: N\u00c3O ENCONTRADO Considere retribuir ao autor: N\u00c3O ENCONTRADO Descri\u00e7\u00e3o do livro: Ufanismo&#8230;<\/p>\n","protected":false},"author":1,"featured_media":2693,"comment_status":"open","ping_status":"open","sticky":false,"template":"","format":"standard","meta":[],"categories":[3],"tags":[],"_links":{"self":[{"href":"http:\/\/acaopolitica.com\/index.php\/wp-json\/wp\/v2\/posts\/2692"}],"collection":[{"href":"http:\/\/acaopolitica.com\/index.php\/wp-json\/wp\/v2\/posts"}],"about":[{"href":"http:\/\/acaopolitica.com\/index.php\/wp-json\/wp\/v2\/types\/post"}],"author":[{"embeddable":true,"href":"http:\/\/acaopolitica.com\/index.php\/wp-json\/wp\/v2\/users\/1"}],"replies":[{"embeddable":true,"href":"http:\/\/acaopolitica.com\/index.php\/wp-json\/wp\/v2\/comments?post=2692"}],"version-history":[{"count":2,"href":"http:\/\/acaopolitica.com\/index.php\/wp-json\/wp\/v2\/posts\/2692\/revisions"}],"predecessor-version":[{"id":2697,"href":"http:\/\/acaopolitica.com\/index.php\/wp-json\/wp\/v2\/posts\/2692\/revisions\/2697"}],"wp:featuredmedia":[{"embeddable":true,"href":"http:\/\/acaopolitica.com\/index.php\/wp-json\/wp\/v2\/media\/2693"}],"wp:attachment":[{"href":"http:\/\/acaopolitica.com\/index.php\/wp-json\/wp\/v2\/media?parent=2692"}],"wp:term":[{"taxonomy":"category","embeddable":true,"href":"http:\/\/acaopolitica.com\/index.php\/wp-json\/wp\/v2\/categories?post=2692"},{"taxonomy":"post_tag","embeddable":true,"href":"http:\/\/acaopolitica.com\/index.php\/wp-json\/wp\/v2\/tags?post=2692"}],"curies":[{"name":"wp","href":"https:\/\/api.w.org\/{rel}","templated":true}]}}