{"id":355,"date":"2015-10-23T17:05:28","date_gmt":"2015-10-23T17:05:28","guid":{"rendered":"http:\/\/acaopolitica.com\/?p=355"},"modified":"2015-10-23T17:07:26","modified_gmt":"2015-10-23T17:07:26","slug":"acao-na-oktoberfest-2015-registro-e-relatos-em-16-10","status":"publish","type":"post","link":"http:\/\/acaopolitica.com\/index.php\/2015\/10\/23\/acao-na-oktoberfest-2015-registro-e-relatos-em-16-10\/","title":{"rendered":"A\u00e7\u00e3o na Oktoberfest 2015 &#8211; Registro e relatos em 16-10"},"content":{"rendered":"<p style=\"text-align: justify;\">Neste dia 16-10 o IVL esteve com uma a\u00e7\u00e3o em frente \u00e0 Oktoberfest 2015. Com mobiliza\u00e7\u00e3o e panfletagem divulgando nossas pautas. Neste v\u00eddeo alguns registros e relatos da equipe explicando o que est\u00e1vamos fazendo.<\/p>\n<div class=\"kad-youtube-shortcode videofit\"  ><iframe width=\"600\" height=\"350\" src=\"\/\/www.youtube.com\/embed\/-1bNvYkDF4I?autoplay=0&amp;controls=1&amp;fs=1&amp;modestbranding=0&amp;theme=dark&amp;rel=0&amp;loop=0\" frameborder=\"0\" allowfullscreen=\"true\"><\/iframe><\/div>\n","protected":false},"excerpt":{"rendered":"<p>Neste dia 16-10 o IVL esteve com uma a\u00e7\u00e3o em frente \u00e0 Oktoberfest 2015. Com mobiliza\u00e7\u00e3o e panfletagem divulgando nossas pautas. Neste v\u00eddeo alguns registros&#8230;<\/p>\n","protected":false},"author":1,"featured_media":172,"comment_status":"open","ping_status":"open","sticky":false,"template":"","format":"standard","meta":[],"categories":[11],"tags":[],"_links":{"self":[{"href":"http:\/\/acaopolitica.com\/index.php\/wp-json\/wp\/v2\/posts\/355"}],"collection":[{"href":"http:\/\/acaopolitica.com\/index.php\/wp-json\/wp\/v2\/posts"}],"about":[{"href":"http:\/\/acaopolitica.com\/index.php\/wp-json\/wp\/v2\/types\/post"}],"author":[{"embeddable":true,"href":"http:\/\/acaopolitica.com\/index.php\/wp-json\/wp\/v2\/users\/1"}],"replies":[{"embeddable":true,"href":"http:\/\/acaopolitica.com\/index.php\/wp-json\/wp\/v2\/comments?post=355"}],"version-history":[{"count":3,"href":"http:\/\/acaopolitica.com\/index.php\/wp-json\/wp\/v2\/posts\/355\/revisions"}],"predecessor-version":[{"id":358,"href":"http:\/\/acaopolitica.com\/index.php\/wp-json\/wp\/v2\/posts\/355\/revisions\/358"}],"wp:featuredmedia":[{"embeddable":true,"href":"http:\/\/acaopolitica.com\/index.php\/wp-json\/wp\/v2\/media\/172"}],"wp:attachment":[{"href":"http:\/\/acaopolitica.com\/index.php\/wp-json\/wp\/v2\/media?parent=355"}],"wp:term":[{"taxonomy":"category","embeddable":true,"href":"http:\/\/acaopolitica.com\/index.php\/wp-json\/wp\/v2\/categories?post=355"},{"taxonomy":"post_tag","embeddable":true,"href":"http:\/\/acaopolitica.com\/index.php\/wp-json\/wp\/v2\/tags?post=355"}],"curies":[{"name":"wp","href":"https:\/\/api.w.org\/{rel}","templated":true}]}}