{"id":359,"date":"2015-10-23T19:06:45","date_gmt":"2015-10-23T19:06:45","guid":{"rendered":"http:\/\/acaopolitica.com\/?p=359"},"modified":"2015-10-23T19:06:45","modified_gmt":"2015-10-23T19:06:45","slug":"acao-oktoberfest-2015-bruna-entrevista-jose-16102015","status":"publish","type":"post","link":"http:\/\/acaopolitica.com\/index.php\/2015\/10\/23\/acao-oktoberfest-2015-bruna-entrevista-jose-16102015\/","title":{"rendered":"A\u00e7\u00e3o Oktoberfest 2015 &#8211; Bruna entrevista Jos\u00e9 &#8211; 16\/10\/2015"},"content":{"rendered":"<p style=\"text-align: justify;\">Neste dia 16-10 o IVL esteve com uma a\u00e7\u00e3o em frente \u00e0 Oktoberfest 2015. Com mobiliza\u00e7\u00e3o e panfletagem divulgando nossas pautas. Neste v\u00eddeo Bruna Maffei entrevista Jos\u00e9 Galdino com uma chamada e registro do prop\u00f3sito da a\u00e7\u00e3o.<\/p>\n<div class=\"kad-youtube-shortcode videofit\"  ><iframe width=\"600\" height=\"350\" src=\"\/\/www.youtube.com\/embed\/P3tDXnLMJzg?autoplay=0&amp;controls=1&amp;fs=1&amp;modestbranding=0&amp;theme=dark&amp;rel=0&amp;loop=0\" frameborder=\"0\" allowfullscreen=\"true\"><\/iframe><\/div>\n","protected":false},"excerpt":{"rendered":"<p>Neste dia 16-10 o IVL esteve com uma a\u00e7\u00e3o em frente \u00e0 Oktoberfest 2015. Com mobiliza\u00e7\u00e3o e panfletagem divulgando nossas pautas. Neste v\u00eddeo Bruna Maffei&#8230;<\/p>\n","protected":false},"author":1,"featured_media":200,"comment_status":"open","ping_status":"open","sticky":false,"template":"","format":"standard","meta":[],"categories":[11],"tags":[],"_links":{"self":[{"href":"http:\/\/acaopolitica.com\/index.php\/wp-json\/wp\/v2\/posts\/359"}],"collection":[{"href":"http:\/\/acaopolitica.com\/index.php\/wp-json\/wp\/v2\/posts"}],"about":[{"href":"http:\/\/acaopolitica.com\/index.php\/wp-json\/wp\/v2\/types\/post"}],"author":[{"embeddable":true,"href":"http:\/\/acaopolitica.com\/index.php\/wp-json\/wp\/v2\/users\/1"}],"replies":[{"embeddable":true,"href":"http:\/\/acaopolitica.com\/index.php\/wp-json\/wp\/v2\/comments?post=359"}],"version-history":[{"count":1,"href":"http:\/\/acaopolitica.com\/index.php\/wp-json\/wp\/v2\/posts\/359\/revisions"}],"predecessor-version":[{"id":360,"href":"http:\/\/acaopolitica.com\/index.php\/wp-json\/wp\/v2\/posts\/359\/revisions\/360"}],"wp:featuredmedia":[{"embeddable":true,"href":"http:\/\/acaopolitica.com\/index.php\/wp-json\/wp\/v2\/media\/200"}],"wp:attachment":[{"href":"http:\/\/acaopolitica.com\/index.php\/wp-json\/wp\/v2\/media?parent=359"}],"wp:term":[{"taxonomy":"category","embeddable":true,"href":"http:\/\/acaopolitica.com\/index.php\/wp-json\/wp\/v2\/categories?post=359"},{"taxonomy":"post_tag","embeddable":true,"href":"http:\/\/acaopolitica.com\/index.php\/wp-json\/wp\/v2\/tags?post=359"}],"curies":[{"name":"wp","href":"https:\/\/api.w.org\/{rel}","templated":true}]}}