{"id":361,"date":"2015-10-24T03:51:02","date_gmt":"2015-10-24T03:51:02","guid":{"rendered":"http:\/\/acaopolitica.com\/?p=361"},"modified":"2015-10-24T03:52:30","modified_gmt":"2015-10-24T03:52:30","slug":"acao-oktoberfest-2015-recado-dos-folioes-para-lula-e-dilma","status":"publish","type":"post","link":"http:\/\/acaopolitica.com\/index.php\/2015\/10\/24\/acao-oktoberfest-2015-recado-dos-folioes-para-lula-e-dilma\/","title":{"rendered":"A\u00e7\u00e3o Oktoberfest 2015 &#8211; Recado dos foli\u00f5es para Lula e Dilma"},"content":{"rendered":"<p style=\"text-align: justify;\">Neste dia 17-10 o IVL repetiu a\u00e7\u00e3o em frente \u00e0 Oktoberfest 2015. Com mobiliza\u00e7\u00e3o e panfletagem divulgando nossas pautas.<\/p>\n<p style=\"text-align: justify;\">Neste v\u00eddeo temos um recado bem claro e inequ\u00edvoco dos foli\u00f5es para Lula e Dilma.<\/p>\n<p style=\"text-align: justify;\">Nem sempre \u00e9 adequado apresentar a Verdade de uma forma gentil e n\u00e3o agressiva. \u00c0s vezes \u00e9 preciso priorizar a clareza em detrimento de uma pretensa eleg\u00e2ncia. Uma das maiores vit\u00f3rias do brasileiro nos \u00faltimos tempos foi deixar a covardia de lado e criticar os poderosos. Ter a coragem de chamar criminoso de criminoso, vagabundo de vagabundo independente e at\u00e9 pior conforme o cargo que o indiv\u00edduo usurpa a legitimidade naquele momento.<\/p>\n<p style=\"text-align: justify;\">Politicamente correto \u00e9 arma de engenharia social.<\/p>\n<p style=\"text-align: justify;\">A Verdade est\u00e1 acima destas tolices e conveni\u00eancias eventuais.<\/p>\n<p style=\"text-align: justify;\">A Verdade prevalecer\u00e1!!!<\/p>\n<div class=\"kad-youtube-shortcode videofit\"  ><iframe width=\"600\" height=\"350\" src=\"\/\/www.youtube.com\/embed\/dYS5pO1j370?autoplay=0&amp;controls=1&amp;fs=1&amp;modestbranding=0&amp;theme=dark&amp;rel=0&amp;loop=0\" frameborder=\"0\" allowfullscreen=\"true\"><\/iframe><\/div>\n<p>&nbsp;<\/p>\n","protected":false},"excerpt":{"rendered":"<p>Neste dia 17-10 o IVL repetiu a\u00e7\u00e3o em frente \u00e0 Oktoberfest 2015. Com mobiliza\u00e7\u00e3o e panfletagem divulgando nossas pautas. Neste v\u00eddeo temos um recado bem&#8230;<\/p>\n","protected":false},"author":1,"featured_media":296,"comment_status":"open","ping_status":"open","sticky":false,"template":"","format":"standard","meta":[],"categories":[11],"tags":[],"_links":{"self":[{"href":"http:\/\/acaopolitica.com\/index.php\/wp-json\/wp\/v2\/posts\/361"}],"collection":[{"href":"http:\/\/acaopolitica.com\/index.php\/wp-json\/wp\/v2\/posts"}],"about":[{"href":"http:\/\/acaopolitica.com\/index.php\/wp-json\/wp\/v2\/types\/post"}],"author":[{"embeddable":true,"href":"http:\/\/acaopolitica.com\/index.php\/wp-json\/wp\/v2\/users\/1"}],"replies":[{"embeddable":true,"href":"http:\/\/acaopolitica.com\/index.php\/wp-json\/wp\/v2\/comments?post=361"}],"version-history":[{"count":2,"href":"http:\/\/acaopolitica.com\/index.php\/wp-json\/wp\/v2\/posts\/361\/revisions"}],"predecessor-version":[{"id":363,"href":"http:\/\/acaopolitica.com\/index.php\/wp-json\/wp\/v2\/posts\/361\/revisions\/363"}],"wp:featuredmedia":[{"embeddable":true,"href":"http:\/\/acaopolitica.com\/index.php\/wp-json\/wp\/v2\/media\/296"}],"wp:attachment":[{"href":"http:\/\/acaopolitica.com\/index.php\/wp-json\/wp\/v2\/media?parent=361"}],"wp:term":[{"taxonomy":"category","embeddable":true,"href":"http:\/\/acaopolitica.com\/index.php\/wp-json\/wp\/v2\/categories?post=361"},{"taxonomy":"post_tag","embeddable":true,"href":"http:\/\/acaopolitica.com\/index.php\/wp-json\/wp\/v2\/tags?post=361"}],"curies":[{"name":"wp","href":"https:\/\/api.w.org\/{rel}","templated":true}]}}