{"id":401,"date":"2015-10-26T19:18:06","date_gmt":"2015-10-26T19:18:06","guid":{"rendered":"http:\/\/acaopolitica.com\/?p=401"},"modified":"2015-10-28T02:47:15","modified_gmt":"2015-10-28T02:47:15","slug":"cerebro-esquerdista-o-estoque-de-vento","status":"publish","type":"post","link":"http:\/\/acaopolitica.com\/index.php\/2015\/10\/26\/cerebro-esquerdista-o-estoque-de-vento\/","title":{"rendered":"C\u00e9rebro esquerdista, o estoque de vento."},"content":{"rendered":"<p style=\"text-align: justify;\">Para t\u00edtulo desse texto procurei alguma palavra menos resoluta para definir a l\u00f3gica dos esquerdistas, por\u00e9m, ap\u00f3s um breve exame sobre todos os fatos que circundam o esquerdismo desde sua origem nas palavras de <a href=\"https:\/\/www.youtube.com\/watch?v=D7njVVynHWM\" target=\"_blank\">Karl Marx<\/a>, cheguei a conclus\u00e3o de qu\u00ea, de fato, a defini\u00e7\u00e3o mais correta \u00e9 a aus\u00eancia completa de l\u00f3gica em toda sua estrutura. Por\u00e9m, nesse artigo me deterei a falar sobre os assuntos mais recorrentes do nosso tempo, que de longe j\u00e1 tem argumentos suficientes pra comprovar a inexist\u00eancia de l\u00f3gica nos movimentos esquerdistas.<\/p>\n<p style=\"text-align: justify;\">Ap\u00f3s uma reflex\u00e3o a respeito dos movimentos sociais e das pessoas que se manifestam sobre pol\u00edtica, consegui sintetiz\u00e1-los em tr\u00eas grupos, a partir das suas vis\u00f5es a partir do que eles retratam delas mesmas. As pessoas e grupos com vis\u00f5es normais, s\u00e3o pessoas que julgam claramente as coisas e as causas, esses grupos s\u00e3o, por exemplo, pessoas que se manifestam contr\u00e1rios a todos os casos de corrup\u00e7\u00e3o, grupos de pessoas que agem na comunidade e em institui\u00e7\u00f5es, seja com servi\u00e7o ou doa\u00e7\u00f5es, de livre vontade e sem esperar por intercess\u00e3o divina ou pior, intercess\u00e3o do deus estado. Pessoas, cujo papel social \u00e9 cumprido com honra ao m\u00e9rito, pessoas que abdicam de seus hor\u00e1rios de tranquilidade, para se expressarem ou agirem de maneira positiva na sociedade. \u2013 Chamo esse grupo de: <strong>Pessoas Normais<\/strong> \u2013.<\/p>\n<p style=\"text-align: justify;\">Existem, entretanto, dois grupos conturbados.<\/p>\n<p style=\"text-align: justify;\">O grupo das pessoas que alarmam a respeito de tudo e em tudo veem sentido profundo, embora sejam coisas simples, como por exemplo, pessoas que generalizam a\u00e7\u00f5es corriqueiras. O caso mais comum desse grupo se mostra, quando voc\u00ea critica um pol\u00edtico por ter roubado milh\u00f5es da popula\u00e7\u00e3o, ser corrupto e praticar outros malfeitos &#8211; o que sabemos que causa todo um caos social -. Instantaneamente, algumas pessoas desse grupo dizem: \u201cMas todos somos corruptos, as pessoas furam filas, passam do limite de velocidade e at\u00e9 sonegam impostos.\u201d, comparando uma a\u00e7\u00e3o estrondosa, como roubar milh\u00f5es a um ato p\u00edfio. Aposto que todos, por vezes j\u00e1 ouviram esse discurso tolo de algu\u00e9m, como se jogar a todos na lata dos corruptos melhorasse algo. Outro fato pontual nesse discurso, \u00e9 que sob uma \u00f3tica mais perspicaz, em toda nossa estrutura governamental gigantesca, sonegar \u00e9 praticamente leg\u00edtima defesa, por\u00e9m, receio isso ser assunto para outro artigo. \u2013 Chamo esse grupo de <strong>Pessoas Pareidolias<\/strong>, um neologismo para pessoas que tem <a href=\"https:\/\/pt.wikipedia.org\/wiki\/Pareidolia\" target=\"_blank\">pareidolia <\/a>-.<\/p>\n<p style=\"text-align: justify;\">E por \u00faltimo, vislumbro as pessoas com um problema ser\u00edssimo, praticamente uma disfun\u00e7\u00e3o cognitiva. Dentro desse \u00faltimo grupo, ficam as massas de manobra da esquerda. Nesses casos, se voc\u00ea avistar um deles, sugiro sequer debater, pois se demonstra invi\u00e1vel, j\u00e1 que \u00e9 \u00f3bvio que essas pessoas n\u00e3o aceitariam como verdade que um mel\u00e3o \u00e9 maior que uma jabuticaba. Para esse grupo, o fato do mel\u00e3o ser maior que a jabuticaba \u00e9 \u00a0uma clara imposi\u00e7\u00e3o da sociedade patriarcal e capitalista. N\u00e3o h\u00e1 limites para a defici\u00eancia dos argumentos. No caso das feministas, onde uma piada \u00e9 caso de pol\u00edcia, sem o menor debate ou discuss\u00e3o. No entanto, aborto \u00e9 algo simples, deve ser escolha da mulher e n\u00e3o deve se quer ser debatido. Onde militantes, anunciam a morte de gays ou negros como sendo todos a t\u00edtulo de discrimina\u00e7\u00e3o, esquecendo os <a href=\"http:\/\/veja.abril.com.br\/blog\/reinaldo\/geral\/no-pais-dos-50-mil-homicidios-por-ano-governo-dilma-gasta-apenas-23-da-verba-destinada-a-seguranca-publica\/\" target=\"_blank\">50 mil assassinatos anuais do Brasil<\/a>, qu\u00ea mesmo em tempos de paz, registra mais assassinatos que uma guerra civil. \u00c9 exatamente esse pensamento, que faz com qu\u00ea alguns militantes desses, julguem o <a href=\"https:\/\/www.youtube.com\/watch?v=pYYf5tM_jak\" target=\"_blank\">Z\u00e9 Dirceu<\/a> como her\u00f3i, mesmo ficando comprovado que suas empresas ganharam por saquear o estado, 29 milh\u00f5es de reais, enquanto o <a href=\"https:\/\/pt.wikipedia.org\/wiki\/Eduardo_Cunha\" target=\"_blank\">Cunha<\/a>, deve ser retirado j\u00e1, pois h\u00e1 suspeita de seu envolvimento com corrup\u00e7\u00e3o, onde ele levou 5 milh\u00f5es. A quest\u00e3o, n\u00e3o \u00e9 defender o <a href=\"https:\/\/pt.wikipedia.org\/wiki\/Eduardo_Cunha\" target=\"_blank\">Eduardo Cunha<\/a>, a quest\u00e3o clara, \u00e9 que os dois deveriam ser presos e retirados da vida p\u00fablica, e qualquer outro pol\u00edtico, seja corrupto ou corruptor.<\/p>\n<p style=\"text-align: justify;\">N\u00e3o podemos esquecer-nos dos esquerdistas mais marxistas, que fazem de tudo para implantar no Brasil, o comunismo. <a href=\"https:\/\/pt.wikipedia.org\/wiki\/O_Livro_Negro_do_Comunismo\" target=\"_blank\">Comunismo que \u00e9 respons\u00e1vel pela morte de pelo menos 100 milh\u00f5es de pessoas ao redor do mundo, respons\u00e1veis por atrocidades de notoriedade p\u00fablica<\/a>, como o <a href=\"https:\/\/www.youtube.com\/watch?v=OvA-blNvSgY\" target=\"_blank\">Massacre na Pra\u00e7a da Paz<\/a>, <a href=\"https:\/\/www.youtube.com\/watch?v=M_dnRA5NFhs\" target=\"_blank\">Holodomor<\/a>, <a href=\"https:\/\/www.youtube.com\/watch?v=oI18npjR1UI\" target=\"_blank\">Holocausto<\/a>, n\u00e3o \u00e9 mera quest\u00e3o de ideol\u00f3gica. Mas sim, falta da mais simples l\u00f3gica alerte as suas consci\u00eancias que: assassinos s\u00e3o assassinos, mesmo que pronunciem belos discursos. \u2013 Esse grupo de pessoas, chamo de: <strong><span style=\"color: #ff0000;\">Esquerdistas <\/span><\/strong>\u2013 .<\/p>\n<p style=\"text-align: justify;\">Escrito por <a href=\"https:\/\/www.facebook.com\/jose.galdino.756?fref=ts\">Jos\u00e9 Galdino.<\/a><\/p>\n","protected":false},"excerpt":{"rendered":"<p>Para t\u00edtulo desse texto procurei alguma palavra menos resoluta para definir a l\u00f3gica dos esquerdistas, por\u00e9m, ap\u00f3s um breve exame sobre todos os fatos que&#8230;<\/p>\n","protected":false},"author":4,"featured_media":402,"comment_status":"open","ping_status":"open","sticky":false,"template":"","format":"standard","meta":[],"categories":[2],"tags":[],"_links":{"self":[{"href":"http:\/\/acaopolitica.com\/index.php\/wp-json\/wp\/v2\/posts\/401"}],"collection":[{"href":"http:\/\/acaopolitica.com\/index.php\/wp-json\/wp\/v2\/posts"}],"about":[{"href":"http:\/\/acaopolitica.com\/index.php\/wp-json\/wp\/v2\/types\/post"}],"author":[{"embeddable":true,"href":"http:\/\/acaopolitica.com\/index.php\/wp-json\/wp\/v2\/users\/4"}],"replies":[{"embeddable":true,"href":"http:\/\/acaopolitica.com\/index.php\/wp-json\/wp\/v2\/comments?post=401"}],"version-history":[{"count":5,"href":"http:\/\/acaopolitica.com\/index.php\/wp-json\/wp\/v2\/posts\/401\/revisions"}],"predecessor-version":[{"id":431,"href":"http:\/\/acaopolitica.com\/index.php\/wp-json\/wp\/v2\/posts\/401\/revisions\/431"}],"wp:featuredmedia":[{"embeddable":true,"href":"http:\/\/acaopolitica.com\/index.php\/wp-json\/wp\/v2\/media\/402"}],"wp:attachment":[{"href":"http:\/\/acaopolitica.com\/index.php\/wp-json\/wp\/v2\/media?parent=401"}],"wp:term":[{"taxonomy":"category","embeddable":true,"href":"http:\/\/acaopolitica.com\/index.php\/wp-json\/wp\/v2\/categories?post=401"},{"taxonomy":"post_tag","embeddable":true,"href":"http:\/\/acaopolitica.com\/index.php\/wp-json\/wp\/v2\/tags?post=401"}],"curies":[{"name":"wp","href":"https:\/\/api.w.org\/{rel}","templated":true}]}}