{"id":44,"date":"2015-09-14T03:39:47","date_gmt":"2015-09-14T03:39:47","guid":{"rendered":"http:\/\/acaopolitica.com\/?p=44"},"modified":"2017-08-27T22:04:33","modified_gmt":"2017-08-27T22:04:33","slug":"a-importancia-da-cultura","status":"publish","type":"post","link":"http:\/\/acaopolitica.com\/index.php\/2015\/09\/14\/a-importancia-da-cultura\/","title":{"rendered":"A import\u00e2ncia da cultura"},"content":{"rendered":"<p style=\"text-align: justify;\">A foto que ilustra este texto \u00e9 do fil\u00f3sofo e professor <a href=\"http:\/\/www.olavodecarvalho.org\/index.html\" target=\"_blank\" rel=\"noopener\">Olavo de Carvalho<\/a>. Grande mentor da (ainda incipiente) nova classe intelectual brasileira. E um dos principais respons\u00e1veis, prov\u00e1vel o maior, pela tomada de consci\u00eancia da popula\u00e7\u00e3o brasileira nos \u00faltimos tempos acerca de diversos temas de relev\u00e2ncia essencial no campo pol\u00edtico.<\/p>\n<p style=\"text-align: justify;\">Indico seu site e toda sua obra com veem\u00eancia:<br \/>\n<a href=\"http:\/\/www.olavodecarvalho.org\/index.html\" target=\"_blank\" rel=\"noopener\">http:\/\/www.olavodecarvalho.org\/index.html<\/a><\/p>\n<p style=\"text-align: justify;\">Este portal \u00e9 uma das ferramentas do <a href=\"https:\/\/www.facebook.com\/institutoverdadeeliberdade\" target=\"_blank\" rel=\"noopener\">Instituto Verdade e Liberdade<\/a> que visa entre seus objetivos a eleva\u00e7\u00e3o do n\u00edvel cultural. Eu nunca conseguiria exprimir de forma mais clara do que o <a href=\"http:\/\/www.olavodecarvalho.org\/index.html\" target=\"_blank\" rel=\"noopener\">Prof. Olavo<\/a>, no trecho abaixo, a import\u00e2ncia da verdadeira cultura e aquisi\u00e7\u00e3o de conhecimento:<\/p>\n<p style=\"padding-left: 90px; text-align: justify;\">Vamos falar o portugu\u00eas claro: Aquele que n\u00e3o d\u00e1 o<em> melhor de si<\/em> para adquirir conhecimento e aprimorar-se intelectualmente n\u00e3o tem<em> nenhum direito<\/em> de opinar em p\u00fablico sobre <em>o que quer que seja<\/em>. Nem sua f\u00e9 religiosa, nem suas virtudes morais, se existem, nem os cargos que porventura ocupe, nem o prest\u00edgio de que talvez desfrute em tais ou quais ambientes lhe conferem esse direito. Discuss\u00e3o p\u00fablica n\u00e3o \u00e9 mera troca de opini\u00f5es pessoais, nem torneio de auto-imagens embelezadas: \u00e9 eminentemente interc\u00e2mbio de altos valores culturais v\u00e1lidos para toda uma comunidade humana considerada na totalidade da sua heran\u00e7a hist\u00f3rica e n\u00e3o s\u00f3 num momento e lugar. O direito de cada um \u00e0 aten\u00e7\u00e3o p\u00fablica \u00e9 proporcional ao seu esfor\u00e7o de dialogar com essa heran\u00e7a, de falar em nome dela e de lhe acrescentar, com as palavras que dirige \u00e0 audi\u00eancia, alguma contribui\u00e7\u00e3o significativa. O resto, por &#8220;bem intencionado&#8221; que pare\u00e7a, \u00e9 presun\u00e7\u00e3o vaidosa e vigarice. Todos os males do Brasil prov\u00eam da ignor\u00e2ncia desses princ\u00edpios. Pol\u00edticos, empres\u00e1rios, ju\u00edzes, generais e cl\u00e9rigos incultos, desprezadores do conhecimento e usurpadores do seu prest\u00edgio, s\u00e3o os culpados de tudo o que est\u00e1 acontecendo de mau neste pa\u00eds, e que, se esses charlat\u00e3es n\u00e3o forem expelidos da vida p\u00fablica, continuar\u00e3o aumentando, com ou sem PT, com ou sem &#8220;impeachment&#8221;, com ou sem &#8220;interven\u00e7\u00e3o militar&#8221;, com ou sem Smartmatic, com ou sem Mensal\u00e3o e Petrol\u00e3o. Desprezo pelo conhecimento e amor \u00e0 fama que dele usurpa mediante o uso de chav\u00f5es e macaquices s\u00e3o os pecados originais da &#8220;classe falante&#8221; no Brasil.<\/p>\n<p style=\"padding-left: 90px; text-align: justify;\">S\u00f3 o homem de cultura pode julgar as coisas na escala da humanidade, da Hist\u00f3ria, da civiliza\u00e7\u00e3o. Os outros seguem apenas a moda do momento, criada ela pr\u00f3pria por jornalistas incultos e professores analfabetos, e destinada a desfazer-se em p\u00f3 \u00e0 primeira mudan\u00e7a da dire\u00e7\u00e3o do vento. A cultura pessoal \u00e9 a condi\u00e7\u00e3o primeira e indispens\u00e1vel do julgamento objetivo. A incultura aprisiona as almas na subjetividade do grupo, a forma mais extrema do provincianismo mental.<\/p>\n<p style=\"text-align: justify;\">O excerto acima foi retirado do artigo &#8221; O imp\u00e9rio da ignor\u00e2ncia &#8221; que pode ser acessado na \u00edntegra, neste link: <a href=\"http:\/\/www.seminariodefilosofia.org\/o-imperio-da-ignorancia\/\" target=\"_blank\" rel=\"noopener\">http:\/\/www.seminariodefilosofia.org\/o-imperio-da-ignorancia\/<\/a><\/p>\n","protected":false},"excerpt":{"rendered":"<p>A foto que ilustra este texto \u00e9 do fil\u00f3sofo e professor Olavo de Carvalho. Grande mentor da (ainda incipiente) nova classe intelectual brasileira. E um&#8230;<\/p>\n","protected":false},"author":1,"featured_media":48,"comment_status":"open","ping_status":"open","sticky":false,"template":"","format":"standard","meta":[],"categories":[3],"tags":[],"_links":{"self":[{"href":"http:\/\/acaopolitica.com\/index.php\/wp-json\/wp\/v2\/posts\/44"}],"collection":[{"href":"http:\/\/acaopolitica.com\/index.php\/wp-json\/wp\/v2\/posts"}],"about":[{"href":"http:\/\/acaopolitica.com\/index.php\/wp-json\/wp\/v2\/types\/post"}],"author":[{"embeddable":true,"href":"http:\/\/acaopolitica.com\/index.php\/wp-json\/wp\/v2\/users\/1"}],"replies":[{"embeddable":true,"href":"http:\/\/acaopolitica.com\/index.php\/wp-json\/wp\/v2\/comments?post=44"}],"version-history":[{"count":4,"href":"http:\/\/acaopolitica.com\/index.php\/wp-json\/wp\/v2\/posts\/44\/revisions"}],"predecessor-version":[{"id":2035,"href":"http:\/\/acaopolitica.com\/index.php\/wp-json\/wp\/v2\/posts\/44\/revisions\/2035"}],"wp:featuredmedia":[{"embeddable":true,"href":"http:\/\/acaopolitica.com\/index.php\/wp-json\/wp\/v2\/media\/48"}],"wp:attachment":[{"href":"http:\/\/acaopolitica.com\/index.php\/wp-json\/wp\/v2\/media?parent=44"}],"wp:term":[{"taxonomy":"category","embeddable":true,"href":"http:\/\/acaopolitica.com\/index.php\/wp-json\/wp\/v2\/categories?post=44"},{"taxonomy":"post_tag","embeddable":true,"href":"http:\/\/acaopolitica.com\/index.php\/wp-json\/wp\/v2\/tags?post=44"}],"curies":[{"name":"wp","href":"https:\/\/api.w.org\/{rel}","templated":true}]}}