{"id":452,"date":"2015-11-16T14:26:03","date_gmt":"2015-11-16T14:26:03","guid":{"rendered":"http:\/\/acaopolitica.com\/?p=452"},"modified":"2015-11-16T14:26:50","modified_gmt":"2015-11-16T14:26:50","slug":"acao-na-pref-de-blumenau-contra-o-governo-da-nao-presidente-dilma-rousseff","status":"publish","type":"post","link":"http:\/\/acaopolitica.com\/index.php\/2015\/11\/16\/acao-na-pref-de-blumenau-contra-o-governo-da-nao-presidente-dilma-rousseff\/","title":{"rendered":"A\u00e7\u00e3o na Pref. de Blumenau, contra o governo da N\u00c3O-presidente Dilma Rousseff"},"content":{"rendered":"<p style=\"text-align: justify;\">Neste dia 15\/11, v\u00e1rios membros do IVL juntaram-se \u00e0 popula\u00e7\u00e3o numa a\u00e7\u00e3o em frente \u00e0 Prefeitura de Blumenau. A\u00e7\u00e3o coordenada e promovida principalmente pelo <a href=\"https:\/\/www.facebook.com\/profile.php?id=100008136168340&amp;hc_location=ufi\" target=\"_blank\">Prof. Ricardo Alba<\/a> (voz atuante na regi\u00e3o contra o atual governo e situa\u00e7\u00e3o de crise pol\u00edtica). O IVL prestigiou e fez coro aos recados transmitidos \u00e0 popula\u00e7\u00e3o atrav\u00e9s desta a\u00e7\u00e3o. Na ocasi\u00e3o tamb\u00e9m houve capta\u00e7\u00e3o de assinaturas para as 10 Medidas do MPF no combate \u00e0 corrup\u00e7\u00e3o.<\/p>\n<p style=\"text-align: justify;\"><a href=\"http:\/\/www.combateacorrupcao.mpf.mp.br\/10-medidas\/10-medidas\" target=\"_blank\" rel=\"nofollow\">http:\/\/www.combateacorrupcao.mpf.mp.br\/10-me<span class=\"text_exposed_show\">didas\/10-medidas<\/span><\/a><\/p>\n<div class=\"text_exposed_show\">\n<p style=\"text-align: justify;\">A a\u00e7\u00e3o realizada em data simb\u00f3lica tamb\u00e9m visava unir esfor\u00e7os ao movimento que toma for\u00e7a em Bras\u00edlia, onde a popula\u00e7\u00e3o toma os espa\u00e7os do Congresso e outras inst\u00e2ncias do governo federal, para for\u00e7ar a remo\u00e7\u00e3o do mesmo considerando sua total falta de legitimidade. Entre algumas pautas est\u00e3o a remo\u00e7\u00e3o imediata da N\u00c3O-presidente Dilma Rousseff, no m\u00ednimo. E apenas para come\u00e7ar com o saneamento do Estado brasileiro.<\/p>\n<\/div>\n<p>V\u00eddeo de discurso do <a href=\"https:\/\/www.facebook.com\/profile.php?id=100008136168340&amp;hc_location=ufi\" target=\"_blank\">Prof. Ricardo Alba<\/a> pode ser visto neste <a href=\"https:\/\/www.facebook.com\/institutoverdadeeliberdade\/videos\/vb.749762098484187\/774781582648905\/?type=2&amp;theater\" target=\"_blank\">link.<\/a><\/p>\n<p>Abaixo alguns registros da a\u00e7\u00e3o:<\/p>\n<p><a href=\"http:\/\/acaopolitica.com\/wp-content\/uploads\/2015\/11\/ac1.jpg\"><img loading=\"lazy\" class=\"alignnone size-full wp-image-461\" src=\"http:\/\/acaopolitica.com\/wp-content\/uploads\/2015\/11\/ac1.jpg\" alt=\"ac1\" width=\"1600\" height=\"1200\" srcset=\"http:\/\/acaopolitica.com\/wp-content\/uploads\/2015\/11\/ac1.jpg 1600w, http:\/\/acaopolitica.com\/wp-content\/uploads\/2015\/11\/ac1-300x225.jpg 300w, http:\/\/acaopolitica.com\/wp-content\/uploads\/2015\/11\/ac1-768x576.jpg 768w, http:\/\/acaopolitica.com\/wp-content\/uploads\/2015\/11\/ac1-1030x773.jpg 1030w\" sizes=\"(max-width: 1600px) 100vw, 1600px\" \/><\/a> <a href=\"http:\/\/acaopolitica.com\/wp-content\/uploads\/2015\/11\/ac2.jpg\"><img loading=\"lazy\" class=\"alignnone size-full wp-image-462\" src=\"http:\/\/acaopolitica.com\/wp-content\/uploads\/2015\/11\/ac2.jpg\" alt=\"ac2\" width=\"1200\" height=\"1600\" srcset=\"http:\/\/acaopolitica.com\/wp-content\/uploads\/2015\/11\/ac2.jpg 1200w, http:\/\/acaopolitica.com\/wp-content\/uploads\/2015\/11\/ac2-225x300.jpg 225w, http:\/\/acaopolitica.com\/wp-content\/uploads\/2015\/11\/ac2-768x1024.jpg 768w, http:\/\/acaopolitica.com\/wp-content\/uploads\/2015\/11\/ac2-773x1030.jpg 773w\" sizes=\"(max-width: 1200px) 100vw, 1200px\" \/><\/a> <a href=\"http:\/\/acaopolitica.com\/wp-content\/uploads\/2015\/11\/ac3.jpg\"><img loading=\"lazy\" class=\"alignnone size-full wp-image-463\" src=\"http:\/\/acaopolitica.com\/wp-content\/uploads\/2015\/11\/ac3.jpg\" alt=\"ac3\" width=\"1200\" height=\"1600\" srcset=\"http:\/\/acaopolitica.com\/wp-content\/uploads\/2015\/11\/ac3.jpg 1200w, http:\/\/acaopolitica.com\/wp-content\/uploads\/2015\/11\/ac3-225x300.jpg 225w, http:\/\/acaopolitica.com\/wp-content\/uploads\/2015\/11\/ac3-768x1024.jpg 768w, http:\/\/acaopolitica.com\/wp-content\/uploads\/2015\/11\/ac3-773x1030.jpg 773w\" sizes=\"(max-width: 1200px) 100vw, 1200px\" \/><\/a> <a href=\"http:\/\/acaopolitica.com\/wp-content\/uploads\/2015\/11\/ac5.jpg\"><img loading=\"lazy\" class=\"alignnone size-full wp-image-465\" src=\"http:\/\/acaopolitica.com\/wp-content\/uploads\/2015\/11\/ac5.jpg\" alt=\"ac5\" width=\"1296\" height=\"728\" srcset=\"http:\/\/acaopolitica.com\/wp-content\/uploads\/2015\/11\/ac5.jpg 1296w, http:\/\/acaopolitica.com\/wp-content\/uploads\/2015\/11\/ac5-300x169.jpg 300w, http:\/\/acaopolitica.com\/wp-content\/uploads\/2015\/11\/ac5-768x431.jpg 768w, http:\/\/acaopolitica.com\/wp-content\/uploads\/2015\/11\/ac5-1030x579.jpg 1030w\" sizes=\"(max-width: 1296px) 100vw, 1296px\" \/><\/a> <a href=\"http:\/\/acaopolitica.com\/wp-content\/uploads\/2015\/11\/IMG-20151115-WA0061.jpg\"><img loading=\"lazy\" class=\"alignnone size-full wp-image-466\" src=\"http:\/\/acaopolitica.com\/wp-content\/uploads\/2015\/11\/IMG-20151115-WA0061.jpg\" alt=\"IMG-20151115-WA0061\" width=\"1600\" height=\"1200\" srcset=\"http:\/\/acaopolitica.com\/wp-content\/uploads\/2015\/11\/IMG-20151115-WA0061.jpg 1600w, http:\/\/acaopolitica.com\/wp-content\/uploads\/2015\/11\/IMG-20151115-WA0061-300x225.jpg 300w, http:\/\/acaopolitica.com\/wp-content\/uploads\/2015\/11\/IMG-20151115-WA0061-768x576.jpg 768w, http:\/\/acaopolitica.com\/wp-content\/uploads\/2015\/11\/IMG-20151115-WA0061-1030x773.jpg 1030w\" sizes=\"(max-width: 1600px) 100vw, 1600px\" \/><\/a> <a href=\"http:\/\/acaopolitica.com\/wp-content\/uploads\/2015\/11\/IMG-20151115-WA0068.jpg\"><img loading=\"lazy\" class=\"alignnone size-full wp-image-467\" src=\"http:\/\/acaopolitica.com\/wp-content\/uploads\/2015\/11\/IMG-20151115-WA0068.jpg\" alt=\"IMG-20151115-WA0068\" width=\"1200\" height=\"1600\" srcset=\"http:\/\/acaopolitica.com\/wp-content\/uploads\/2015\/11\/IMG-20151115-WA0068.jpg 1200w, http:\/\/acaopolitica.com\/wp-content\/uploads\/2015\/11\/IMG-20151115-WA0068-225x300.jpg 225w, http:\/\/acaopolitica.com\/wp-content\/uploads\/2015\/11\/IMG-20151115-WA0068-768x1024.jpg 768w, http:\/\/acaopolitica.com\/wp-content\/uploads\/2015\/11\/IMG-20151115-WA0068-773x1030.jpg 773w\" sizes=\"(max-width: 1200px) 100vw, 1200px\" \/><\/a> <a href=\"http:\/\/acaopolitica.com\/wp-content\/uploads\/2015\/11\/raquel_e_cyntia.jpg\"><img loading=\"lazy\" class=\"alignnone size-full wp-image-468\" src=\"http:\/\/acaopolitica.com\/wp-content\/uploads\/2015\/11\/raquel_e_cyntia.jpg\" alt=\"raquel_e_cyntia\" width=\"960\" height=\"1280\" srcset=\"http:\/\/acaopolitica.com\/wp-content\/uploads\/2015\/11\/raquel_e_cyntia.jpg 960w, http:\/\/acaopolitica.com\/wp-content\/uploads\/2015\/11\/raquel_e_cyntia-225x300.jpg 225w, http:\/\/acaopolitica.com\/wp-content\/uploads\/2015\/11\/raquel_e_cyntia-768x1024.jpg 768w, http:\/\/acaopolitica.com\/wp-content\/uploads\/2015\/11\/raquel_e_cyntia-773x1030.jpg 773w\" sizes=\"(max-width: 960px) 100vw, 960px\" \/><\/a><\/p>\n","protected":false},"excerpt":{"rendered":"<p>Neste dia 15\/11, v\u00e1rios membros do IVL juntaram-se \u00e0 popula\u00e7\u00e3o numa a\u00e7\u00e3o em frente \u00e0 Prefeitura de Blumenau. A\u00e7\u00e3o coordenada e promovida principalmente pelo Prof&#8230;.<\/p>\n","protected":false},"author":1,"featured_media":461,"comment_status":"open","ping_status":"open","sticky":false,"template":"","format":"standard","meta":[],"categories":[11],"tags":[],"_links":{"self":[{"href":"http:\/\/acaopolitica.com\/index.php\/wp-json\/wp\/v2\/posts\/452"}],"collection":[{"href":"http:\/\/acaopolitica.com\/index.php\/wp-json\/wp\/v2\/posts"}],"about":[{"href":"http:\/\/acaopolitica.com\/index.php\/wp-json\/wp\/v2\/types\/post"}],"author":[{"embeddable":true,"href":"http:\/\/acaopolitica.com\/index.php\/wp-json\/wp\/v2\/users\/1"}],"replies":[{"embeddable":true,"href":"http:\/\/acaopolitica.com\/index.php\/wp-json\/wp\/v2\/comments?post=452"}],"version-history":[{"count":8,"href":"http:\/\/acaopolitica.com\/index.php\/wp-json\/wp\/v2\/posts\/452\/revisions"}],"predecessor-version":[{"id":469,"href":"http:\/\/acaopolitica.com\/index.php\/wp-json\/wp\/v2\/posts\/452\/revisions\/469"}],"wp:featuredmedia":[{"embeddable":true,"href":"http:\/\/acaopolitica.com\/index.php\/wp-json\/wp\/v2\/media\/461"}],"wp:attachment":[{"href":"http:\/\/acaopolitica.com\/index.php\/wp-json\/wp\/v2\/media?parent=452"}],"wp:term":[{"taxonomy":"category","embeddable":true,"href":"http:\/\/acaopolitica.com\/index.php\/wp-json\/wp\/v2\/categories?post=452"},{"taxonomy":"post_tag","embeddable":true,"href":"http:\/\/acaopolitica.com\/index.php\/wp-json\/wp\/v2\/tags?post=452"}],"curies":[{"name":"wp","href":"https:\/\/api.w.org\/{rel}","templated":true}]}}