{"id":471,"date":"2015-11-18T11:47:59","date_gmt":"2015-11-18T11:47:59","guid":{"rendered":"http:\/\/acaopolitica.com\/?p=471"},"modified":"2015-11-18T11:47:59","modified_gmt":"2015-11-18T11:47:59","slug":"a-importancia-do-livre-comercio-de-medicamentos","status":"publish","type":"post","link":"http:\/\/acaopolitica.com\/index.php\/2015\/11\/18\/a-importancia-do-livre-comercio-de-medicamentos\/","title":{"rendered":"A import\u00e2ncia do livre com\u00e9rcio de medicamentos"},"content":{"rendered":"<p style=\"text-align: justify\">Final de semana viajei para outra cidade. Era para ter dado tudo certo e harmonioso, mas a verdade \u00e9 que a fam\u00edlia inteira acabou ficando gripada. E como sou contemplado, em poucas horas fiquei com amigdalite e o final de semana se acabava ali.<\/p>\n<p style=\"text-align: justify\">S\u00e1bado de noite, ent\u00e3o, andei pela cidade \u00e0 procura de uma farm\u00e1cia e me deparei com duas &#8211; uma em frente da outra. A primeira, uma farm\u00e1cia mais nova, enquanto a outra j\u00e1 era tradicional na cidade. Optei pela segunda, por imaginar que o servi\u00e7o seria melhor (at\u00e9 porque minha esposa j\u00e1 tinha ido na outra e n\u00e3o gostamos do atendimento). Resultado: mesmo sem pedir, o farmac\u00eautico me vendeu um antibi\u00f3tico sem receita. Paguei mais caro do que na outra farm\u00e1cia, imagino (s\u00f3 pelo pre\u00e7o que deu a compra), mas ao menos tive meu problema resolvido, uma vez que amigdalite \u00e9 algo corriqueiro para minha pessoa.<\/p>\n<p style=\"text-align: justify\">Esta breve hist\u00f3ria demonstra como o livre mercado de medicamentos pode ser ben\u00e9fico para todos. N\u00e3o precisei encarar longas filas no Posto de Sa\u00fade em cidade estranha, a fim de conseguir uma &#8220;receita&#8221; para comprar o medicamento (se \u00e9 que a obteria); n\u00e3o precisei pagar caro por um atendimento m\u00e9dico privado (num s\u00e1bado a noite, dif\u00edcil de conseguir) e n\u00e3o necessitei esperar at\u00e9 o outro dia para estar muito pior e ter de voltar para casa. Sim, verdade, paguei mais caro por esta &#8220;regalia&#8221;, mas paguei satisfeito, sabendo que estaria resolvendo o problema. Eu e o dono da farm\u00e1cia fizemos um neg\u00f3cio bom para ambos: ele me vendeu mais caro e, portanto, lucrou mais, e eu consegui o que precisava.<\/p>\n<p style=\"text-align: justify\">Sendo assim, &#8220;Ag\u00eancias Reguladoras&#8221; e &#8220;\u00d3rg\u00e3os de Fiscaliza\u00e7\u00e3o&#8221;, conquanto tenham algum pequeno valor na realiza\u00e7\u00e3o de testes mais acurados, na esmagadora maioria das vezes, s\u00f3 servem de empecilho para o empreendedorismo e livre mercado. Sim, \u00e9 igualmente verdade que o antibi\u00f3tico vendido a mim, poderia ter me feito muito mal e piorado os sintomas, mas preferi correr o risco (em verdade, comprei um outro produto, tamb\u00e9m nesta farm\u00e1cia e que, creio, ativou levemente minha asma, o que me levou a ter de ir no m\u00e9dico nesta segunda-feira, mas preferi o risco).<\/p>\n<p style=\"text-align: justify\">Em um sistema sem interfer\u00eancia, todos poderiam comprar os rem\u00e9dios que bem entendessem, estando cientes dos perigos que correm e analisando se o risco compensa ao benef\u00edcio (vide o caso da fosfoetanolamina &#8211; suposto composto qu\u00edmico que ajuda pacientes com c\u00e2ncer). E n\u00e3o, n\u00e3o \u00e9 porque alguns comeriam &#8220;lixo&#8221; para se curarem a qualquer custo, que todo o restante da popula\u00e7\u00e3o deva ser privada desta liberdade de comprar, porque ainda que os m\u00e9dicos saibam infinitamente mais (ou n\u00e3o) sobre doen\u00e7as do que o pr\u00f3prio paciente, por que \u00e9 preciso que o governo intermedie esta rela\u00e7\u00e3o, exigindo das farm\u00e1cias uma &#8220;receita&#8221;, a fim de ter o controle? Meu farmac\u00eautico, um senhor de barba grisalha, acaso n\u00e3o saberia como tratar uma simples amigdalite?<\/p>\n<p style=\"text-align: justify\">\u00c9 por isso que precisamos de menos governo e mais liberdade, porque n\u00e3o \u00e9 poss\u00edvel crer que homens que se vendem para criar leis e regulamenta\u00e7\u00f5es, entendam melhor de sa\u00fade e transa\u00e7\u00f5es econ\u00f4micas do que o \u00fanicos que geram riquezas: o empreendedor e consumidor.<\/p>\n<p style=\"text-align: justify\">_________<br \/>\n*Siga-nos: www.facebook.com\/liberaisblumenau<br \/>\n**Imagem: http:\/\/s2.glbimg.com\/hZK1LUb3RshpBbQ7dlnVd6E38DY=\/620&#215;465\/s.glbimg.com\/jo\/g1\/f\/original\/2015\/10\/06\/captura_de_tela_inteira_06102015_142437.jpg<\/p>\n","protected":false},"excerpt":{"rendered":"<p>Final de semana viajei para outra cidade. Era para ter dado tudo certo e harmonioso, mas a verdade \u00e9 que a fam\u00edlia inteira acabou ficando&#8230;<\/p>\n","protected":false},"author":7,"featured_media":472,"comment_status":"open","ping_status":"open","sticky":false,"template":"","format":"standard","meta":[],"categories":[10,2],"tags":[],"_links":{"self":[{"href":"http:\/\/acaopolitica.com\/index.php\/wp-json\/wp\/v2\/posts\/471"}],"collection":[{"href":"http:\/\/acaopolitica.com\/index.php\/wp-json\/wp\/v2\/posts"}],"about":[{"href":"http:\/\/acaopolitica.com\/index.php\/wp-json\/wp\/v2\/types\/post"}],"author":[{"embeddable":true,"href":"http:\/\/acaopolitica.com\/index.php\/wp-json\/wp\/v2\/users\/7"}],"replies":[{"embeddable":true,"href":"http:\/\/acaopolitica.com\/index.php\/wp-json\/wp\/v2\/comments?post=471"}],"version-history":[{"count":1,"href":"http:\/\/acaopolitica.com\/index.php\/wp-json\/wp\/v2\/posts\/471\/revisions"}],"predecessor-version":[{"id":473,"href":"http:\/\/acaopolitica.com\/index.php\/wp-json\/wp\/v2\/posts\/471\/revisions\/473"}],"wp:featuredmedia":[{"embeddable":true,"href":"http:\/\/acaopolitica.com\/index.php\/wp-json\/wp\/v2\/media\/472"}],"wp:attachment":[{"href":"http:\/\/acaopolitica.com\/index.php\/wp-json\/wp\/v2\/media?parent=471"}],"wp:term":[{"taxonomy":"category","embeddable":true,"href":"http:\/\/acaopolitica.com\/index.php\/wp-json\/wp\/v2\/categories?post=471"},{"taxonomy":"post_tag","embeddable":true,"href":"http:\/\/acaopolitica.com\/index.php\/wp-json\/wp\/v2\/tags?post=471"}],"curies":[{"name":"wp","href":"https:\/\/api.w.org\/{rel}","templated":true}]}}