{"id":474,"date":"2015-11-19T18:04:24","date_gmt":"2015-11-19T18:04:24","guid":{"rendered":"http:\/\/acaopolitica.com\/?p=474"},"modified":"2015-11-19T18:09:49","modified_gmt":"2015-11-19T18:09:49","slug":"audiencia-sobre-criacao-de-guarda-municipal-armada-em-blumenau","status":"publish","type":"post","link":"http:\/\/acaopolitica.com\/index.php\/2015\/11\/19\/audiencia-sobre-criacao-de-guarda-municipal-armada-em-blumenau\/","title":{"rendered":"Audi\u00eancia sobre cria\u00e7\u00e3o de Guarda Municipal Armada em Blumenau"},"content":{"rendered":"<p style=\"text-align: justify;\">Ol\u00e1 amigos do IVL!<\/p>\n<p style=\"text-align: justify;\">Registro feito pelo coordenador do IVL, <a href=\"https:\/\/www.facebook.com\/rafael.prochnow.96?fref=ts\" target=\"_blank\">Rafael Prochnow<\/a>.<\/p>\n<p style=\"text-align: justify;\">Nesta quarta feira, 18 de novembro de 2015 \u00e0s 19:00hrs, em Blumenau foi promovida uma audi\u00eancia p\u00fablica pela <a href=\"http:\/\/www.camarablu.sc.gov.br\" target=\"_blank\">C\u00e2mara de Vereadores<\/a> onde entrou em debate a cria\u00e7\u00e3o de uma guarda municipal armada. A audi\u00eancia foi proposta pelo vereador Marco Ant\u00f4nio Wanrowsky (PSDB), o qual presidiu a sess\u00e3o, e por Diogo dos Santos (PR), respons\u00e1vel em apresentar o requerimento enquanto ocupava cadeira no Legislativo.<\/p>\n<p style=\"text-align: justify;\">Na sequ\u00eancia, o vereador passou a palavra para o secret\u00e1rio de Defesa do Cidad\u00e3o, Marcelo Schrubbe. O mesmo explicou que \u201cproporcionar seguran\u00e7a n\u00e3o \u00e9 uma obriga\u00e7\u00e3o do munic\u00edpio\u201d, mas, que a prefeitura faz o que \u00e9 poss\u00edvel, afirmou tamb\u00e9m, que o prefeito Napole\u00e3o Bernardes solicitou logo no in\u00edcio do mandato (2012), estudos para a cria\u00e7\u00e3o do \u00f3rg\u00e3o.<\/p>\n<p style=\"text-align: justify;\">O secret\u00e1rio explicou porque o projeto j\u00e1 prev\u00ea que a guarda seja armada e qual a fun\u00e7\u00e3o do \u00f3rg\u00e3o:<br \/>\n&#8211; Em todas audi\u00eancias onde houve o debate, foi un\u00e2nime a quest\u00e3o do armamento. Segundo o secret\u00e1rio, \u201cseria muito perigoso colocar duas pessoas fardadas num carro caracterizado e sem armamento. Al\u00e9m disso, a guarda n\u00e3o \u00e9 outra pol\u00edcia e n\u00e3o pode fazer o papel da mesma. A compet\u00eancia dela \u00e9 prote\u00e7\u00e3o de bens p\u00fablicos\u201d.<\/p>\n<p style=\"text-align: justify;\">Projeto \u201cmuito interessante\u201d com todo seu contexto, por\u00e9m, quando apresentado seu primeiro efetivo nas ruas da cidade, recebemos um balde \u00e1gua fria&#8230; \u201c10 agentes\u201d selecionados para iniciar a guarda Armanda de Blumenau (!?), cidade com mais de 300 mil\u00a0habitantes.<\/p>\n<p style=\"text-align: justify;\">Para dar in\u00edcio ao \u00f3rg\u00e3o, o custo mensal seria de 400 mil reais ao m\u00eas ou 3 milh\u00f5es de reais ao ano, sendo que, o primeiro investimento para compra de uniformes e viaturas e armamento custaria para cofre p\u00fablico municipal cerca de 5 milh\u00f5es reais. Portanto, seria gasto no primeiro ano 8 milh\u00f5es de reais e depois todos os anos 3 milh\u00f5es de reais para termos somente 10 agentes? E mais&#8230; a guarda municipal n\u00e3o poder\u00e1 fazer rondas ostensivas, patrulhas em bairro com alta periculosidade, eles poder\u00e3o atuar somente para seguran\u00e7a de pra\u00e7as, escolas e locais de responsabilidade do poder executivo municipal.<\/p>\n<p style=\"text-align: justify;\"><strong>Vamos gastar 400 mil reais ao m\u00eas para termos somente 10 agentes e sua \u00e1rea de atua\u00e7\u00e3o ser\u00e1\u00a0somente prote\u00e7\u00e3o do patrim\u00f4nio p\u00fablico ao inv\u00e9s das vidas e da integridade f\u00edsica e mesmo patrimonial do indiv\u00edduo!?<\/strong><\/p>\n<p style=\"text-align: justify;\">Como n\u00e3o poderia ser diferente, servi\u00e7os privados de seguran\u00e7a contratados com a m\u00e1xima transpar\u00eancia e gerenciados sob o mais alto padr\u00e3o de competitividade e exig\u00eancia do setor privado, podem fazer seguran\u00e7a patrimonial sem maiores problemas e muito melhor do que qualquer novo \u201cdepartamento\u201d p\u00fablico. Gerando mais despesas e todos os problemas de corrup\u00e7\u00e3o e inefici\u00eancia. Isto, supondo haver mesmo tal necessidade no curto prazo.<\/p>\n<p style=\"text-align: justify;\">Parece-nos claro que \u00e9 mais uma forma de justificar ainda mais a extors\u00e3o de dinheiro dos indiv\u00edduos da sociedade; \u00fanicos produtores de qualquer riqueza.<\/p>\n<p style=\"text-align: justify;\">Cabe ressaltar tamb\u00e9m, que no momento pol\u00edtico que vivemos, sob a amea\u00e7a de um governo totalit\u00e1rio, bem alinhado a um totalitarismo crescente por todo o mundo, qualquer mudan\u00e7a em \u00e1rea t\u00e3o sens\u00edvel como seguran\u00e7a <strong>deve ser avaliada sob um amplo debate<\/strong>. Sabemos que um dos poucos setores n\u00e3o completamente aparelhados pelos bra\u00e7os do <a href=\"http:\/\/www.midiasemmascara.org\/mediawatch\/noticiasfaltantes\/foro-de-sao-paulo.html\" target=\"_blank\">Foro de S\u00e3o Paulo<\/a> (PT e seus aliados comunistas aqui no Brasil; atual governo), foram exatamente as for\u00e7as de seguran\u00e7a.<\/p>\n<p style=\"text-align: justify;\">Para toda quest\u00e3o ligada \u00e0\u00a0seguran\u00e7a, o melhor mesmo sempre ser\u00e1 o indiv\u00edduo ter os meios de proteger a si e seu patrim\u00f4nio, adquirir no mercado os servi\u00e7os para proteger a si e seu patrim\u00f4nio e a sociedade entender que o custo de buscar no estado uma falsa sensa\u00e7\u00e3o de seguran\u00e7a sempre cobrar\u00e1 um pre\u00e7o alto demais no longo prazo&#8230; alto e caro demais como a Hist\u00f3ria cansa de nos ensinar e o bom senso nos alerta cotidianamente.<\/p>\n<p style=\"text-align: justify;\">Abaixo alguns registros da audi\u00eancia:<\/p>\n<p style=\"text-align: justify;\"><a href=\"http:\/\/acaopolitica.com\/wp-content\/uploads\/2015\/11\/aud1.jpg\"><img loading=\"lazy\" class=\"alignnone size-full wp-image-477\" src=\"http:\/\/acaopolitica.com\/wp-content\/uploads\/2015\/11\/aud1.jpg\" alt=\"aud1\" width=\"1600\" height=\"1200\" srcset=\"http:\/\/acaopolitica.com\/wp-content\/uploads\/2015\/11\/aud1.jpg 1600w, http:\/\/acaopolitica.com\/wp-content\/uploads\/2015\/11\/aud1-300x225.jpg 300w, http:\/\/acaopolitica.com\/wp-content\/uploads\/2015\/11\/aud1-768x576.jpg 768w, http:\/\/acaopolitica.com\/wp-content\/uploads\/2015\/11\/aud1-1030x773.jpg 1030w\" sizes=\"(max-width: 1600px) 100vw, 1600px\" \/><\/a><\/p>\n<p style=\"text-align: justify;\"><a href=\"http:\/\/acaopolitica.com\/wp-content\/uploads\/2015\/11\/aud2.jpg\"><img loading=\"lazy\" class=\"alignnone wp-image-478\" src=\"http:\/\/acaopolitica.com\/wp-content\/uploads\/2015\/11\/aud2.jpg\" alt=\"aud2\" width=\"634\" height=\"421\" srcset=\"http:\/\/acaopolitica.com\/wp-content\/uploads\/2015\/11\/aud2.jpg 471w, http:\/\/acaopolitica.com\/wp-content\/uploads\/2015\/11\/aud2-300x199.jpg 300w\" sizes=\"(max-width: 634px) 100vw, 634px\" \/><\/a><\/p>\n","protected":false},"excerpt":{"rendered":"<p>Ol\u00e1 amigos do IVL! Registro feito pelo coordenador do IVL, Rafael Prochnow. Nesta quarta feira, 18 de novembro de 2015 \u00e0s 19:00hrs, em Blumenau foi&#8230;<\/p>\n","protected":false},"author":1,"featured_media":476,"comment_status":"open","ping_status":"open","sticky":false,"template":"","format":"standard","meta":[],"categories":[11],"tags":[],"_links":{"self":[{"href":"http:\/\/acaopolitica.com\/index.php\/wp-json\/wp\/v2\/posts\/474"}],"collection":[{"href":"http:\/\/acaopolitica.com\/index.php\/wp-json\/wp\/v2\/posts"}],"about":[{"href":"http:\/\/acaopolitica.com\/index.php\/wp-json\/wp\/v2\/types\/post"}],"author":[{"embeddable":true,"href":"http:\/\/acaopolitica.com\/index.php\/wp-json\/wp\/v2\/users\/1"}],"replies":[{"embeddable":true,"href":"http:\/\/acaopolitica.com\/index.php\/wp-json\/wp\/v2\/comments?post=474"}],"version-history":[{"count":2,"href":"http:\/\/acaopolitica.com\/index.php\/wp-json\/wp\/v2\/posts\/474\/revisions"}],"predecessor-version":[{"id":480,"href":"http:\/\/acaopolitica.com\/index.php\/wp-json\/wp\/v2\/posts\/474\/revisions\/480"}],"wp:featuredmedia":[{"embeddable":true,"href":"http:\/\/acaopolitica.com\/index.php\/wp-json\/wp\/v2\/media\/476"}],"wp:attachment":[{"href":"http:\/\/acaopolitica.com\/index.php\/wp-json\/wp\/v2\/media?parent=474"}],"wp:term":[{"taxonomy":"category","embeddable":true,"href":"http:\/\/acaopolitica.com\/index.php\/wp-json\/wp\/v2\/categories?post=474"},{"taxonomy":"post_tag","embeddable":true,"href":"http:\/\/acaopolitica.com\/index.php\/wp-json\/wp\/v2\/tags?post=474"}],"curies":[{"name":"wp","href":"https:\/\/api.w.org\/{rel}","templated":true}]}}