{"id":482,"date":"2015-11-24T00:08:58","date_gmt":"2015-11-24T00:08:58","guid":{"rendered":"http:\/\/acaopolitica.com\/?p=482"},"modified":"2015-11-24T01:35:58","modified_gmt":"2015-11-24T01:35:58","slug":"a-incoerencia-zumbi-da-esquerda","status":"publish","type":"post","link":"http:\/\/acaopolitica.com\/index.php\/2015\/11\/24\/a-incoerencia-zumbi-da-esquerda\/","title":{"rendered":"A incoer\u00eancia zumbi da Esquerda"},"content":{"rendered":"<p style=\"text-align: justify;\">Tomo a liberdade de parafrasear, o t\u00edtulo de uma cr\u00edtica feita por um amigo, Rodrigo Souza. Semana passada, muitas postagens e falas do pessoal de esquerda, tem trazido uma avalanche de groselha \u00e0 tona. Principalmente no trato ao Zumbi dos Palmares, como m\u00e1rtir da causa negra. Dessa vez n\u00e3o remeto o t\u00edtulo aos zumbis de sci-fi, mas ao Zumbi dos Palmares, que como s\u00edmbolo da liberdade negra, \u00e9 um atroz deles mesmos, * Dessa vez n\u00e3o remeto o t\u00edtulo aos zumbis de sci-fi, mas ao Zumbi dos Palmares, s\u00edmbolo da liberdade negra. Na verdade, era um explorador atroz dos mesmos negros. Chegando ao limite do mesmo Zumbi, ser um possuidor de escravos negros! A perversidade, ou a incoer\u00eancia, de usar o Zumbi, como s\u00edmbolo de \u201cresist\u00eancia\u201d negra, \u00e9 de dimens\u00f5es hom\u00e9ricas , remete-me a uma cena onde o Dep. Jean Wyllys, que diz defender os homossexuais \u2013 como se eles precisassem da defesa do Jean \u2013 se vestiu de Che Guevara, que \u00e9 sabido historicamente, racista e homof\u00f3bico.<\/p>\n<p style=\"text-align: justify;\">N\u00e3o \u00e9 por acaso que a esquerda faz isso, a subvers\u00e3o intelectual faz parte do seu plano, Gramsci j\u00e1 deixava bem claro a necessidade de elevar os defeitos e subjulgar as qualidades. Assim, em breve, veremos todos os esquerdistas como zumbis, ca\u00e7ando c\u00e9rebros, j\u00e1 que os deles foram sugados por sua ideologia.<\/p>\n<p style=\"padding-left: 30px; text-align: justify;\">Aproveitando o gancho, as greves frequentes em Blumenau, s\u00e3o incompreens\u00edveis. Os indiv\u00edduos, estudam pro concurso, prestam o concurso, aguardam serem chamados, s\u00e3o chamados. At\u00e9 ent\u00e3o, o indiv\u00edduo sabe seu sal\u00e1rio e benef\u00edcios. Posteriormente este indiv\u00edduo, descontente, ao inv\u00e9s de tentar encontrar algo que lhe agrade mais, faz grave e se assenta, sobre a estabilidade. Mais uma vez, o estado demonstra sua incapacidade de gerir, seja verba ou sejam pessoas.<\/p>\n<p style=\"text-align: justify;\">Escrito por <a href=\"https:\/\/www.facebook.com\/jose.galdino.756?fref=ts\">Jos\u00e9 Galdino.<\/a><\/p>\n","protected":false},"excerpt":{"rendered":"<p>Tomo a liberdade de parafrasear, o t\u00edtulo de uma cr\u00edtica feita por um amigo, Rodrigo Souza. Semana passada, muitas postagens e falas do pessoal de&#8230;<\/p>\n","protected":false},"author":4,"featured_media":484,"comment_status":"open","ping_status":"open","sticky":false,"template":"","format":"standard","meta":[],"categories":[2],"tags":[],"_links":{"self":[{"href":"http:\/\/acaopolitica.com\/index.php\/wp-json\/wp\/v2\/posts\/482"}],"collection":[{"href":"http:\/\/acaopolitica.com\/index.php\/wp-json\/wp\/v2\/posts"}],"about":[{"href":"http:\/\/acaopolitica.com\/index.php\/wp-json\/wp\/v2\/types\/post"}],"author":[{"embeddable":true,"href":"http:\/\/acaopolitica.com\/index.php\/wp-json\/wp\/v2\/users\/4"}],"replies":[{"embeddable":true,"href":"http:\/\/acaopolitica.com\/index.php\/wp-json\/wp\/v2\/comments?post=482"}],"version-history":[{"count":2,"href":"http:\/\/acaopolitica.com\/index.php\/wp-json\/wp\/v2\/posts\/482\/revisions"}],"predecessor-version":[{"id":487,"href":"http:\/\/acaopolitica.com\/index.php\/wp-json\/wp\/v2\/posts\/482\/revisions\/487"}],"wp:featuredmedia":[{"embeddable":true,"href":"http:\/\/acaopolitica.com\/index.php\/wp-json\/wp\/v2\/media\/484"}],"wp:attachment":[{"href":"http:\/\/acaopolitica.com\/index.php\/wp-json\/wp\/v2\/media?parent=482"}],"wp:term":[{"taxonomy":"category","embeddable":true,"href":"http:\/\/acaopolitica.com\/index.php\/wp-json\/wp\/v2\/categories?post=482"},{"taxonomy":"post_tag","embeddable":true,"href":"http:\/\/acaopolitica.com\/index.php\/wp-json\/wp\/v2\/tags?post=482"}],"curies":[{"name":"wp","href":"https:\/\/api.w.org\/{rel}","templated":true}]}}