{"id":488,"date":"2015-11-24T02:12:58","date_gmt":"2015-11-24T02:12:58","guid":{"rendered":"http:\/\/acaopolitica.com\/?p=488"},"modified":"2015-11-24T10:14:42","modified_gmt":"2015-11-24T10:14:42","slug":"calamidade-publica","status":"publish","type":"post","link":"http:\/\/acaopolitica.com\/index.php\/2015\/11\/24\/calamidade-publica\/","title":{"rendered":"Calamidade p\u00fablica"},"content":{"rendered":"<p style=\"text-align: justify;\">Que comece a guerra!<\/p>\n<p style=\"text-align: justify;\">Ap\u00f3s nos caminhoneiros darmos in\u00edcio ao que chamamos de &#8220;<strong>A Revolta Popular Brasileira<\/strong>&#8220;, o Governo se mostrando fr\u00e1gil perante nossas\u00a0campanhas nas ruas e redes sociais, come\u00e7a a nos atacar.<\/p>\n<p style=\"text-align: justify;\">Com as \u00fanicas\u00a0armas que tem ao seu alcance, insultos e mentiras. Lan\u00e7a em rede nacional mat\u00e9ria para denegrir a imagem dos caminhoneiros, os chamando de &#8221; drogados &#8220;.<\/p>\n<p style=\"text-align: justify;\">N\u00e3o podemos deixar este pa\u00eds\u00a0que tem no seu hist\u00f3rico, a viol\u00eancia como M\u00c3E e o narcotr\u00e1fico como PAI, depositar em \u00a0n\u00f3s\u00a0caminhoneiros o papel\u00a0de interpretar o MASCOTE desse PUTEIRO.<\/p>\n<p style=\"text-align: justify;\">GOVERNO LIXO, \u00a0n\u00e3o se deu conta que essa &#8220;mat\u00e9ria&#8221; s\u00f3 afirmou o seu estado de incapacidade de controlar um dos fundamento b\u00e1sicos do estado?<\/p>\n<p style=\"text-align: justify;\">Ou o consumo excessivo dessas drogas noticiada nessa mat\u00e9ria n\u00e3o \u00e9 caso de SA\u00daDE P\u00daBLICA!<\/p>\n<p style=\"text-align: justify;\">Aten\u00e7\u00e3o ao sindicatos da classe dos transportadores de carga. Isso \u00e9 caso de calamidade!!!<\/p>\n<p style=\"text-align: justify;\">Antes de denegrir a Fam\u00edlia, a Pessoa, o Car\u00e1cter de quem transporta o progresso desse pa\u00eds. Demonstra ao menos interesse em preserva a imagem da Na\u00e7\u00e3o perante o Mundo.<\/p>\n<p style=\"text-align: justify;\">Ol\u00edvio Souza<br \/>\n*Bra\u00e7o Forte*<\/p>\n","protected":false},"excerpt":{"rendered":"<p>Que comece a guerra! Ap\u00f3s nos caminhoneiros darmos in\u00edcio ao que chamamos de &#8220;A Revolta Popular Brasileira&#8220;, o Governo se mostrando fr\u00e1gil perante nossas\u00a0campanhas nas&#8230;<\/p>\n","protected":false},"author":10,"featured_media":491,"comment_status":"open","ping_status":"open","sticky":false,"template":"","format":"standard","meta":[],"categories":[2],"tags":[],"_links":{"self":[{"href":"http:\/\/acaopolitica.com\/index.php\/wp-json\/wp\/v2\/posts\/488"}],"collection":[{"href":"http:\/\/acaopolitica.com\/index.php\/wp-json\/wp\/v2\/posts"}],"about":[{"href":"http:\/\/acaopolitica.com\/index.php\/wp-json\/wp\/v2\/types\/post"}],"author":[{"embeddable":true,"href":"http:\/\/acaopolitica.com\/index.php\/wp-json\/wp\/v2\/users\/10"}],"replies":[{"embeddable":true,"href":"http:\/\/acaopolitica.com\/index.php\/wp-json\/wp\/v2\/comments?post=488"}],"version-history":[{"count":4,"href":"http:\/\/acaopolitica.com\/index.php\/wp-json\/wp\/v2\/posts\/488\/revisions"}],"predecessor-version":[{"id":493,"href":"http:\/\/acaopolitica.com\/index.php\/wp-json\/wp\/v2\/posts\/488\/revisions\/493"}],"wp:featuredmedia":[{"embeddable":true,"href":"http:\/\/acaopolitica.com\/index.php\/wp-json\/wp\/v2\/media\/491"}],"wp:attachment":[{"href":"http:\/\/acaopolitica.com\/index.php\/wp-json\/wp\/v2\/media?parent=488"}],"wp:term":[{"taxonomy":"category","embeddable":true,"href":"http:\/\/acaopolitica.com\/index.php\/wp-json\/wp\/v2\/categories?post=488"},{"taxonomy":"post_tag","embeddable":true,"href":"http:\/\/acaopolitica.com\/index.php\/wp-json\/wp\/v2\/tags?post=488"}],"curies":[{"name":"wp","href":"https:\/\/api.w.org\/{rel}","templated":true}]}}