{"id":525,"date":"2015-11-26T11:54:43","date_gmt":"2015-11-26T11:54:43","guid":{"rendered":"http:\/\/acaopolitica.com\/?p=525"},"modified":"2015-11-26T12:10:42","modified_gmt":"2015-11-26T12:10:42","slug":"assim-e-o-dia-a-dia-do-amigo-caminhoneiro","status":"publish","type":"post","link":"http:\/\/acaopolitica.com\/index.php\/2015\/11\/26\/assim-e-o-dia-a-dia-do-amigo-caminhoneiro\/","title":{"rendered":"Assim \u00e9 o dia a dia do amigo caminhoneiro"},"content":{"rendered":"<p>&nbsp;<\/p>\n<p style=\"text-align: justify;\">Assim \u00e9 o dia a dia do amigo caminhoneiro.<\/p>\n<p style=\"text-align: justify;\">Se n\u00e3o bastasse os preju\u00edzos que a pr\u00f3prio profiss\u00e3o nos proporciona, como a alta do diesel e dos demais complementos derivados do petr\u00f3leo, a m\u00e1 preserva\u00e7\u00e3o das estradas e o baixo valor dos fretes e ainda outros custos e dificuldades que n\u00e3o vou enumerar aqui para n\u00e3o aborrec\u00ea-los.<\/p>\n<p style=\"text-align: justify;\">A assombra\u00e7\u00e3o dos assaltos que muito nos atormentou no passado, hoje \u00e9 mais uma das realidades que a m\u00eddia nacional omite em qualquer um de seus meios.<\/p>\n<p style=\"text-align: justify;\">Os assaltos de cargas que sempre fizeram parte do cotidiano da profiss\u00e3o, hoje n\u00e3o mais interessam \u00e0s mentes criminosas por traz dessas a\u00e7\u00f5es. N\u00e3o s\u00f3 porque os que vivem dessa pr\u00e1tica criminosa perderam espa\u00e7o para as seguradoras que por suas vez obrigam aos que deveria praticar a seguran\u00e7a nas rodovias pelo simples fatos de serem &#8221; bem pagos&#8221; , n\u00e3o as fazerem!<\/p>\n<p style=\"text-align: justify;\">Os roubos a pneus e itens particulares desses profissionais se multiplicam em ritmo acelerado; de quem seria a culpa por esses atos?<\/p>\n<p style=\"text-align: justify;\">Em uma mesa com cinco intelectuais a discutir esse impasse, afirmo que quatro apontariam a m\u00e1 forma\u00e7\u00e3o (como causa do mau car\u00e1ter) e culparia o ensino med\u00edocre que esse pa\u00eds oferece aos nossos jovens. Mas, o verdadeiro motivo desses atos, rapidamente seria descartado da tal aprecia\u00e7\u00e3o.<\/p>\n<p style=\"text-align: justify;\">Como em toda \u00e1rea de trabalho ou (falta de ) investimentos; todos os locais de estudos que est\u00e3o sendo sucateados pela crise nacional que assola esse pa\u00eds.<\/p>\n<p style=\"text-align: justify;\">N\u00e3o me abstenho de culpar esse Governo Omisso pelos atos atentados contra nossos companheiros da estrada!<\/p>\n","protected":false},"excerpt":{"rendered":"<p>&nbsp; Assim \u00e9 o dia a dia do amigo caminhoneiro. Se n\u00e3o bastasse os preju\u00edzos que a pr\u00f3prio profiss\u00e3o nos proporciona, como a alta do&#8230;<\/p>\n","protected":false},"author":10,"featured_media":530,"comment_status":"open","ping_status":"open","sticky":false,"template":"","format":"standard","meta":[],"categories":[2],"tags":[],"_links":{"self":[{"href":"http:\/\/acaopolitica.com\/index.php\/wp-json\/wp\/v2\/posts\/525"}],"collection":[{"href":"http:\/\/acaopolitica.com\/index.php\/wp-json\/wp\/v2\/posts"}],"about":[{"href":"http:\/\/acaopolitica.com\/index.php\/wp-json\/wp\/v2\/types\/post"}],"author":[{"embeddable":true,"href":"http:\/\/acaopolitica.com\/index.php\/wp-json\/wp\/v2\/users\/10"}],"replies":[{"embeddable":true,"href":"http:\/\/acaopolitica.com\/index.php\/wp-json\/wp\/v2\/comments?post=525"}],"version-history":[{"count":5,"href":"http:\/\/acaopolitica.com\/index.php\/wp-json\/wp\/v2\/posts\/525\/revisions"}],"predecessor-version":[{"id":532,"href":"http:\/\/acaopolitica.com\/index.php\/wp-json\/wp\/v2\/posts\/525\/revisions\/532"}],"wp:featuredmedia":[{"embeddable":true,"href":"http:\/\/acaopolitica.com\/index.php\/wp-json\/wp\/v2\/media\/530"}],"wp:attachment":[{"href":"http:\/\/acaopolitica.com\/index.php\/wp-json\/wp\/v2\/media?parent=525"}],"wp:term":[{"taxonomy":"category","embeddable":true,"href":"http:\/\/acaopolitica.com\/index.php\/wp-json\/wp\/v2\/categories?post=525"},{"taxonomy":"post_tag","embeddable":true,"href":"http:\/\/acaopolitica.com\/index.php\/wp-json\/wp\/v2\/tags?post=525"}],"curies":[{"name":"wp","href":"https:\/\/api.w.org\/{rel}","templated":true}]}}