{"id":59,"date":"2015-09-16T01:29:15","date_gmt":"2015-09-16T01:29:15","guid":{"rendered":"http:\/\/acaopolitica.com\/?p=59"},"modified":"2015-09-16T03:37:10","modified_gmt":"2015-09-16T03:37:10","slug":"vencemos-por-menos-cadeiras-queremos-menos-gastos","status":"publish","type":"post","link":"http:\/\/acaopolitica.com\/index.php\/2015\/09\/16\/vencemos-por-menos-cadeiras-queremos-menos-gastos\/","title":{"rendered":"Vencemos por menos cadeiras, queremos menos gastos!"},"content":{"rendered":"<p style=\"text-align: center;\"><a href=\"http:\/\/acaopolitica.com\/wp-content\/uploads\/2015\/09\/11779969_1598722717046445_2956124153246059111_o.jpg\"><img loading=\"lazy\" class=\"alignnone size-medium wp-image-61\" src=\"http:\/\/acaopolitica.com\/wp-content\/uploads\/2015\/09\/11779969_1598722717046445_2956124153246059111_o-300x111.jpg\" alt=\"11779969_1598722717046445_2956124153246059111_o\" width=\"300\" height=\"111\" srcset=\"http:\/\/acaopolitica.com\/wp-content\/uploads\/2015\/09\/11779969_1598722717046445_2956124153246059111_o-300x111.jpg 300w, http:\/\/acaopolitica.com\/wp-content\/uploads\/2015\/09\/11779969_1598722717046445_2956124153246059111_o-768x284.jpg 768w, http:\/\/acaopolitica.com\/wp-content\/uploads\/2015\/09\/11779969_1598722717046445_2956124153246059111_o.jpg 851w\" sizes=\"(max-width: 300px) 100vw, 300px\" \/><\/a><\/p>\n<p style=\"text-align: justify;\">\u00a0\u00a0\u00a0\u00a0\u00a0\u00a0\u00a0\u00a0\u00a0\u00a0\u00a0\u00a0\u00a0\u00a0\u00a0<span style=\"color: #000000;\"> Foi arquivado o PL que previa o aumento do n\u00famero de vereadores, ap\u00f3s seis meses de muita luta popular leg\u00edtima, 25 sess\u00f5es ordin\u00e1rias, muitos debates &#8211; inclusive com v\u00e1rias autoridades falando a respeito -, ap\u00f3s uma lavada espetacular dada pela popula\u00e7\u00e3o na audi\u00eancia p\u00fablica para debater o PL, depois de todo esse cen\u00e1rio hom\u00e9rico, finalmente arquivaram! Por\u00e9m, esse projeto apenas demonstrou o quanto nossa C\u00e2mara de Vereadores, que deveria ser nossa voz, est\u00e1 em descompasso com a popula\u00e7\u00e3o, j\u00e1 que, antes mesmo a ser colocado em pauta o projeto de lei, houve as maiores manifesta\u00e7\u00f5es da hist\u00f3ria de Blumenau, qui\u00e7\u00e1 uma das maiores do estado, e dentre as muitas pautas, pedia-se a redu\u00e7\u00e3o da m\u00e1quina p\u00fablica, por\u00e9m, mesmo assim, foi colocada em pauta proposta sem nenhum cabimento, com argumento inicial de representar ainda mais a popula\u00e7\u00e3o, por\u00e9m, os mesmos que propuseram esse projeto, esqueceram de representar a popula\u00e7\u00e3o, ao menos mantendo a m\u00e1quina publica no seu tamanho atual.<\/span><\/p>\n<p style=\"text-align: justify;\"><span style=\"color: #000000;\">Por\u00e9m, devemos de certo modo agradecer aos senhores que tiveram essa ideia, abriram espa\u00e7o para muitos debates e outras pautas, como por exemplo, a diminui\u00e7\u00e3o nos custos da c\u00e2mara, redu\u00e7\u00e3o do n\u00famero de comissionados, extin\u00e7\u00e3o de aluguel para carros, e tudo isso se tornou plaus\u00edvel e principalmente palp\u00e1vel, pois sabemos agora do que nosso povo \u00e9 capaz, do que nossos blumenauenses s\u00e3o capazes e com certeza ser\u00e3o causas por n\u00f3s pleiteadas! Para fechar com chave de ouro, conhecemos a face de alguns senhores vereadores nesse meio tempo, o Vereador Vanderlei de Oliveira, respons\u00e1vel pela frase retumbante a respeito do sal\u00e1rio dos senhores vereadores: \u201c&#8230;estamos discutindo migalhas&#8230;\u201d., o Vereador C\u00e9lio, que muitas vezes desmereceu a popula\u00e7\u00e3o de Blumenau e seus esfor\u00e7os contr\u00e1rios a esse aumento descabido e principalmente e figura do Vereador Forest, que foi respons\u00e1vel por v\u00e1rias cenas vergonhosas para nossa cidade, inclusive, nos fazendo virar piada no Congresso Nacional.<\/span><\/p>\n<p style=\"text-align: justify;\"><span style=\"color: #000000;\">A <a href=\"https:\/\/www.facebook.com\/alcione.kleine?fref=ts\" target=\"_blank\">Alcione Kleine<\/a>, que batalhou fielmente esses \u00faltimos tempos contra essa quest\u00e3o, relata: <\/span><\/p>\n<p style=\"text-align: justify; padding-left: 30px;\"><span style=\"color: #0000ff;\">\u201cPrecisamos continuar nossa luta para n\u00e3o deixarmos mais nenhum dos que se dizem nossos representantes fazerem o que eles bem entenderem, temos ainda um longo caminho a seguir para organizar nossa casa e depois ajudar a arrumar nosso Pa\u00eds, n\u00e3o foi f\u00e1cil ficar desde abril at\u00e9 agora setembro escutando de muitas pessoas que n\u00e3o adiantava nada nossa luta, escutando de certo vereador que eu n\u00e3o representava o povo de Blumenau, mas valeu tudo que passei e agrade\u00e7o aos meus familiares e aos meus fi\u00e9is amigos que foram me dando for\u00e7a em todo esse caminho. Obrigado.\u201d.<\/span><\/p>\n<p style=\"text-align: justify;\"><span style=\"color: #000000;\">Eis que nossa luta apenas come\u00e7ou, vencemos apenas uma batalha, a guerra est\u00e1 come\u00e7ando apenas! N\u00e3o queremos impossibilitar nossos vereadores de trabalhar, por\u00e9m, exigimos respeito com o dinheiro p\u00fablico e logo assim ser\u00e1 tamb\u00e9m com o executivo, que \u00e9 quem leva e movimenta a maior parte da fatia, assim ser\u00e1 tamb\u00e9m, com nossos deputados estaduais e federais, governador, senadores, nossos olhos se abriram, nossas vozes surgiram, ir\u00e3o ecoar e sem d\u00favida, ser\u00e3o elas a serem respons\u00e1veis por um pa\u00eds melhor e mais justo, onde o dinheiro fique, aonde deve ficar, no bolso do seus geradores e n\u00e3o da grande m\u00e1quina estatal.<\/span><\/p>\n<p style=\"text-align: justify;\"><span style=\"color: #000000;\">Escrito por <a href=\"https:\/\/www.facebook.com\/jose.galdino.756?fref=ts\">Jos\u00e9 Galdino.<\/a><\/span><\/p>\n","protected":false},"excerpt":{"rendered":"<p>\u00a0\u00a0\u00a0\u00a0\u00a0\u00a0\u00a0\u00a0\u00a0\u00a0\u00a0\u00a0\u00a0\u00a0\u00a0 Foi arquivado o PL que previa o aumento do n\u00famero de vereadores, ap\u00f3s seis meses de muita luta popular leg\u00edtima, 25 sess\u00f5es ordin\u00e1rias, muitos&#8230;<\/p>\n","protected":false},"author":4,"featured_media":0,"comment_status":"open","ping_status":"open","sticky":false,"template":"","format":"standard","meta":[],"categories":[2],"tags":[],"_links":{"self":[{"href":"http:\/\/acaopolitica.com\/index.php\/wp-json\/wp\/v2\/posts\/59"}],"collection":[{"href":"http:\/\/acaopolitica.com\/index.php\/wp-json\/wp\/v2\/posts"}],"about":[{"href":"http:\/\/acaopolitica.com\/index.php\/wp-json\/wp\/v2\/types\/post"}],"author":[{"embeddable":true,"href":"http:\/\/acaopolitica.com\/index.php\/wp-json\/wp\/v2\/users\/4"}],"replies":[{"embeddable":true,"href":"http:\/\/acaopolitica.com\/index.php\/wp-json\/wp\/v2\/comments?post=59"}],"version-history":[{"count":7,"href":"http:\/\/acaopolitica.com\/index.php\/wp-json\/wp\/v2\/posts\/59\/revisions"}],"predecessor-version":[{"id":67,"href":"http:\/\/acaopolitica.com\/index.php\/wp-json\/wp\/v2\/posts\/59\/revisions\/67"}],"wp:attachment":[{"href":"http:\/\/acaopolitica.com\/index.php\/wp-json\/wp\/v2\/media?parent=59"}],"wp:term":[{"taxonomy":"category","embeddable":true,"href":"http:\/\/acaopolitica.com\/index.php\/wp-json\/wp\/v2\/categories?post=59"},{"taxonomy":"post_tag","embeddable":true,"href":"http:\/\/acaopolitica.com\/index.php\/wp-json\/wp\/v2\/tags?post=59"}],"curies":[{"name":"wp","href":"https:\/\/api.w.org\/{rel}","templated":true}]}}