{"id":619,"date":"2015-12-19T06:37:41","date_gmt":"2015-12-19T06:37:41","guid":{"rendered":"http:\/\/acaopolitica.com\/?p=619"},"modified":"2017-06-23T04:11:22","modified_gmt":"2017-06-23T04:11:22","slug":"noite-negra-da-alma-dos-guerreiros-da-nacao-ato-1","status":"publish","type":"post","link":"http:\/\/acaopolitica.com\/index.php\/2015\/12\/19\/noite-negra-da-alma-dos-guerreiros-da-nacao-ato-1\/","title":{"rendered":"Noite negra da alma &#8211; dos guerreiros da na\u00e7\u00e3o &#8211; ato 1"},"content":{"rendered":"<p style=\"text-align: justify;\"><span style=\"color: #000000;\">Muitos de voc\u00eas est\u00e3o experimentando agora um descontentamento sem fim. Um sentimento de perda da esperan\u00e7a e at\u00e9 da confian\u00e7a. Uma vontade de desistir&#8230; de assistir tudo de bra\u00e7os cruzados. Uns com desencanto, outros sentem-se impotentes e h\u00e1 tamb\u00e9m os que experimentam mais a raiva.<\/span><\/p>\n<p style=\"text-align: justify;\"><span style=\"color: #000000;\">H\u00e1 ainda aqueles que aguardam para quando tudo estiver desabando e os que est\u00e3o acomodados agora vierem implorar ajuda, olhar nos olhos daqueles e apenas responder ao apelo com um indiferente, frio e seco: <strong>&#8211; Eu te avisei!<\/strong><\/span><\/p>\n<p style=\"text-align: justify;\"><span style=\"color: #000000;\">Para aqueles que j\u00e1 lutaram seu turno, n\u00e3o h\u00e1 quem possa criticar. \u00c9 esperado que se revezem os soldados na batalha. At\u00e9 pela nossa \u00edndole, queremos salvar vidas sim! Assim como \u00e0 DIGNIDADE humana. Aqueles a quem tivermos que arrancar do sof\u00e1 \u00e0 for\u00e7a ou estapear para que acordem do transe, perdem um pouco dessa dignidade. N\u00e3o queremos isso. N\u00e3o queremos porque n\u00e3o somos tiranos. Acreditamos na liberdade e a decis\u00e3o deve ser livre, assumindo toda a responsabilidade e ganhando o direito a toda a gl\u00f3ria de manter-se de p\u00e9 diante do mal que de maneira vil sussura estas promessas: &#8211; Ajoelhe-se diante de mim, n\u00e3o seja insensato e ficar\u00e1s seguro!<\/span><\/p>\n<p style=\"text-align: justify;\"><span style=\"color: #000000;\">E a esta proposta imoral, <strong>nossa resposta \u00e9 um sonoro, N\u00c3O!<\/strong> Assim como n\u00e3o \u00e9 nossa conduta subjugar a vontade dos outros \u00e0 nossa com a desculpa de salv\u00e1-los. O que nos tornaria iguais aos nossos verdadeiros inimigos. \u00a0Sim, muitos de n\u00f3s decidiram apenas observar de p\u00e9 a partir de agora para que tal exemplo ressoe na alma e na consci\u00eancia dos que est\u00e3o amortecidos, acovardados ou acomodados. E esse exemplo seja o exato oposto da sedu\u00e7\u00e3o, da mal\u00edcia e da coer\u00e7\u00e3o que os tiranos usam para usurpar seu livre arb\u00edtrio, vontade, consci\u00eancia, dignidade e, por fim, a vida.<\/span><\/p>\n<p style=\"text-align: justify;\"><span style=\"color: #000000;\">\u00c9 digno e l\u00edcito para aqueles que j\u00e1 fizeram a sua parte (e somente a consci\u00eancia de cada um pode julgar com perfei\u00e7\u00e3o quem j\u00e1 fez) , usar o \u00faltimo recurso do exemplo pelo sil\u00eancio e pela resigna\u00e7\u00e3o. Feito com sinceridade pelas pessoas aptas, \u00e9 um caminho t\u00e3o dif\u00edcil e t\u00e3o nobre quanto qualquer outra alternativa.<\/span><\/p>\n<p style=\"text-align: justify;\"><span style=\"color: #000000;\">Esta mensagem n\u00e3o \u00e9 para aquelas pessoas que se enquadram nas linhas acima. Esta mensagem \u00e9 para aqueles que est\u00e3o apenas cogitando essas possibilidades. Ou porque julgam que ainda n\u00e3o atingiram tal n\u00edvel de comprometimento. Ou ainda simplesmente porque, no fundo, n\u00e3o concebem a ideia de parar.<\/span><\/p>\n<p style=\"text-align: justify;\"><span style=\"color: #000000;\">Para estes, eu lhes digo, estes momentos de desespero, de solid\u00e3o ou desamparo tem um nome&#8230; chama-se Noite Negra da Alma. Ocorre em sua vida, ocorre nessas batalhas que afetam muitas pessoas. O ponto\u00a0de maior escurid\u00e3o na noite \u00e9 o mais assustador. E \u00e9 exatamente o momento em que a luz come\u00e7a a retornar&#8230; naquele exato instante. A cada minuto que passar, mais e mais a luz se far\u00e1 presente at\u00e9 o dia clarear.<\/span><\/p>\n<p style=\"text-align: justify;\"><span style=\"color: #000000;\">Assim como a noite\u00a0sombria\u00a0nos remete a esses momento de medo e desilus\u00e3o, o conhecimento \u00e9 associado com a luz que nos permite enxergar em meio \u00e0 escurid\u00e3o.<\/span><\/p>\n<p style=\"text-align: justify;\"><span style=\"color: #000000;\">Nas pr\u00f3ximas linhas, alguns conhecimentos e alguns questionamentos (em cuja reflex\u00e3o gerar\u00e1 as fagulhas de novas chamas de mais conhecimento) que lhe permitir\u00e1 come\u00e7ar a perceber a claridade.<\/span><\/p>\n<p style=\"text-align: justify;\"><span style=\"color: #000000;\">Existe Engenharia Social, que vai al\u00e9m da mera obten\u00e7\u00e3o de informa\u00e7\u00f5es, visando a manipula\u00e7\u00e3o psicol\u00f3gica das massas. Com recursos os quais a maioria de voc\u00eas que leem estas linhas n\u00e3o imaginam. Entre essas manipula\u00e7\u00f5es est\u00e1 tamb\u00e9m aquela que visa retirar a motiva\u00e7\u00e3o e o entusiasmo do inimigo pelo combate, instilando-lhe medo, desespero, indiferen\u00e7a ou outra emo\u00e7\u00e3o que sirva para dissipar energias.<\/span><\/p>\n<p style=\"text-align: justify;\"><span style=\"color: #000000;\">A m\u00eddia \u00e9 um campo de batalha t\u00e3o importante quanto os demais. A m\u00eddia, com o nome diz, est\u00e1 no &#8221; meio &#8220;. Pergunte-se, no meio de qu\u00ea?<\/span><\/p>\n<p style=\"text-align: justify;\"><span style=\"color: #000000;\">Na Era da Informa\u00e7\u00e3o, a guerra de informa\u00e7\u00e3o \u00e9 preponderante. Por que voc\u00ea acha que toda informa\u00e7\u00e3o que chega at\u00e9 voc\u00ea \u00e9 desprovida de qualquer inten\u00e7\u00e3o al\u00e9m daquela aparente? Se t\u00e9cnicas de marketing vendem produtos, por que n\u00e3o venderiam conceitos, posturas, condutas, tend\u00eancias? Se produtos s\u00e3o fabricados e vendidos com tais t\u00e9cnicas, por que sup\u00f5e que narrativas n\u00e3o possam ser fabricadas para te vender diferentes perspectivas (como otimismo ou pessimismo, for\u00e7a ou fragilidade do advers\u00e1rio pol\u00edtico)?<\/span><\/p>\n<p style=\"text-align: justify;\"><span style=\"color: #000000;\">Voc\u00ea pode discordar\u00a0que os grandes movimentos de massa atuantes no Brasil neste instante s\u00e3o cooptados e manipulados (no todo ou em parte). Mas, acha mesmo que isto \u00e9 imposs\u00edvel, considerando os bilh\u00f5es de reais a que o PT e demais partidos e grupos no poder tem acesso? Se, com a devida razoabilidade, considerar que \u00e9 poss\u00edvel a coopta\u00e7\u00e3o de tais movimentos, por que baseia a tua motiva\u00e7\u00e3o somente no resultado das a\u00e7\u00f5es que partem de iniciativas daqueles grandes movimentos?<\/span><\/p>\n<p style=\"text-align: justify;\"><span style=\"color: #000000;\">Toda pol\u00edtica no mundo inteiro tem problemas. Vivemos num pa\u00eds atrasado culturalmente e deixamos os piores assumirem o poder, baixando ainda mais o n\u00edvel da j\u00e1 vergonhosa pol\u00edtica nacional, numa coordena\u00e7\u00e3o com um projeto de poder comunista internacional. E muitos ficam surpresos por haver conchavos em todas as inst\u00e2ncias para se protegerem mutuamente os envolvidos no esquema. <strong>Com qual base uma pessoa se julga adulta e respons\u00e1vel e ainda se surpreende com essa situa\u00e7\u00e3o?<\/strong> <\/span><\/p>\n<p style=\"text-align: justify;\"><span style=\"color: #000000;\">Explicando de forma bem did\u00e1tica. Suponho que voc\u00ea saiba o que s\u00e3o uma raposa, um galinheiro e uma galinha. E imaginemos que voc\u00ea \u00e9 o dono do galinheiro e das galinhas. E voc\u00ea me deixa colocar uma raposa dentro do seu galinheiro. Com qual base voc\u00ea pode se considerar apto a opinar (ou confiar em suas opini\u00f5es sobre o gerenciamento do galinheiro), ao ver que voc\u00ea mesmo se surpreende com o que faz a raposa no seu galinheiro!?<\/span><\/p>\n<p style=\"text-align: justify;\"><span style=\"color: #000000;\">E, a partir do par\u00e1grafo anterior, quais as bases factuais que voc\u00ea tem para se surpreender com a constitui\u00e7\u00e3o sendo &#8221; rasgada &#8221; para proteger a N\u00c3O-presidente Dilma Rousseff? Ser\u00e1 que n\u00e3o s\u00e3o apenas ilus\u00f5es e opini\u00f5es que voc\u00ea n\u00e3o quer abandonar por trazerem uma falsa sensa\u00e7\u00e3o de seguran\u00e7a por um tempo, mas que agora lhe colocam em desespero?<\/span><\/p>\n<p style=\"text-align: justify;\"><span style=\"color: #000000;\">Voltando ao t\u00edtulo e concluindo. N\u00e3o ser\u00e1 a \u00faltima Noite Negra da Alma dos guerreiros da na\u00e7\u00e3o. Por isso, acrescentei &#8221; ato 1 &#8221; no t\u00edtulo. Muitas outras vir\u00e3o&#8230; in\u00fameras at\u00e9 que se finde essa batalha!<strong> Conclamo, meus amigos, renovem o esp\u00edrito de luta, a jornada \u00e9 longa e cada um de voc\u00eas \u00e9 insubstitu\u00edvel.<\/strong><\/span><\/p>\n<p>&nbsp;<\/p>\n<p>&nbsp;<\/p>\n<p>&nbsp;<\/p>\n","protected":false},"excerpt":{"rendered":"<p>Muitos de voc\u00eas est\u00e3o experimentando agora um descontentamento sem fim. Um sentimento de perda da esperan\u00e7a e at\u00e9 da confian\u00e7a. Uma vontade de desistir&#8230; de&#8230;<\/p>\n","protected":false},"author":1,"featured_media":632,"comment_status":"open","ping_status":"open","sticky":false,"template":"","format":"standard","meta":[],"categories":[3,2],"tags":[],"_links":{"self":[{"href":"http:\/\/acaopolitica.com\/index.php\/wp-json\/wp\/v2\/posts\/619"}],"collection":[{"href":"http:\/\/acaopolitica.com\/index.php\/wp-json\/wp\/v2\/posts"}],"about":[{"href":"http:\/\/acaopolitica.com\/index.php\/wp-json\/wp\/v2\/types\/post"}],"author":[{"embeddable":true,"href":"http:\/\/acaopolitica.com\/index.php\/wp-json\/wp\/v2\/users\/1"}],"replies":[{"embeddable":true,"href":"http:\/\/acaopolitica.com\/index.php\/wp-json\/wp\/v2\/comments?post=619"}],"version-history":[{"count":18,"href":"http:\/\/acaopolitica.com\/index.php\/wp-json\/wp\/v2\/posts\/619\/revisions"}],"predecessor-version":[{"id":1706,"href":"http:\/\/acaopolitica.com\/index.php\/wp-json\/wp\/v2\/posts\/619\/revisions\/1706"}],"wp:featuredmedia":[{"embeddable":true,"href":"http:\/\/acaopolitica.com\/index.php\/wp-json\/wp\/v2\/media\/632"}],"wp:attachment":[{"href":"http:\/\/acaopolitica.com\/index.php\/wp-json\/wp\/v2\/media?parent=619"}],"wp:term":[{"taxonomy":"category","embeddable":true,"href":"http:\/\/acaopolitica.com\/index.php\/wp-json\/wp\/v2\/categories?post=619"},{"taxonomy":"post_tag","embeddable":true,"href":"http:\/\/acaopolitica.com\/index.php\/wp-json\/wp\/v2\/tags?post=619"}],"curies":[{"name":"wp","href":"https:\/\/api.w.org\/{rel}","templated":true}]}}