{"id":70,"date":"2015-09-18T04:07:01","date_gmt":"2015-09-18T04:07:01","guid":{"rendered":"http:\/\/acaopolitica.com\/?p=70"},"modified":"2016-03-30T12:25:44","modified_gmt":"2016-03-30T12:25:44","slug":"estatisticas-de-financas-publicas-03","status":"publish","type":"post","link":"http:\/\/acaopolitica.com\/index.php\/2015\/09\/18\/estatisticas-de-financas-publicas-03\/","title":{"rendered":"Estat\u00edsticas de Finan\u00e7as P\u00fablicas 03"},"content":{"rendered":"<p style=\"text-align: justify;\"><span style=\"color: #ff0000;\">Prezados Senhores<\/span><\/p>\n<p style=\"text-align: justify;\"><span style=\"color: #ff0000;\">Desde 2010 o Brasil j\u00e1 dava sinais de sua trag\u00e9dia atual e somente essa desequilibrada mental (Dilma) n\u00e3o sabia o que ocorria. Segundo ela descobriu entre novembro e dezembro de 2014. Como vamos aguentar uma demente governando o Brasil at\u00e9 2018?<\/span><\/p>\n<p style=\"text-align: center;\"><span style=\"color: #333399;\">Estat\u00edsticas de Finan\u00e7as P\u00fablicas e Conta Intermedi\u00e1ria de Governo \u2013 Brasil \u2013 Fonte IBGE<\/span><br \/>\n<span style=\"color: #ff0000;\">Base: 2010\/2013<\/span><br \/>\n<span style=\"color: #333399;\">IBGE e STN divulgam a Conta Intermedi\u00e1ria do Governo e Estat\u00edsticas de Finan\u00e7as P\u00fablicas 2010-2013<\/span><\/p>\n<p style=\"text-align: justify;\"><span style=\"color: #333333;\">A necessidade de financiamento do governo aumentou entre 2010 e 2013. Ap\u00f3s chegar a R$ 91,7 bilh\u00f5es em 2012 (-1,9% do PIB), volta a ultrapassar o patamar de 2010 (R$ 120,65 bilh\u00f5es ou (-3,1% do PIB), atingindo R$ 165,9 bilh\u00f5es (-3,2% do PIB) em 2013. Neste indicador, o saldo negativo indica um d\u00e9ficit, que ter\u00e1 que ser financiado atrav\u00e9s da emiss\u00e3o de passivos financeiros. J\u00e1 a despesa de consumo final do governo, que s\u00e3o os gastos empregados em bens e servi\u00e7os individuais e coletivos que as tr\u00eas esferas governamentais disponibilizam gratuitamente, passou de 18,3% do PIB em 2010 (R$ 710,4 bilh\u00f5es) para 19% em 2013 (R$ 980,2 bilh\u00f5es) na Conta Intermedi\u00e1ria do Governo (CIG). \u00c9 o que mostra a publica\u00e7\u00e3o Estat\u00edsticas de Finan\u00e7as P\u00fablicas e Conta Intermedi\u00e1ria de Governo, que o IBGE passa a divulgar anualmente a partir de 2015. Elaborada em parceria com a Secretaria do Tesouro Nacional (STN), a primeira edi\u00e7\u00e3o do estudo apresenta resultados para os anos de 2010 a 2013 para os governos federal, estaduais e municipais. O objetivo \u00e9 fortalecer e aprimorar a metodologia de apura\u00e7\u00e3o de estat\u00edsticas de governo por meio da harmoniza\u00e7\u00e3o de conceitos e metodologias, e do compartilhamento de informa\u00e7\u00f5es entre a STN e o IBGE.<\/span><\/p>\n<p style=\"text-align: justify;\"><span style=\"color: #333333;\">Visando aperfei\u00e7oar o c\u00e1lculo da conta do governo do Sistema de Contas Nacionais, que incorpora as bases de dados da conta intermedi\u00e1ria e outras fontes de informa\u00e7\u00e3o, a publica\u00e7\u00e3o tamb\u00e9m busca fornecer uma vis\u00e3o geral do v\u00ednculo entre as Estat\u00edsticas de Finan\u00e7as P\u00fablicas (EFP), elaboradas de acordo com o Government Finance Statistics Manual 2014 (GFSM) e calculadas pela STN, e a Conta Intermedi\u00e1ria de Governo (CIG), que o IBGE elabora seguindo as recomenda\u00e7\u00f5es do manual System of National Accounts 2008 (SNA). O que se destacam s\u00e3o as similaridades e diferen\u00e7as entre os dois sistemas estat\u00edsticos e as maneiras de conciliar os dados nos casos em que existam diferen\u00e7as em suas apresenta\u00e7\u00f5es.<\/span><\/p>\n<p style=\"text-align: justify;\"><span style=\"color: #333333;\">A Conta Intermedi\u00e1ria do Governo (CIG) traz uma vis\u00e3o inicial das contas do governo nos processos econ\u00f4micos de produ\u00e7\u00e3o, gera\u00e7\u00e3o e distribui\u00e7\u00e3o de renda, consumo de bens e servi\u00e7os e de acumula\u00e7\u00e3o de capital. Constitui-se como o passo necess\u00e1rio \u00e0 elabora\u00e7\u00e3o da conta central, que ser\u00e1 divulgada junto com os resultados das Contas Nacionais Anuais.<\/span><\/p>\n<p style=\"text-align: justify;\"><span style=\"color: #333333;\">J\u00e1 as Estat\u00edsticas de Finan\u00e7as P\u00fablicas (EFP) se concentram no impacto dos eventos econ\u00f4micos sobre as finan\u00e7as do governo: receita, despesa e resultados fiscais, al\u00e9m do impacto das a\u00e7\u00f5es do governo sobre a economia por meio da tributa\u00e7\u00e3o, gastos e empr\u00e9stimos.<\/span><\/p>\n<p style=\"text-align: justify;\"><span style=\"color: #333333;\">Os dados sobre o consumo final do governo, a poupan\u00e7a bruta e a forma\u00e7\u00e3o bruta de capital fixo s\u00e3o derivados do Sistema de Contas Nacionais, enquanto que os resultados prim\u00e1rio e operacional l\u00edquido s\u00e3o oriundos dos demonstrativos das estat\u00edsticas de finan\u00e7as p\u00fablicas. J\u00e1 a capacidade\/necessidade de financiamento est\u00e1 presente nos dois sistemas.<\/span><\/p>\n<p style=\"text-align: justify;\"><span style=\"color: #333333;\">At\u00e9 2003, o IBGE publicava pesquisas espec\u00edficas sobre finan\u00e7as p\u00fablicas. Com a descontinuidade desses levantamentos, a base de dados da STN passou a ser a principal fonte de informa\u00e7\u00f5es para esse c\u00e1lculo. A harmoniza\u00e7\u00e3o de conceitos e metodologias das Estat\u00edsticas de Finan\u00e7as P\u00fablicas e de Contas Nacionais (SNA 2008) representa uma melhoria na qualidade e precis\u00e3o das informa\u00e7\u00f5es usadas no c\u00e1lculo da conta final do governo e, portanto, do PIB do pa\u00eds.<\/span><\/p>\n<p style=\"text-align: justify;\"><span style=\"color: #333333;\">Necessidade de financiamento do governo aumenta em 2013<\/span><\/p>\n<p style=\"text-align: justify;\"><span style=\"color: #333333;\">A CIG mostra um aumento da necessidade de financiamento do governo, que, ap\u00f3s chegar a R$ 91,7 bilh\u00f5es em 2012 (-1,9% do PIB), volta a ultrapassar o patamar de 2010 (R$ 120,5 bilh\u00f5es, (-3,1% do PIB), atingindo R$ 165,9 bilh\u00f5es (-3,2% do PIB) em 2013. Neste indicador, o saldo positivo mostra a exist\u00eancia de um super\u00e1vit e, quando negativo, indica um d\u00e9ficit, que ter\u00e1 que ser financiado atrav\u00e9s da emiss\u00e3o de passivos financeiros.<\/span><\/p>\n<p style=\"text-align: justify;\"><span style=\"color: #333333;\">A despesa de consumo final do governo passou de 18,3% do PIB em 2010 (R$ 710,4 trilh\u00f5es) para 19% em 2013 (R$ 980,2 trilh\u00f5es) na Conta Intermedi\u00e1ria do Governo (CIG). Embora haja uma eleva\u00e7\u00e3o cont\u00ednua em valores nominais em toda a s\u00e9rie, houve redu\u00e7\u00e3o em percentual do PIB em 2011 (18,1%), ano em que o resultado prim\u00e1rio (diferen\u00e7a entre receitas e despesas do governo, exclu\u00eddos os juros) apurado pelas Estat\u00edsticas de Finan\u00e7as P\u00fablicas (EFP) tem seu valor mais elevado (3,2% do PIB). O resultado prim\u00e1rio do governo apresentado pelas EFP tamb\u00e9m registrou queda em 2012 (R$ 129,2 bilh\u00f5es) e no ano seguinte, voltando, em 2013, aos patamares de 2010, cerca de 2,0% do PIB (R$ 100,7 bilh\u00f5es).<\/span><\/p>\n<p style=\"text-align: justify;\"><span style=\"color: #333333;\">O resultado operacional l\u00edquido, que \u00e9 a receita menos a despesa (excluindo os gastos com aquisi\u00e7\u00e3o l\u00edquida de ativos n\u00e3o-financeiros), mostra-se negativo em toda a s\u00e9rie, com estabilidade em 2011, redu\u00e7\u00e3o do saldo negativo em 2012 (-1,2% do PIB) e eleva\u00e7\u00e3o em 2013 (-2,5%).<\/span><\/p>\n<p style=\"text-align: justify;\"><span style=\"color: #333333;\">Conta Intermedi\u00e1ria de Governo e Estat\u00edsticas de Finan\u00e7as P\u00fablicas &#8211; Brasil &#8211; 2010 a 2013<\/span><br \/>\n<span style=\"color: #333333;\"> (R$ Milh\u00f5es e % do PIB)<\/span><\/p>\n<p style=\"text-align: justify;\"><span style=\"color: #333333;\"><a href=\"http:\/\/acaopolitica.com\/wp-content\/uploads\/2015\/09\/tabela_artg1.png\"><img loading=\"lazy\" class=\"alignnone size-full wp-image-71\" src=\"http:\/\/acaopolitica.com\/wp-content\/uploads\/2015\/09\/tabela_artg1.png\" alt=\"tabela_artg1\" width=\"652\" height=\"407\" srcset=\"http:\/\/acaopolitica.com\/wp-content\/uploads\/2015\/09\/tabela_artg1.png 652w, http:\/\/acaopolitica.com\/wp-content\/uploads\/2015\/09\/tabela_artg1-300x187.png 300w\" sizes=\"(max-width: 652px) 100vw, 652px\" \/><\/a><\/span><\/p>\n<p style=\"text-align: justify;\"><a href=\"http:\/\/acaopolitica.com\/wp-content\/uploads\/2015\/09\/tabela_artg2.png\"><img loading=\"lazy\" class=\"alignnone size-full wp-image-72\" src=\"http:\/\/acaopolitica.com\/wp-content\/uploads\/2015\/09\/tabela_artg2.png\" alt=\"tabela_artg2\" width=\"655\" height=\"228\" srcset=\"http:\/\/acaopolitica.com\/wp-content\/uploads\/2015\/09\/tabela_artg2.png 655w, http:\/\/acaopolitica.com\/wp-content\/uploads\/2015\/09\/tabela_artg2-300x104.png 300w\" sizes=\"(max-width: 655px) 100vw, 655px\" \/><\/a><\/p>\n<p style=\"text-align: justify;\"><a href=\"http:\/\/acaopolitica.com\/wp-content\/uploads\/2015\/09\/tabela_artg3.png\"><img loading=\"lazy\" class=\"alignnone size-full wp-image-73\" src=\"http:\/\/acaopolitica.com\/wp-content\/uploads\/2015\/09\/tabela_artg3.png\" alt=\"tabela_artg3\" width=\"655\" height=\"477\" srcset=\"http:\/\/acaopolitica.com\/wp-content\/uploads\/2015\/09\/tabela_artg3.png 655w, http:\/\/acaopolitica.com\/wp-content\/uploads\/2015\/09\/tabela_artg3-300x218.png 300w\" sizes=\"(max-width: 655px) 100vw, 655px\" \/><\/a><\/p>\n<p style=\"text-align: justify;\">Ricardo Bergamini<br \/>\n(48) 9636-7322<br \/>\n(48) 9976-6974<br \/>\nricardobergamini@ricardobergamini.com.br<br \/>\n<a href=\"http:\/\/www.ricardobergamini.com.br\" target=\"_blank\">www.ricardobergamini.com.br<\/a><\/p>\n<p style=\"text-align: justify; font-size: 10px;\">Fonte: comunica\u00e7\u00e3o pessoal enviada para Vanderlei Dallagno em 18\/09\/2015<\/p>\n","protected":false},"excerpt":{"rendered":"<p>Prezados Senhores Desde 2010 o Brasil j\u00e1 dava sinais de sua trag\u00e9dia atual e somente essa desequilibrada mental (Dilma) n\u00e3o sabia o que ocorria. Segundo&#8230;<\/p>\n","protected":false},"author":18,"featured_media":0,"comment_status":"open","ping_status":"open","sticky":false,"template":"","format":"standard","meta":[],"categories":[10],"tags":[],"_links":{"self":[{"href":"http:\/\/acaopolitica.com\/index.php\/wp-json\/wp\/v2\/posts\/70"}],"collection":[{"href":"http:\/\/acaopolitica.com\/index.php\/wp-json\/wp\/v2\/posts"}],"about":[{"href":"http:\/\/acaopolitica.com\/index.php\/wp-json\/wp\/v2\/types\/post"}],"author":[{"embeddable":true,"href":"http:\/\/acaopolitica.com\/index.php\/wp-json\/wp\/v2\/users\/18"}],"replies":[{"embeddable":true,"href":"http:\/\/acaopolitica.com\/index.php\/wp-json\/wp\/v2\/comments?post=70"}],"version-history":[{"count":1,"href":"http:\/\/acaopolitica.com\/index.php\/wp-json\/wp\/v2\/posts\/70\/revisions"}],"predecessor-version":[{"id":74,"href":"http:\/\/acaopolitica.com\/index.php\/wp-json\/wp\/v2\/posts\/70\/revisions\/74"}],"wp:attachment":[{"href":"http:\/\/acaopolitica.com\/index.php\/wp-json\/wp\/v2\/media?parent=70"}],"wp:term":[{"taxonomy":"category","embeddable":true,"href":"http:\/\/acaopolitica.com\/index.php\/wp-json\/wp\/v2\/categories?post=70"},{"taxonomy":"post_tag","embeddable":true,"href":"http:\/\/acaopolitica.com\/index.php\/wp-json\/wp\/v2\/tags?post=70"}],"curies":[{"name":"wp","href":"https:\/\/api.w.org\/{rel}","templated":true}]}}