{"id":705,"date":"2016-02-25T12:02:03","date_gmt":"2016-02-25T12:02:03","guid":{"rendered":"http:\/\/acaopolitica.com\/?p=705"},"modified":"2016-02-25T14:33:04","modified_gmt":"2016-02-25T14:33:04","slug":"intervencionismo-ilustrado","status":"publish","type":"post","link":"http:\/\/acaopolitica.com\/index.php\/2016\/02\/25\/intervencionismo-ilustrado\/","title":{"rendered":"Intervencionismo Ilustrado"},"content":{"rendered":"<p style=\"text-align: justify;\">Como\u00a0meio de ilustrar as medidas \u201ccontra c\u00edclicas\u201d do governo, ou mesmo o intervencionismo mais b\u00e1sico,\u00a0que tal pensar numa\u00a0corrida: Todos saem na largada e tem as mesmas chances, em dado momento come\u00e7a a chover (crise)\u00a0e o governo interrompe a corrida e coloca uma placa: \u201cpiso molhado\u201d (manuten\u00e7\u00e3o da taxa de juros, controle artificial do c\u00e2mbio, altera\u00e7\u00e3o de impostos) e determina um novo momento para largada a partir dali enquanto permite que os corredores se preparem para o piso molhado comprando t\u00eanis apropriados, capas de chuva, e outros apetrechos.<\/p>\n<p style=\"text-align: justify;\">S\u00f3 tem acesso aos novos acess\u00f3rios os que tem recursos e\u00a0o governo tamb\u00e9m oferece cr\u00e9dito, mas\u00a0de forma exclusiva aos que tem mais recursos que os anteriores. E para n\u00e3o ser injusto com os desfavorecidos, o governo cobra de todos uma taxa simb\u00f3lica para poder entregar acess\u00f3rios padr\u00e3o a todos (SUS, escolas p\u00fablicas, alimenta\u00e7\u00e3o, moradia, seguran\u00e7a, transporte p\u00fablico, infraestrutura, etc.), n\u00e3o s\u00f3 para os desfavorecidos (comprados em grandes lotes daqueles que pegaram o cr\u00e9dito do governo, em processos ison\u00f4micos e de extrema lisura chamados de licita\u00e7\u00e3o).<\/p>\n<p style=\"text-align: justify;\">Ent\u00e3o para agradecer seus fornecedores, o governo oferece aos que pegaram o cr\u00e9dito um tratamento VIP, com massagens, orienta\u00e7\u00e3o f\u00edsica e todo o tipo de regalia. E depois que est\u00e3o todos de volta \u00e0 nova largada os fornecedores ainda recebem uma vantagem extra pois estavam muito atarefados em atender ao nobre prop\u00f3sito do governo de permitir uma equaliza\u00e7\u00e3o dos direitos na corrida.<\/p>\n<p style=\"text-align: justify;\">Entendeu como voc\u00ea \u00e9 passado para tr\u00e1s enquanto acha que est\u00e1 recebendo vantagens?<\/p>\n<p style=\"text-align: justify;\">Para saber mais:<\/p>\n<p style=\"text-align: justify;\">Expoentes do <a href=\"https:\/\/pt.wikipedia.org\/wiki\/Intervencionismo\" target=\"_blank\">intervencionismo<\/a>: <a href=\"https:\/\/pt.wikipedia.org\/wiki\/Michal_Kalecki\" target=\"_blank\">Michal Kalecki<\/a> e\u00a0 <a href=\"https:\/\/pt.wikipedia.org\/wiki\/John_Maynard_Keynes\" target=\"_blank\">John Maynard Keynes<\/a>.<\/p>\n<p style=\"text-align: justify;\">Sobre o<em> <a href=\"https:\/\/pt.wikipedia.org\/wiki\/Laissez-faire\" target=\"_blank\">laissez-faire<\/a><\/em>: <a href=\"https:\/\/pt.wikipedia.org\/wiki\/Adam_Smith\" target=\"_blank\">Adam Smith<\/a> e <a href=\"https:\/\/pt.wikipedia.org\/wiki\/Fran\u00e7ois_Quesnay\" target=\"_blank\">Fran\u00e7ois Quesnay<\/a>.<\/p>\n<p style=\"text-align: justify;\">Principais expoentes da <a href=\"https:\/\/pt.wikipedia.org\/wiki\/Escola_Austr\u00edaca\" target=\"_blank\">Escola Austr\u00edaca<\/a> e da teoria dos <a href=\"https:\/\/pt.wikipedia.org\/wiki\/Ciclo_econ\u00f4mico\" target=\"_blank\">ciclos econ\u00f4micos<\/a>: <a href=\"https:\/\/pt.wikipedia.org\/wiki\/Ludwig_von_Mises\" target=\"_blank\">Ludwig von Mises<\/a>, <a href=\"https:\/\/pt.wikipedia.org\/wiki\/Friedrich_Hayek\" target=\"_blank\">Friedrich August von Hayek<\/a> e\u00a0<a href=\"https:\/\/pt.wikipedia.org\/wiki\/Murray_Rothbard\" target=\"_blank\">Murray Newton Rothbard<\/a>.<\/p>\n<hr \/>\n<p>Autor: <a href=\"https:\/\/www.facebook.com\/tiagoncosta\" target=\"_blank\">Tiago Nunes Da Costa<\/a><br \/>\nGest\u00e3o em Tecnologia, Finan\u00e7as e Investimentos<br \/>\n<em>Problem Solver<\/em> especialista em Economia e Telecom<br \/>\n<a href=\"http:\/\/twitter.com\/tiagocosta\" target=\"_blank\">twitter.com\/tiagocosta<\/a><br \/>\n<a href=\"http:\/\/facebook.com\/tiagoncosta\" target=\"_blank\">facebook.com\/tiagoncosta<\/a><\/p>\n<p>&nbsp;<\/p>\n<p>&nbsp;<\/p>\n","protected":false},"excerpt":{"rendered":"<p>Como\u00a0meio de ilustrar as medidas \u201ccontra c\u00edclicas\u201d do governo, ou mesmo o intervencionismo mais b\u00e1sico,\u00a0que tal pensar numa\u00a0corrida: Todos saem na largada e tem as&#8230;<\/p>\n","protected":false},"author":15,"featured_media":708,"comment_status":"open","ping_status":"open","sticky":false,"template":"","format":"standard","meta":[],"categories":[10],"tags":[18,22,20,17,19,21,23],"_links":{"self":[{"href":"http:\/\/acaopolitica.com\/index.php\/wp-json\/wp\/v2\/posts\/705"}],"collection":[{"href":"http:\/\/acaopolitica.com\/index.php\/wp-json\/wp\/v2\/posts"}],"about":[{"href":"http:\/\/acaopolitica.com\/index.php\/wp-json\/wp\/v2\/types\/post"}],"author":[{"embeddable":true,"href":"http:\/\/acaopolitica.com\/index.php\/wp-json\/wp\/v2\/users\/15"}],"replies":[{"embeddable":true,"href":"http:\/\/acaopolitica.com\/index.php\/wp-json\/wp\/v2\/comments?post=705"}],"version-history":[{"count":10,"href":"http:\/\/acaopolitica.com\/index.php\/wp-json\/wp\/v2\/posts\/705\/revisions"}],"predecessor-version":[{"id":718,"href":"http:\/\/acaopolitica.com\/index.php\/wp-json\/wp\/v2\/posts\/705\/revisions\/718"}],"wp:featuredmedia":[{"embeddable":true,"href":"http:\/\/acaopolitica.com\/index.php\/wp-json\/wp\/v2\/media\/708"}],"wp:attachment":[{"href":"http:\/\/acaopolitica.com\/index.php\/wp-json\/wp\/v2\/media?parent=705"}],"wp:term":[{"taxonomy":"category","embeddable":true,"href":"http:\/\/acaopolitica.com\/index.php\/wp-json\/wp\/v2\/categories?post=705"},{"taxonomy":"post_tag","embeddable":true,"href":"http:\/\/acaopolitica.com\/index.php\/wp-json\/wp\/v2\/tags?post=705"}],"curies":[{"name":"wp","href":"https:\/\/api.w.org\/{rel}","templated":true}]}}