{"id":719,"date":"2016-02-25T19:48:28","date_gmt":"2016-02-25T19:48:28","guid":{"rendered":"http:\/\/acaopolitica.com\/?p=719"},"modified":"2016-02-25T20:21:18","modified_gmt":"2016-02-25T20:21:18","slug":"encontro-com-colaborador-do-instituto-atlantos","status":"publish","type":"post","link":"http:\/\/acaopolitica.com\/index.php\/2016\/02\/25\/encontro-com-colaborador-do-instituto-atlantos\/","title":{"rendered":"Encontro com colaborador do Instituto Atlantos"},"content":{"rendered":"<p>Nesta quarta-feira, 24\/02\/2016, alguns coordenadores do <a href=\"https:\/\/www.facebook.com\/institutoverdadeeliberdade\" target=\"_blank\">IVL <\/a>tiveram a oportunidade de conhecer pessoalmente um colaborador do <a href=\"http:\/\/www.atlantos.com.br\" target=\"_blank\">Instituto Atlantos<\/a>.<\/p>\n<p style=\"text-align: justify;\">Nas palavras deles, \u00a0o &#8221; [&#8230;]<em>Instituto Atlantos foi criado para disseminar os valores da liberdade dentro da academia.&#8221;<\/em><\/p>\n<p style=\"text-align: justify;\">Muitos colaboradores do IVL acompanham com aten\u00e7\u00e3o o trabalho do\u00a0Atlantos, seus artigos e as diversas atividades que eles realizam. Dentre elas in\u00fameras palestras com grande sucesso nas \u00e1reas de divulga\u00e7\u00e3o da liberdade econ\u00f4mica, esclarecimento sobre os males do Estado etc. S\u00e3o um exemplo para nossa atua\u00e7\u00e3o nesse segmento.<\/p>\n<p style=\"text-align: justify;\">Na ocasi\u00e3o, a equipe do IVL teve a oportunidade de conhecer pessoalmente <a href=\"https:\/\/www.facebook.com\/giancarlo.giacomelli.5\" target=\"_blank\">Giancarlo Giacomelli<\/a>, colaborador e colunista do Atlantos. Que compartilhou valiosos conhecimentos e v\u00e1rias experi\u00eancias sobre a hist\u00f3ria e desenvolvimento daquele Instituto.<\/p>\n<p style=\"text-align: justify;\">Artigos de Giancarlo no Atlantos podem ser vistos aqui:\u00a0<a href=\"http:\/\/www.atlantos.com.br\/apps\/search?q=giancarlo\" target=\"_blank\">http:\/\/www.atlantos.com.br\/apps\/search?q=giancarlo<\/a><\/p>\n<p style=\"text-align: justify;\">Giancarlo \u00e9\u00a0Coordenador de Curso no Senac RS e\u00a0Administrador com MBA em Gest\u00e3o da Inova\u00e7\u00e3o. E tamb\u00e9m acompanha de perto as atividades do <a href=\"https:\/\/www.facebook.com\/institutoverdadeeliberdade\" target=\"_blank\">IVL <\/a>h\u00e1 algum tempo.<\/p>\n<p style=\"text-align: justify;\">Tivemos tamb\u00e9m a presen\u00e7a de <a href=\"https:\/\/br.linkedin.com\/in\/ta%C3%ADse-cristina-de-lima-9541b7a1\" target=\"_blank\">Ta\u00edse C. H. de Lima<\/a>, colaboradora do <a href=\"https:\/\/www.facebook.com\/institutoverdadeeliberdade\" target=\"_blank\">IVL<\/a>, enriquecendo a troca de informa\u00e7\u00f5es por conhecer o trabalho de ambos os Institutos e por sua experi\u00eancia e forma\u00e7\u00e3o.<\/p>\n<p style=\"text-align: justify;\">Ta\u00edse \u00e9 formada em Comunica\u00e7\u00e3o Social com habilita\u00e7\u00e3o em Jornalismo pela Uniju\u00ed\/RS. P\u00f3s graduada em Comunica\u00e7\u00e3o, Empreendedorismo e M\u00eddias Digitais pela Sociesc\/SC e especialista em Jornalismo Esportivo pela UFRGS\/RS.<\/p>\n<p style=\"text-align: justify;\">Coordenadores do <a href=\"https:\/\/www.facebook.com\/institutoverdadeeliberdade\" target=\"_blank\">IVL <\/a>presentes eram <a href=\"https:\/\/www.facebook.com\/cyntiahelen?fref=ts\" target=\"_blank\">Cyntia Andrioli Muller<\/a>, <a href=\"https:\/\/www.facebook.com\/alcione.kleine?fref=ts\" target=\"_blank\">Alcione Kleine<\/a>, <a href=\"https:\/\/www.facebook.com\/jose.galdino.756?fref=ts\" target=\"_blank\">Jos\u00e9 Galdino<\/a> e <a href=\"https:\/\/www.facebook.com\/profile.php?id=1774163116\" target=\"_blank\">Vanderlei Dallagnolo<\/a>.<\/p>\n<p style=\"text-align: justify;\">Site do Instituto Atlantos:\u00a0<a href=\"http:\/\/www.atlantos.com.br\" target=\"_blank\">http:\/\/www.atlantos.com.br<\/a><br \/>\nFanpage:\u00a0<a href=\"https:\/\/facebook.com\/institutoatlantos\/\" target=\"_blank\">https:\/\/facebook.com\/institutoatlantos\/<\/a><\/p>\n<p style=\"text-align: justify;\">Alguns registros da ocasi\u00e3o:<\/p>\n<p style=\"text-align: justify;\"><a href=\"http:\/\/acaopolitica.com\/wp-content\/uploads\/2016\/02\/7d12bdf6-43d9-4699-bc5b-d9245cc9593a.jpg\" rel=\"attachment wp-att-720\"><img loading=\"lazy\" class=\"alignnone size-full wp-image-720\" src=\"http:\/\/acaopolitica.com\/wp-content\/uploads\/2016\/02\/7d12bdf6-43d9-4699-bc5b-d9245cc9593a.jpg\" alt=\"7d12bdf6-43d9-4699-bc5b-d9245cc9593a\" width=\"1599\" height=\"899\" srcset=\"http:\/\/acaopolitica.com\/wp-content\/uploads\/2016\/02\/7d12bdf6-43d9-4699-bc5b-d9245cc9593a.jpg 1599w, http:\/\/acaopolitica.com\/wp-content\/uploads\/2016\/02\/7d12bdf6-43d9-4699-bc5b-d9245cc9593a-300x169.jpg 300w, http:\/\/acaopolitica.com\/wp-content\/uploads\/2016\/02\/7d12bdf6-43d9-4699-bc5b-d9245cc9593a-768x432.jpg 768w, http:\/\/acaopolitica.com\/wp-content\/uploads\/2016\/02\/7d12bdf6-43d9-4699-bc5b-d9245cc9593a-1030x579.jpg 1030w\" sizes=\"(max-width: 1599px) 100vw, 1599px\" \/><\/a><\/p>\n<p style=\"text-align: justify;\"><a href=\"http:\/\/acaopolitica.com\/wp-content\/uploads\/2016\/02\/812a6b8b-7ab6-48b2-ba27-1f3279ec5376.jpg\" rel=\"attachment wp-att-723\"><img loading=\"lazy\" class=\"alignnone size-full wp-image-723\" src=\"http:\/\/acaopolitica.com\/wp-content\/uploads\/2016\/02\/812a6b8b-7ab6-48b2-ba27-1f3279ec5376.jpg\" alt=\"812a6b8b-7ab6-48b2-ba27-1f3279ec5376\" width=\"1600\" height=\"900\" srcset=\"http:\/\/acaopolitica.com\/wp-content\/uploads\/2016\/02\/812a6b8b-7ab6-48b2-ba27-1f3279ec5376.jpg 1600w, http:\/\/acaopolitica.com\/wp-content\/uploads\/2016\/02\/812a6b8b-7ab6-48b2-ba27-1f3279ec5376-300x169.jpg 300w, http:\/\/acaopolitica.com\/wp-content\/uploads\/2016\/02\/812a6b8b-7ab6-48b2-ba27-1f3279ec5376-768x432.jpg 768w, http:\/\/acaopolitica.com\/wp-content\/uploads\/2016\/02\/812a6b8b-7ab6-48b2-ba27-1f3279ec5376-1030x579.jpg 1030w\" sizes=\"(max-width: 1600px) 100vw, 1600px\" \/><\/a> <a href=\"http:\/\/acaopolitica.com\/wp-content\/uploads\/2016\/02\/fa6183c3-0e3e-4ceb-ae99-400a38ff5cfb.jpg\" rel=\"attachment wp-att-724\"><img loading=\"lazy\" class=\"alignnone size-full wp-image-724\" src=\"http:\/\/acaopolitica.com\/wp-content\/uploads\/2016\/02\/fa6183c3-0e3e-4ceb-ae99-400a38ff5cfb.jpg\" alt=\"fa6183c3-0e3e-4ceb-ae99-400a38ff5cfb\" width=\"1600\" height=\"900\" srcset=\"http:\/\/acaopolitica.com\/wp-content\/uploads\/2016\/02\/fa6183c3-0e3e-4ceb-ae99-400a38ff5cfb.jpg 1600w, http:\/\/acaopolitica.com\/wp-content\/uploads\/2016\/02\/fa6183c3-0e3e-4ceb-ae99-400a38ff5cfb-300x169.jpg 300w, http:\/\/acaopolitica.com\/wp-content\/uploads\/2016\/02\/fa6183c3-0e3e-4ceb-ae99-400a38ff5cfb-768x432.jpg 768w, http:\/\/acaopolitica.com\/wp-content\/uploads\/2016\/02\/fa6183c3-0e3e-4ceb-ae99-400a38ff5cfb-1030x579.jpg 1030w\" sizes=\"(max-width: 1600px) 100vw, 1600px\" \/><\/a><\/p>\n","protected":false},"excerpt":{"rendered":"<p>Nesta quarta-feira, 24\/02\/2016, alguns coordenadores do IVL tiveram a oportunidade de conhecer pessoalmente um colaborador do Instituto Atlantos. Nas palavras deles, \u00a0o &#8221; [&#8230;]Instituto Atlantos&#8230;<\/p>\n","protected":false},"author":1,"featured_media":720,"comment_status":"open","ping_status":"open","sticky":false,"template":"","format":"standard","meta":[],"categories":[11],"tags":[],"_links":{"self":[{"href":"http:\/\/acaopolitica.com\/index.php\/wp-json\/wp\/v2\/posts\/719"}],"collection":[{"href":"http:\/\/acaopolitica.com\/index.php\/wp-json\/wp\/v2\/posts"}],"about":[{"href":"http:\/\/acaopolitica.com\/index.php\/wp-json\/wp\/v2\/types\/post"}],"author":[{"embeddable":true,"href":"http:\/\/acaopolitica.com\/index.php\/wp-json\/wp\/v2\/users\/1"}],"replies":[{"embeddable":true,"href":"http:\/\/acaopolitica.com\/index.php\/wp-json\/wp\/v2\/comments?post=719"}],"version-history":[{"count":5,"href":"http:\/\/acaopolitica.com\/index.php\/wp-json\/wp\/v2\/posts\/719\/revisions"}],"predecessor-version":[{"id":727,"href":"http:\/\/acaopolitica.com\/index.php\/wp-json\/wp\/v2\/posts\/719\/revisions\/727"}],"wp:featuredmedia":[{"embeddable":true,"href":"http:\/\/acaopolitica.com\/index.php\/wp-json\/wp\/v2\/media\/720"}],"wp:attachment":[{"href":"http:\/\/acaopolitica.com\/index.php\/wp-json\/wp\/v2\/media?parent=719"}],"wp:term":[{"taxonomy":"category","embeddable":true,"href":"http:\/\/acaopolitica.com\/index.php\/wp-json\/wp\/v2\/categories?post=719"},{"taxonomy":"post_tag","embeddable":true,"href":"http:\/\/acaopolitica.com\/index.php\/wp-json\/wp\/v2\/tags?post=719"}],"curies":[{"name":"wp","href":"https:\/\/api.w.org\/{rel}","templated":true}]}}