{"id":729,"date":"2016-02-29T17:20:27","date_gmt":"2016-02-29T17:20:27","guid":{"rendered":"http:\/\/acaopolitica.com\/?p=729"},"modified":"2016-02-29T17:30:59","modified_gmt":"2016-02-29T17:30:59","slug":"ivl-se-reune-com-oab-blumenau-25022016","status":"publish","type":"post","link":"http:\/\/acaopolitica.com\/index.php\/2016\/02\/29\/ivl-se-reune-com-oab-blumenau-25022016\/","title":{"rendered":"IVL se reune com OAB Blumenau &#8211; 25\/02\/2016"},"content":{"rendered":"<p style=\"text-align: justify;\">Na quinta-feira passada dia 25 de fevereiro, o <a href=\"https:\/\/www.facebook.com\/institutoverdadeeliberdade\/\" target=\"_blank\">Instituto Verdade e Liberdade<\/a> foi at\u00e9 a sede da <a href=\"http:\/\/www.oab-bnu.org.br\" target=\"_blank\">OAB-Blumenau<\/a> e fez uma apresenta\u00e7\u00e3o do seu plantel de a\u00e7\u00f5es e planejamentos para o ano de 2016. Tamb\u00e9m foi conversado pontualmente a respeito das manifesta\u00e7\u00f5es do ano de 2015 e dado algumas informa\u00e7\u00f5es a respeito da manifesta\u00e7\u00e3o que ocorrera dia 13 de mar\u00e7o de 2016.<\/p>\n<p style=\"text-align: justify;\">O <a href=\"https:\/\/www.facebook.com\/institutoverdadeeliberdade\/\" target=\"_blank\">Instituto Verdade e Liberdade<\/a> entende da pluralidade de pensamento que existe na organiza\u00e7\u00e3o da OAB, por\u00e9m, principalmente no que diz respeito a trazer as pessoas desinteressadas por pol\u00edtica a um novo paradigma de conhecimento e de enfrentamento com o <em>establishment<\/em> pol\u00edtico atual o Instituto entende que \u00e9 completamente necess\u00e1rio informar e preparar as pessoas para este cen\u00e1rio, nos baseando nos princ\u00edpios do Instituto e em ideais de liberdade, <strong>sempre visando o aumento do poder do indiv\u00edduo e n\u00e3o do estado<\/strong>. E nesse prisma, com inten\u00e7\u00e3o de trazer novas pessoas a esse paradigma atual, o Instituto visa esse ano trazer nomes de refer\u00eancia para externarem suas ideias e esclarecer pontos obscurecidos, atrav\u00e9s de uma s\u00e9rie de palestras fomentadas n\u00e3o somente no \u00e2mbito empresarial, mas tamb\u00e9m universit\u00e1rio. E nesse aspecto de fomentar os indiv\u00edduos as ideias da OAB de Blumenau, bem como o Instituto Verdade e Liberdade podem andar juntas para fomentar ainda mais iniciativas como essa.<\/p>\n<p style=\"text-align: justify;\">O Instituto foi representado pelos membros <a href=\"https:\/\/www.facebook.com\/alfredo.seubert?fref=ts\" target=\"_blank\">Alfredo Seubert<\/a>, <a href=\"https:\/\/www.facebook.com\/rodrigo.ribak?fref=ts\" target=\"_blank\">Rodrigo Ribak<\/a> e <a href=\"https:\/\/www.facebook.com\/jose.galdino.756?fref=ts\" target=\"_blank\">Jos\u00e9 Galdino<\/a>, e todos assumem essa reuni\u00e3o como um sucesso Desde j\u00e1, agradecemos a <a href=\"http:\/\/www.oab-bnu.org.br\" target=\"_blank\">OAB-Blumenau<\/a> pela oportunidade e deixamos sempre abertos todos os canais de comunica\u00e7\u00e3o para esclarecimento n\u00e3o s\u00f3 das entidades de classe, mas tamb\u00e9m de toda a popula\u00e7\u00e3o.<\/p>\n<p style=\"text-align: right;\"><strong><em>\u201cO maior bem que podemos fazer a um homem \u00e9 lev\u00e1-lo \u00e0 Verdade.\u201d &#8211; <a href=\"https:\/\/pt.wikipedia.org\/wiki\/Tom\u00e1s_de_Aquino\" target=\"_blank\">Santo Tom\u00e1s de Aquino<\/a><\/em><\/strong><\/p>\n<p style=\"text-align: right;\"><a href=\"http:\/\/acaopolitica.com\/wp-content\/uploads\/2016\/02\/IMG-20160228-WA0001.jpg\" rel=\"attachment wp-att-730\"><img loading=\"lazy\" class=\"alignnone size-full wp-image-730\" src=\"http:\/\/acaopolitica.com\/wp-content\/uploads\/2016\/02\/IMG-20160228-WA0001.jpg\" alt=\"IMG-20160228-WA0001\" width=\"1024\" height=\"699\" srcset=\"http:\/\/acaopolitica.com\/wp-content\/uploads\/2016\/02\/IMG-20160228-WA0001.jpg 1024w, http:\/\/acaopolitica.com\/wp-content\/uploads\/2016\/02\/IMG-20160228-WA0001-300x205.jpg 300w, http:\/\/acaopolitica.com\/wp-content\/uploads\/2016\/02\/IMG-20160228-WA0001-768x524.jpg 768w\" sizes=\"(max-width: 1024px) 100vw, 1024px\" \/><\/a><\/p>\n","protected":false},"excerpt":{"rendered":"<p>Na quinta-feira passada dia 25 de fevereiro, o Instituto Verdade e Liberdade foi at\u00e9 a sede da OAB-Blumenau e fez uma apresenta\u00e7\u00e3o do seu plantel&#8230;<\/p>\n","protected":false},"author":4,"featured_media":730,"comment_status":"open","ping_status":"open","sticky":false,"template":"","format":"standard","meta":[],"categories":[11],"tags":[],"_links":{"self":[{"href":"http:\/\/acaopolitica.com\/index.php\/wp-json\/wp\/v2\/posts\/729"}],"collection":[{"href":"http:\/\/acaopolitica.com\/index.php\/wp-json\/wp\/v2\/posts"}],"about":[{"href":"http:\/\/acaopolitica.com\/index.php\/wp-json\/wp\/v2\/types\/post"}],"author":[{"embeddable":true,"href":"http:\/\/acaopolitica.com\/index.php\/wp-json\/wp\/v2\/users\/4"}],"replies":[{"embeddable":true,"href":"http:\/\/acaopolitica.com\/index.php\/wp-json\/wp\/v2\/comments?post=729"}],"version-history":[{"count":1,"href":"http:\/\/acaopolitica.com\/index.php\/wp-json\/wp\/v2\/posts\/729\/revisions"}],"predecessor-version":[{"id":731,"href":"http:\/\/acaopolitica.com\/index.php\/wp-json\/wp\/v2\/posts\/729\/revisions\/731"}],"wp:featuredmedia":[{"embeddable":true,"href":"http:\/\/acaopolitica.com\/index.php\/wp-json\/wp\/v2\/media\/730"}],"wp:attachment":[{"href":"http:\/\/acaopolitica.com\/index.php\/wp-json\/wp\/v2\/media?parent=729"}],"wp:term":[{"taxonomy":"category","embeddable":true,"href":"http:\/\/acaopolitica.com\/index.php\/wp-json\/wp\/v2\/categories?post=729"},{"taxonomy":"post_tag","embeddable":true,"href":"http:\/\/acaopolitica.com\/index.php\/wp-json\/wp\/v2\/tags?post=729"}],"curies":[{"name":"wp","href":"https:\/\/api.w.org\/{rel}","templated":true}]}}