{"id":736,"date":"2016-03-02T06:48:11","date_gmt":"2016-03-02T06:48:11","guid":{"rendered":"http:\/\/acaopolitica.com\/?p=736"},"modified":"2016-03-02T06:56:11","modified_gmt":"2016-03-02T06:56:11","slug":"reuniao-sobre-iniciativa-brasileiros-de-bem","status":"publish","type":"post","link":"http:\/\/acaopolitica.com\/index.php\/2016\/03\/02\/reuniao-sobre-iniciativa-brasileiros-de-bem\/","title":{"rendered":"Reuni\u00e3o sobre iniciativa Brasileiros de Bem"},"content":{"rendered":"<p style=\"text-align: justify;\">Nesta ter\u00e7a-feira, 01 de mar\u00e7o de 2016, a equipe do <a href=\"https:\/\/www.facebook.com\/institutoverdadeeliberdade\/\" target=\"_blank\">IVL <\/a>participou de uma reuni\u00e3o na ag\u00eancia\u00a0<a href=\"http:\/\/www.brava.ag\/\" target=\"_blank\">Brava Comunica\u00e7\u00e3o<\/a>, acerca da iniciativa Brasileiros de Bem.<\/p>\n<p style=\"text-align: justify;\">O Brasileiros de Bem \u00e9 uma iniciativa de lideran\u00e7as de Blumenau\/SC. E tem a inten\u00e7\u00e3o de divulgar, conscientizar e engajar a sociedade civil organizada em torno de temas e a\u00e7\u00f5es de import\u00e2ncia vital para a na\u00e7\u00e3o.<\/p>\n<p style=\"text-align: justify;\">A iniciativa tem\u00a0<a href=\"https:\/\/pt.wikipedia.org\/wiki\/Mahatma_Gandhi\" target=\"_blank\">Mahatma Ghandi<\/a> como exemplo motivador e inspirador.\u00a0Acreditam em manter o poder pol\u00edtico e riquezas na comunidade onde as pessoas vivem efetivamente. E em princ\u00edpios \u00e9ticos e morais claros e objetivos para a <strong>PR\u00c1TICA<\/strong> da administra\u00e7\u00e3o p\u00fablica.<\/p>\n<p style=\"text-align: justify;\">Aderentes com tais princ\u00edpios defendem a completa reforma do atual pacto federativo brasileiro e constantes a\u00e7\u00f5es de melhoria efetiva da pol\u00edtica local tamb\u00e9m! Como\u00a0pauta local atual defendem a mudan\u00e7a do hor\u00e1rio das sess\u00f5es da C\u00e2mara de Vereadores de Blumenau para o per\u00edodo noturno, facilitando assim a participa\u00e7\u00e3o do cidad\u00e3o comum.<\/p>\n<p style=\"text-align: justify;\">O\u00a0<a href=\"https:\/\/www.facebook.com\/claudio.bucco.90?ref=br_rs\" target=\"_blank\">Sr. Claudio Bucco<\/a> (um dos coordenadores e fundadores) do Brasileiros de Bem, compartilhou\u00a0esclarecimentos sobre o fundamento filos\u00f3fico, vis\u00e3o de longo prazo, status atual e a\u00e7\u00f5es em curso da organiza\u00e7\u00e3o.<\/p>\n<p style=\"text-align: justify;\">O objetivo da reuni\u00e3o era discutir a\u00e7\u00f5es de atualiza\u00e7\u00e3o da marca. E alguns dos projetos da entidade. Podemos citar como a\u00e7\u00e3o concreta em curso o projeto <a href=\"https:\/\/www.facebook.com\/Banco-do-Gog%C3%B3-Livre-694496480673507\/\" target=\"_blank\">Banco do Gog\u00f3 Livre<\/a>, que visa trazer de volta &#8221; \u00e0 pra\u00e7a p\u00fablica &#8221; os debates p\u00fablicos mais relevantes da sociedade.<\/p>\n<p style=\"text-align: justify;\">A equipe do IVL p\u00f4de contribuir neste encontro com seu amplo <em>know-how<\/em> de mobiliza\u00e7\u00e3o pac\u00edfica e expertise espec\u00edfico dos coordenadores presentes.<\/p>\n<p style=\"text-align: justify;\">Foi uma experi\u00eancia muito enriquecedora tamb\u00e9m pela oportunidade de troca de experi\u00eancias\u00a0com a equipe da Brava Comunica\u00e7\u00e3o.<\/p>\n<p style=\"text-align: justify;\">Agradecemos o convite do <a href=\"https:\/\/www.facebook.com\/claudio.bucco.90?ref=br_rs\" target=\"_blank\">Sr. Claudio Bucco<\/a> e gentileza do <a href=\"http:\/\/www.brava.ag\/\" target=\"_blank\">Sr. Jo\u00e3o Misturi da Brava Comunica\u00e7\u00e3o<\/a>. Refor\u00e7ando nossa disposi\u00e7\u00e3o para auxiliar todas as iniciativas que promovam ideias consonantes aos nossos!<\/p>\n<p style=\"text-align: justify;\">Coordenadores do IVL presentes eram <a href=\"https:\/\/www.facebook.com\/cyntiahelen?fref=ts\" target=\"_blank\">Cyntia Andrioli Muller<\/a>, <a href=\"https:\/\/www.facebook.com\/alcione.kleine?fref=ts\" target=\"_blank\">Alcione Kleine<\/a> e <a href=\"https:\/\/www.facebook.com\/profile.php?id=1774163116\" target=\"_blank\">Vanderlei Dallagnolo<\/a>.<\/p>\n<p style=\"text-align: justify;\"><a href=\"http:\/\/acaopolitica.com\/wp-content\/uploads\/2016\/03\/Adesivo_29_07_2015_B1.jpg\" rel=\"attachment wp-att-737\"><img loading=\"lazy\" class=\"alignnone size-full wp-image-737\" src=\"http:\/\/acaopolitica.com\/wp-content\/uploads\/2016\/03\/Adesivo_29_07_2015_B1.jpg\" alt=\"Adesivo_29_07_2015_B[1]\" width=\"1388\" height=\"740\" srcset=\"http:\/\/acaopolitica.com\/wp-content\/uploads\/2016\/03\/Adesivo_29_07_2015_B1.jpg 1388w, http:\/\/acaopolitica.com\/wp-content\/uploads\/2016\/03\/Adesivo_29_07_2015_B1-300x160.jpg 300w, http:\/\/acaopolitica.com\/wp-content\/uploads\/2016\/03\/Adesivo_29_07_2015_B1-768x409.jpg 768w, http:\/\/acaopolitica.com\/wp-content\/uploads\/2016\/03\/Adesivo_29_07_2015_B1-1030x549.jpg 1030w\" sizes=\"(max-width: 1388px) 100vw, 1388px\" \/><\/a><\/p>\n","protected":false},"excerpt":{"rendered":"<p>Nesta ter\u00e7a-feira, 01 de mar\u00e7o de 2016, a equipe do IVL participou de uma reuni\u00e3o na ag\u00eancia\u00a0Brava Comunica\u00e7\u00e3o, acerca da iniciativa Brasileiros de Bem. O&#8230;<\/p>\n","protected":false},"author":1,"featured_media":739,"comment_status":"open","ping_status":"open","sticky":false,"template":"","format":"standard","meta":[],"categories":[11],"tags":[],"_links":{"self":[{"href":"http:\/\/acaopolitica.com\/index.php\/wp-json\/wp\/v2\/posts\/736"}],"collection":[{"href":"http:\/\/acaopolitica.com\/index.php\/wp-json\/wp\/v2\/posts"}],"about":[{"href":"http:\/\/acaopolitica.com\/index.php\/wp-json\/wp\/v2\/types\/post"}],"author":[{"embeddable":true,"href":"http:\/\/acaopolitica.com\/index.php\/wp-json\/wp\/v2\/users\/1"}],"replies":[{"embeddable":true,"href":"http:\/\/acaopolitica.com\/index.php\/wp-json\/wp\/v2\/comments?post=736"}],"version-history":[{"count":3,"href":"http:\/\/acaopolitica.com\/index.php\/wp-json\/wp\/v2\/posts\/736\/revisions"}],"predecessor-version":[{"id":741,"href":"http:\/\/acaopolitica.com\/index.php\/wp-json\/wp\/v2\/posts\/736\/revisions\/741"}],"wp:featuredmedia":[{"embeddable":true,"href":"http:\/\/acaopolitica.com\/index.php\/wp-json\/wp\/v2\/media\/739"}],"wp:attachment":[{"href":"http:\/\/acaopolitica.com\/index.php\/wp-json\/wp\/v2\/media?parent=736"}],"wp:term":[{"taxonomy":"category","embeddable":true,"href":"http:\/\/acaopolitica.com\/index.php\/wp-json\/wp\/v2\/categories?post=736"},{"taxonomy":"post_tag","embeddable":true,"href":"http:\/\/acaopolitica.com\/index.php\/wp-json\/wp\/v2\/tags?post=736"}],"curies":[{"name":"wp","href":"https:\/\/api.w.org\/{rel}","templated":true}]}}