{"id":749,"date":"2016-03-04T12:46:10","date_gmt":"2016-03-04T12:46:10","guid":{"rendered":"http:\/\/acaopolitica.com\/?p=749"},"modified":"2016-03-04T12:48:33","modified_gmt":"2016-03-04T12:48:33","slug":"reuniao-na-associacao-renal-vida","status":"publish","type":"post","link":"http:\/\/acaopolitica.com\/index.php\/2016\/03\/04\/reuniao-na-associacao-renal-vida\/","title":{"rendered":"Reuni\u00e3o na Associa\u00e7\u00e3o Renal Vida"},"content":{"rendered":"<p style=\"text-align: justify;\">Nesta ter\u00e7a-feira, 01 de mar\u00e7o de 2016, a equipe do <a href=\"https:\/\/www.facebook.com\/institutoverdadeeliberdade\/\" target=\"_blank\">IVL <\/a>participou de uma reuni\u00e3o na <a href=\"http:\/\/renalvida.org.br\" target=\"_blank\">Associa\u00e7\u00e3o Renal Vida<\/a>.<\/p>\n<p style=\"text-align: justify;\">Nesta oportunidade a equipe conheceu mais sobre a <a href=\"http:\/\/renalvida.org.br\" target=\"_blank\">Renal Vida<\/a>.\u00a0Tamb\u00e9m tiveram a oportunidade de conversar sobre as limita\u00e7\u00f5es e problemas do atual modelo de sa\u00fade p\u00fablica, situa\u00e7\u00e3o do atendimento ao deficiente renal atrav\u00e9s do SUS, contexto pol\u00edtico e perspectivas para a <a href=\"https:\/\/www.facebook.com\/events\/100532430336678\/\" target=\"_blank\">manifesta\u00e7\u00e3o de 13-03-2016<\/a> e como a atua\u00e7\u00e3o do <a href=\"https:\/\/www.facebook.com\/institutoverdadeeliberdade\/\" target=\"_blank\">IVL<\/a> se reflete na quest\u00e3o da sa\u00fade p\u00fablica.<\/p>\n<p style=\"text-align: justify;\">A equipe foi recebida pelo Sr. Tarcisio Steffen, o qual teceu os esclarecimentos sobre a Renal Vida.\u00a0A Renal Vida desenvolve seu trabalho com o objetivo de minimizar as defici\u00eancias institucionais permanentes no atendimento ao deficiente renal e seus familiares, consolida ainda mais esta posi\u00e7\u00e3o pioneira ao agregar equipe multidisciplinar e a\u00e7\u00f5es sociais em benef\u00edcios destes pacientes e seus familiares.\u00a0Em Blumenau a unidade da Renal Vida atende atrav\u00e9s da Terapia Renal Substitutiva os procedimentos de Hemodi\u00e1lise (HD), Di\u00e1lise Peritoneal Intermitente (DPI), Di\u00e1lise Peritoneal Ambulatorial Cont\u00ednua (DPAC), Di\u00e1lise Peritoneal Autom\u00e1tica (DPA), Acompanhamentos pr\u00e9 e p\u00f3s Transplante (receptor e doador) e Ambulat\u00f3rio para os pacientes que possuem insufici\u00eancia renal.<\/p>\n<p style=\"text-align: justify;\">Atualmente realizam\u00a0mais de 300 consultas ambulatoriais, realizamos acompanhamento p\u00f3s-transplante de 385 pacientes, temos 135 pacientes em HD, 10 pacientes em DPAC, mais 4 em DPA e 6 em DPI. O financiamento destes tratamentos em mais de 80% \u00e9 realizado pelo Sistema \u00danico de Sa\u00fade (SUS). Estes dados s\u00e3o referentes ao m\u00eas de agosto de 2010.<\/p>\n<p style=\"text-align: justify;\">Todos concordaram que a sa\u00fade p\u00fablica est\u00e1 um caos, baseado num sistema insano e nefasto. Para os deficientes renais a situa\u00e7\u00e3o \u00e9 catastr\u00f3fica, <strong>demandando verdadeiras batalhas da equipe Renal Vida para salvar vidas na popula\u00e7\u00e3o que atendem<\/strong>. Chegando a envolver o aparato policial e jur\u00eddico muitas vezes!<\/p>\n<p style=\"text-align: justify;\">Para a <a href=\"https:\/\/www.facebook.com\/events\/100532430336678\/\" target=\"_blank\">manifesta\u00e7\u00e3o de 13-03-2016<\/a> a equipe do IVL concorda em destacar a tem\u00e1tica da quest\u00e3o da sa\u00fade p\u00fablica. E, coloca-se \u00e0 disposi\u00e7\u00e3o para seguir junto com a Renal Vida nessa batalha por um modelo mais digno \u00e0 toda a popula\u00e7\u00e3o.<\/p>\n<p style=\"text-align: justify;\">O IVL\u00a0apoia integralmente a batalha da Renal Vida pelo atendimento digno aos seus pacientes. E se solidariza com todos os que sofrem nas filas de hospitais e as fam\u00edlias que perderem entes queridos nesses sistema torpe vigente atualmente no pa\u00eds. E registra aqui mais uma vez sua luta por mais livre iniciativa na \u00e1rea da sa\u00fade, garantindo a m\u00e1xima efici\u00eancia no acesso aos bens de sa\u00fade, sem os males da inger\u00eancia pol\u00edtica em \u00e1rea t\u00e3o sens\u00edvel.<\/p>\n<p style=\"text-align: justify;\">Coordenadores do IVL presentes eram <a href=\"https:\/\/www.facebook.com\/cyntiahelen?fref=ts\" target=\"_blank\">Cyntia Andrioli Muller<\/a>, <a href=\"https:\/\/www.facebook.com\/alcione.kleine?fref=ts\" target=\"_blank\">Alcione Kleine<\/a> e <a href=\"https:\/\/www.facebook.com\/profile.php?id=1774163116\" target=\"_blank\">Vanderlei Dallagnolo<\/a>.<\/p>\n<p style=\"text-align: justify;\">\u00a0<img loading=\"lazy\" class=\"aligncenter\" src=\"http:\/\/static.renalvida.org.br\/lib\/images\/renal-vida.png\" alt=\"\" width=\"523\" height=\"251\" \/><\/p>\n","protected":false},"excerpt":{"rendered":"<p>Nesta ter\u00e7a-feira, 01 de mar\u00e7o de 2016, a equipe do IVL participou de uma reuni\u00e3o na Associa\u00e7\u00e3o Renal Vida. Nesta oportunidade a equipe conheceu mais&#8230;<\/p>\n","protected":false},"author":1,"featured_media":750,"comment_status":"open","ping_status":"open","sticky":false,"template":"","format":"standard","meta":[],"categories":[11],"tags":[],"_links":{"self":[{"href":"http:\/\/acaopolitica.com\/index.php\/wp-json\/wp\/v2\/posts\/749"}],"collection":[{"href":"http:\/\/acaopolitica.com\/index.php\/wp-json\/wp\/v2\/posts"}],"about":[{"href":"http:\/\/acaopolitica.com\/index.php\/wp-json\/wp\/v2\/types\/post"}],"author":[{"embeddable":true,"href":"http:\/\/acaopolitica.com\/index.php\/wp-json\/wp\/v2\/users\/1"}],"replies":[{"embeddable":true,"href":"http:\/\/acaopolitica.com\/index.php\/wp-json\/wp\/v2\/comments?post=749"}],"version-history":[{"count":3,"href":"http:\/\/acaopolitica.com\/index.php\/wp-json\/wp\/v2\/posts\/749\/revisions"}],"predecessor-version":[{"id":754,"href":"http:\/\/acaopolitica.com\/index.php\/wp-json\/wp\/v2\/posts\/749\/revisions\/754"}],"wp:featuredmedia":[{"embeddable":true,"href":"http:\/\/acaopolitica.com\/index.php\/wp-json\/wp\/v2\/media\/750"}],"wp:attachment":[{"href":"http:\/\/acaopolitica.com\/index.php\/wp-json\/wp\/v2\/media?parent=749"}],"wp:term":[{"taxonomy":"category","embeddable":true,"href":"http:\/\/acaopolitica.com\/index.php\/wp-json\/wp\/v2\/categories?post=749"},{"taxonomy":"post_tag","embeddable":true,"href":"http:\/\/acaopolitica.com\/index.php\/wp-json\/wp\/v2\/tags?post=749"}],"curies":[{"name":"wp","href":"https:\/\/api.w.org\/{rel}","templated":true}]}}