{"id":75,"date":"2015-09-18T14:14:49","date_gmt":"2015-09-18T14:14:49","guid":{"rendered":"http:\/\/acaopolitica.com\/?p=75"},"modified":"2015-09-18T17:43:53","modified_gmt":"2015-09-18T17:43:53","slug":"empresarios-x-funcionarios","status":"publish","type":"post","link":"http:\/\/acaopolitica.com\/index.php\/2015\/09\/18\/empresarios-x-funcionarios\/","title":{"rendered":"Empres\u00e1rios x Funcion\u00e1rios"},"content":{"rendered":"<p>Pois bem, para que servem as frentes sindicais? Para assegurar os direitos de seus associados?<\/p>\n<p style=\"text-align: justify;\"><span style=\"color: #333333;\">Mas n\u00e3o \u00e9 bem isso que nos parece. Frentes sindicais tentam somente imobilizar o empres\u00e1rio, sempre sugando do empres\u00e1rio e colocando ele como o lado do mal, pessoa do mal que n\u00e3o presta, que n\u00e3o devemos confiar. Porque quem est\u00e1 junto com patr\u00e3o \u00e9 puxa saco e isso e\u00a0aquilo&#8230;<\/span><\/p>\n<p style=\"text-align: justify;\"><span style=\"color: #333333;\">Que h\u00e1bito\u00a0rid\u00edculo instaurado em nossa popula\u00e7\u00e3o! Isto vem ocorrendo desde a d\u00e9cada de 70 quando frentes sindicais come\u00e7aram a se impor com greves e paralisa\u00e7\u00f5es.<\/span><\/p>\n<p style=\"text-align: justify;\"><span style=\"color: #333333;\">Desde ent\u00e3o, sindicatos de empresas e at\u00e9 mesmo a CUT s\u00f3 vem trazendo disc\u00f3rdia entre trabalhador e empres\u00e1rio e nada mais. <\/span><\/p>\n<p style=\"text-align: justify;\"><span style=\"color: #333333;\">Devemos estar junto daquele\u00a0que paga parcela maior para te dar um emprego.<\/span><\/p>\n<p style=\"text-align: justify;\"><span style=\"color: #333333;\">Devemos nos unir ainda mais agora que passamos por esta crise. Devemos pensar que se a empresa crescer, voc\u00ea ir\u00e1 crescer junto. \u00a0A empresa ter\u00e1 menos giro de funcion\u00e1rios. E com menos rotatividade, haver\u00e1 mais entrosamento e a equipe estar\u00e1 em perfeita\u00a0 sintonia .<\/span><\/p>\n<p style=\"text-align: justify;\"><span style=\"color: #333333;\">N\u00e3o \u00e9 imposs\u00edvel, basta somente mudarmos esse conceito que temos dos empres\u00e1rios.<\/span><\/p>\n<p style=\"text-align: justify;\"><span style=\"color: #333333;\">N\u00e3o devemos deixar que centrais sindicais formem a nossa opini\u00e3o. N\u00e3o podemos mais nos deixar enganar por aqueles que n\u00e3o querem o bem para na\u00e7\u00e3o. O empres\u00e1rio faz quase o imposs\u00edvel para ter seu neg\u00f3cio aqui no Brasil, e voc\u00ea fica a\u00ed\u00a0sempre de corpo mole querendo achar alguma falha para ganhar alguma a\u00e7\u00e3o trabalhista. Assim vai fazendo em torno de todas as empresas que passar. Isso \u00e9 o correto para na\u00e7\u00e3o?<\/span><\/p>\n<p style=\"text-align: justify;\"><span style=\"color: #333333;\">Estamos em crise moral,<\/span><span style=\"color: #333333;\"> crise \u00e9tica, crise econ\u00f4mica e crise emocional at\u00e9. N\u00e3o devemos nos abalar e nos deixar levar por meias verdades e palavras bonitas. Somente com muito trabalho junto com nossos empres\u00e1rios que nosso pa\u00eds\u00a0ir\u00e1 se desenvolver (finalmente ) e nosso trabalho com certeza ser\u00e1 recompensado.<\/span><\/p>\n<p style=\"text-align: justify;\"><span style=\"color: #333333;\">Mude seu conceito, mude suas atitudes e as tuas circunst\u00e2ncias come\u00e7ar\u00e3o a melhorar.<\/span><\/p>\n<p style=\"text-align: justify;\">Escrito por Rafael Prochnow:\u00a0<a href=\"https:\/\/www.facebook.com\/rafael.prochnow.96?fref=ts\" target=\"_blank\">https:\/\/www.facebook.com\/rafael.prochnow.96?fref=ts<\/a><\/p>\n","protected":false},"excerpt":{"rendered":"<p>Pois bem, para que servem as frentes sindicais? Para assegurar os direitos de seus associados? Mas n\u00e3o \u00e9 bem isso que nos parece. Frentes sindicais&#8230;<\/p>\n","protected":false},"author":5,"featured_media":78,"comment_status":"open","ping_status":"open","sticky":false,"template":"","format":"standard","meta":[],"categories":[10,2],"tags":[],"_links":{"self":[{"href":"http:\/\/acaopolitica.com\/index.php\/wp-json\/wp\/v2\/posts\/75"}],"collection":[{"href":"http:\/\/acaopolitica.com\/index.php\/wp-json\/wp\/v2\/posts"}],"about":[{"href":"http:\/\/acaopolitica.com\/index.php\/wp-json\/wp\/v2\/types\/post"}],"author":[{"embeddable":true,"href":"http:\/\/acaopolitica.com\/index.php\/wp-json\/wp\/v2\/users\/5"}],"replies":[{"embeddable":true,"href":"http:\/\/acaopolitica.com\/index.php\/wp-json\/wp\/v2\/comments?post=75"}],"version-history":[{"count":9,"href":"http:\/\/acaopolitica.com\/index.php\/wp-json\/wp\/v2\/posts\/75\/revisions"}],"predecessor-version":[{"id":86,"href":"http:\/\/acaopolitica.com\/index.php\/wp-json\/wp\/v2\/posts\/75\/revisions\/86"}],"wp:featuredmedia":[{"embeddable":true,"href":"http:\/\/acaopolitica.com\/index.php\/wp-json\/wp\/v2\/media\/78"}],"wp:attachment":[{"href":"http:\/\/acaopolitica.com\/index.php\/wp-json\/wp\/v2\/media?parent=75"}],"wp:term":[{"taxonomy":"category","embeddable":true,"href":"http:\/\/acaopolitica.com\/index.php\/wp-json\/wp\/v2\/categories?post=75"},{"taxonomy":"post_tag","embeddable":true,"href":"http:\/\/acaopolitica.com\/index.php\/wp-json\/wp\/v2\/tags?post=75"}],"curies":[{"name":"wp","href":"https:\/\/api.w.org\/{rel}","templated":true}]}}