{"id":755,"date":"2016-03-04T13:46:18","date_gmt":"2016-03-04T13:46:18","guid":{"rendered":"http:\/\/acaopolitica.com\/?p=755"},"modified":"2016-03-04T14:12:05","modified_gmt":"2016-03-04T14:12:05","slug":"panfletagem-para-manifestacao-em-13-03-2016","status":"publish","type":"post","link":"http:\/\/acaopolitica.com\/index.php\/2016\/03\/04\/panfletagem-para-manifestacao-em-13-03-2016\/","title":{"rendered":"Panfletagem para manifesta\u00e7\u00e3o em 13-03-2016"},"content":{"rendered":"<p>Nesta quinta-feira, 03-03-2016, a equipe do <a href=\"https:\/\/www.facebook.com\/institutoverdadeeliberdade\/\" target=\"_blank\">IVL<\/a> iniciou as atividades de panfletagem de divulga\u00e7\u00e3o da <a href=\"https:\/\/www.facebook.com\/events\/100532430336678\/\" target=\"_blank\">manifesta\u00e7\u00e3o de 13-03-2016!<\/a><\/p>\n<p>O local da a\u00e7\u00e3o foi no cruzamento da Rua Humberto de Campos com 7 de Setembro, em frente ao Terminal PROEB.<\/p>\n<p>A resposta da popula\u00e7\u00e3o foi excelente, apesar da chuva que tentou atrapalhar em alguns momentos.<\/p>\n<p>Alguns registros.<\/p>\n<p><a href=\"http:\/\/acaopolitica.com\/wp-content\/uploads\/2016\/03\/20160303_182904.jpg\" rel=\"attachment wp-att-757\"><img loading=\"lazy\" class=\"alignnone size-full wp-image-757\" src=\"http:\/\/acaopolitica.com\/wp-content\/uploads\/2016\/03\/20160303_182904.jpg\" alt=\"20160303_182904\" width=\"980\" height=\"551\" srcset=\"http:\/\/acaopolitica.com\/wp-content\/uploads\/2016\/03\/20160303_182904.jpg 980w, http:\/\/acaopolitica.com\/wp-content\/uploads\/2016\/03\/20160303_182904-300x169.jpg 300w, http:\/\/acaopolitica.com\/wp-content\/uploads\/2016\/03\/20160303_182904-768x432.jpg 768w\" sizes=\"(max-width: 980px) 100vw, 980px\" \/><\/a><\/p>\n<p><a href=\"http:\/\/acaopolitica.com\/wp-content\/uploads\/2016\/03\/20160303_191712.jpg\" rel=\"attachment wp-att-762\"><img loading=\"lazy\" class=\"alignnone size-full wp-image-762\" src=\"http:\/\/acaopolitica.com\/wp-content\/uploads\/2016\/03\/20160303_191712.jpg\" alt=\"20160303_191712\" width=\"980\" height=\"551\" srcset=\"http:\/\/acaopolitica.com\/wp-content\/uploads\/2016\/03\/20160303_191712.jpg 980w, http:\/\/acaopolitica.com\/wp-content\/uploads\/2016\/03\/20160303_191712-300x169.jpg 300w, http:\/\/acaopolitica.com\/wp-content\/uploads\/2016\/03\/20160303_191712-768x432.jpg 768w\" sizes=\"(max-width: 980px) 100vw, 980px\" \/><\/a> <a href=\"http:\/\/acaopolitica.com\/wp-content\/uploads\/2016\/03\/20160303_191250.jpg\" rel=\"attachment wp-att-761\"><img loading=\"lazy\" class=\"alignnone size-full wp-image-761\" src=\"http:\/\/acaopolitica.com\/wp-content\/uploads\/2016\/03\/20160303_191250.jpg\" alt=\"20160303_191250\" width=\"980\" height=\"551\" srcset=\"http:\/\/acaopolitica.com\/wp-content\/uploads\/2016\/03\/20160303_191250.jpg 980w, http:\/\/acaopolitica.com\/wp-content\/uploads\/2016\/03\/20160303_191250-300x169.jpg 300w, http:\/\/acaopolitica.com\/wp-content\/uploads\/2016\/03\/20160303_191250-768x432.jpg 768w\" sizes=\"(max-width: 980px) 100vw, 980px\" \/><\/a> <a href=\"http:\/\/acaopolitica.com\/wp-content\/uploads\/2016\/03\/20160303_185105.jpg\" rel=\"attachment wp-att-760\"><img loading=\"lazy\" class=\"alignnone size-full wp-image-760\" src=\"http:\/\/acaopolitica.com\/wp-content\/uploads\/2016\/03\/20160303_185105.jpg\" alt=\"20160303_185105\" width=\"551\" height=\"980\" srcset=\"http:\/\/acaopolitica.com\/wp-content\/uploads\/2016\/03\/20160303_185105.jpg 551w, http:\/\/acaopolitica.com\/wp-content\/uploads\/2016\/03\/20160303_185105-169x300.jpg 169w\" sizes=\"(max-width: 551px) 100vw, 551px\" \/><\/a> <a href=\"http:\/\/acaopolitica.com\/wp-content\/uploads\/2016\/03\/20160303_183135.jpg\" rel=\"attachment wp-att-759\"><img loading=\"lazy\" class=\"alignnone size-full wp-image-759\" src=\"http:\/\/acaopolitica.com\/wp-content\/uploads\/2016\/03\/20160303_183135.jpg\" alt=\"20160303_183135\" width=\"980\" height=\"551\" srcset=\"http:\/\/acaopolitica.com\/wp-content\/uploads\/2016\/03\/20160303_183135.jpg 980w, http:\/\/acaopolitica.com\/wp-content\/uploads\/2016\/03\/20160303_183135-300x169.jpg 300w, http:\/\/acaopolitica.com\/wp-content\/uploads\/2016\/03\/20160303_183135-768x432.jpg 768w\" sizes=\"(max-width: 980px) 100vw, 980px\" \/><\/a> <a href=\"http:\/\/acaopolitica.com\/wp-content\/uploads\/2016\/03\/20160303_182938.jpg\" rel=\"attachment wp-att-758\"><img loading=\"lazy\" class=\"alignnone size-full wp-image-758\" src=\"http:\/\/acaopolitica.com\/wp-content\/uploads\/2016\/03\/20160303_182938.jpg\" alt=\"20160303_182938\" width=\"980\" height=\"551\" srcset=\"http:\/\/acaopolitica.com\/wp-content\/uploads\/2016\/03\/20160303_182938.jpg 980w, http:\/\/acaopolitica.com\/wp-content\/uploads\/2016\/03\/20160303_182938-300x169.jpg 300w, http:\/\/acaopolitica.com\/wp-content\/uploads\/2016\/03\/20160303_182938-768x432.jpg 768w\" sizes=\"(max-width: 980px) 100vw, 980px\" \/><\/a><\/p>\n","protected":false},"excerpt":{"rendered":"<p>Nesta quinta-feira, 03-03-2016, a equipe do IVL iniciou as atividades de panfletagem de divulga\u00e7\u00e3o da manifesta\u00e7\u00e3o de 13-03-2016! O local da a\u00e7\u00e3o foi no cruzamento&#8230;<\/p>\n","protected":false},"author":1,"featured_media":757,"comment_status":"open","ping_status":"open","sticky":false,"template":"","format":"standard","meta":[],"categories":[11],"tags":[],"_links":{"self":[{"href":"http:\/\/acaopolitica.com\/index.php\/wp-json\/wp\/v2\/posts\/755"}],"collection":[{"href":"http:\/\/acaopolitica.com\/index.php\/wp-json\/wp\/v2\/posts"}],"about":[{"href":"http:\/\/acaopolitica.com\/index.php\/wp-json\/wp\/v2\/types\/post"}],"author":[{"embeddable":true,"href":"http:\/\/acaopolitica.com\/index.php\/wp-json\/wp\/v2\/users\/1"}],"replies":[{"embeddable":true,"href":"http:\/\/acaopolitica.com\/index.php\/wp-json\/wp\/v2\/comments?post=755"}],"version-history":[{"count":3,"href":"http:\/\/acaopolitica.com\/index.php\/wp-json\/wp\/v2\/posts\/755\/revisions"}],"predecessor-version":[{"id":765,"href":"http:\/\/acaopolitica.com\/index.php\/wp-json\/wp\/v2\/posts\/755\/revisions\/765"}],"wp:featuredmedia":[{"embeddable":true,"href":"http:\/\/acaopolitica.com\/index.php\/wp-json\/wp\/v2\/media\/757"}],"wp:attachment":[{"href":"http:\/\/acaopolitica.com\/index.php\/wp-json\/wp\/v2\/media?parent=755"}],"wp:term":[{"taxonomy":"category","embeddable":true,"href":"http:\/\/acaopolitica.com\/index.php\/wp-json\/wp\/v2\/categories?post=755"},{"taxonomy":"post_tag","embeddable":true,"href":"http:\/\/acaopolitica.com\/index.php\/wp-json\/wp\/v2\/tags?post=755"}],"curies":[{"name":"wp","href":"https:\/\/api.w.org\/{rel}","templated":true}]}}