{"id":768,"date":"2016-03-06T11:27:16","date_gmt":"2016-03-06T11:27:16","guid":{"rendered":"http:\/\/acaopolitica.com\/?p=768"},"modified":"2016-03-06T11:29:45","modified_gmt":"2016-03-06T11:29:45","slug":"panfletagens-em-04-e-0503-convidando-para-13-03","status":"publish","type":"post","link":"http:\/\/acaopolitica.com\/index.php\/2016\/03\/06\/panfletagens-em-04-e-0503-convidando-para-13-03\/","title":{"rendered":"Panfletagens em 04 e 05\/03, convidando para 13-03!"},"content":{"rendered":"<p style=\"text-align: justify;\">Nesta sexta-feira (04\/03) e s\u00e1bado (05\/03), a equipe do <a href=\"https:\/\/www.facebook.com\/institutoverdadeeliberdade\/\" target=\"_blank\">IVL<\/a>\u00a0repetiu as atividades de panfletagem convidando a popula\u00e7\u00e3o\u00a0para a\u00a0<a href=\"https:\/\/www.facebook.com\/events\/100532430336678\/\" target=\"_blank\">manifesta\u00e7\u00e3o de 13-03-2016!<\/a><\/p>\n<p style=\"text-align: justify;\">Continuando panfletagem no Terminal Aterro, cruzamento da Rua Jo\u00e3o Pessoa com 7 de Setembro e Prefeitura Municipal.<\/p>\n<p style=\"text-align: justify;\">Al\u00e9m da panfletagem dispersa em alguns pontos da cidade por diversos colaboradores ao longo do dia.<\/p>\n<p style=\"text-align: justify;\">Todos percebem o crescimento do entusiasmo da popula\u00e7\u00e3o. Na mesma propor\u00e7\u00e3o da indigna\u00e7\u00e3o com este governo e todos os ap\u00eandices e agregados que fazem parte deste sistema que sequestrou a economia e a pol\u00edtica do pa\u00eds.<\/p>\n<p style=\"text-align: justify;\">Alguns registros.<\/p>\n<p><a href=\"http:\/\/acaopolitica.com\/wp-content\/uploads\/2016\/03\/IMG-20160305-WA0042.jpg\" rel=\"attachment wp-att-769\"><img loading=\"lazy\" class=\"alignnone size-full wp-image-769\" src=\"http:\/\/acaopolitica.com\/wp-content\/uploads\/2016\/03\/IMG-20160305-WA0042.jpg\" alt=\"IMG-20160305-WA0042\" width=\"1600\" height=\"1200\" srcset=\"http:\/\/acaopolitica.com\/wp-content\/uploads\/2016\/03\/IMG-20160305-WA0042.jpg 1600w, http:\/\/acaopolitica.com\/wp-content\/uploads\/2016\/03\/IMG-20160305-WA0042-300x225.jpg 300w, http:\/\/acaopolitica.com\/wp-content\/uploads\/2016\/03\/IMG-20160305-WA0042-768x576.jpg 768w, http:\/\/acaopolitica.com\/wp-content\/uploads\/2016\/03\/IMG-20160305-WA0042-1030x773.jpg 1030w\" sizes=\"(max-width: 1600px) 100vw, 1600px\" \/><\/a> <a href=\"http:\/\/acaopolitica.com\/wp-content\/uploads\/2016\/03\/IMG-20160305-WA0011.jpg\" rel=\"attachment wp-att-770\"><img loading=\"lazy\" class=\"alignnone size-full wp-image-770\" src=\"http:\/\/acaopolitica.com\/wp-content\/uploads\/2016\/03\/IMG-20160305-WA0011.jpg\" alt=\"IMG-20160305-WA0011\" width=\"720\" height=\"1280\" srcset=\"http:\/\/acaopolitica.com\/wp-content\/uploads\/2016\/03\/IMG-20160305-WA0011.jpg 720w, http:\/\/acaopolitica.com\/wp-content\/uploads\/2016\/03\/IMG-20160305-WA0011-169x300.jpg 169w, http:\/\/acaopolitica.com\/wp-content\/uploads\/2016\/03\/IMG-20160305-WA0011-579x1030.jpg 579w\" sizes=\"(max-width: 720px) 100vw, 720px\" \/><\/a> <a href=\"http:\/\/acaopolitica.com\/wp-content\/uploads\/2016\/03\/IMG-20160305-WA0010.jpg\" rel=\"attachment wp-att-771\"><img loading=\"lazy\" class=\"alignnone size-full wp-image-771\" src=\"http:\/\/acaopolitica.com\/wp-content\/uploads\/2016\/03\/IMG-20160305-WA0010.jpg\" alt=\"IMG-20160305-WA0010\" width=\"720\" height=\"1280\" srcset=\"http:\/\/acaopolitica.com\/wp-content\/uploads\/2016\/03\/IMG-20160305-WA0010.jpg 720w, http:\/\/acaopolitica.com\/wp-content\/uploads\/2016\/03\/IMG-20160305-WA0010-169x300.jpg 169w, http:\/\/acaopolitica.com\/wp-content\/uploads\/2016\/03\/IMG-20160305-WA0010-579x1030.jpg 579w\" sizes=\"(max-width: 720px) 100vw, 720px\" \/><\/a><\/p>\n","protected":false},"excerpt":{"rendered":"<p>Nesta sexta-feira (04\/03) e s\u00e1bado (05\/03), a equipe do IVL\u00a0repetiu as atividades de panfletagem convidando a popula\u00e7\u00e3o\u00a0para a\u00a0manifesta\u00e7\u00e3o de 13-03-2016! Continuando panfletagem no Terminal Aterro,&#8230;<\/p>\n","protected":false},"author":1,"featured_media":769,"comment_status":"open","ping_status":"open","sticky":false,"template":"","format":"standard","meta":[],"categories":[11],"tags":[],"_links":{"self":[{"href":"http:\/\/acaopolitica.com\/index.php\/wp-json\/wp\/v2\/posts\/768"}],"collection":[{"href":"http:\/\/acaopolitica.com\/index.php\/wp-json\/wp\/v2\/posts"}],"about":[{"href":"http:\/\/acaopolitica.com\/index.php\/wp-json\/wp\/v2\/types\/post"}],"author":[{"embeddable":true,"href":"http:\/\/acaopolitica.com\/index.php\/wp-json\/wp\/v2\/users\/1"}],"replies":[{"embeddable":true,"href":"http:\/\/acaopolitica.com\/index.php\/wp-json\/wp\/v2\/comments?post=768"}],"version-history":[{"count":2,"href":"http:\/\/acaopolitica.com\/index.php\/wp-json\/wp\/v2\/posts\/768\/revisions"}],"predecessor-version":[{"id":773,"href":"http:\/\/acaopolitica.com\/index.php\/wp-json\/wp\/v2\/posts\/768\/revisions\/773"}],"wp:featuredmedia":[{"embeddable":true,"href":"http:\/\/acaopolitica.com\/index.php\/wp-json\/wp\/v2\/media\/769"}],"wp:attachment":[{"href":"http:\/\/acaopolitica.com\/index.php\/wp-json\/wp\/v2\/media?parent=768"}],"wp:term":[{"taxonomy":"category","embeddable":true,"href":"http:\/\/acaopolitica.com\/index.php\/wp-json\/wp\/v2\/categories?post=768"},{"taxonomy":"post_tag","embeddable":true,"href":"http:\/\/acaopolitica.com\/index.php\/wp-json\/wp\/v2\/tags?post=768"}],"curies":[{"name":"wp","href":"https:\/\/api.w.org\/{rel}","templated":true}]}}