{"id":792,"date":"2016-03-08T13:14:59","date_gmt":"2016-03-08T13:14:59","guid":{"rendered":"http:\/\/acaopolitica.com\/?p=792"},"modified":"2016-03-08T13:14:59","modified_gmt":"2016-03-08T13:14:59","slug":"panfletagem-em-07-03-convidando-para-13-03","status":"publish","type":"post","link":"http:\/\/acaopolitica.com\/index.php\/2016\/03\/08\/panfletagem-em-07-03-convidando-para-13-03\/","title":{"rendered":"Panfletagem em 07-03, convidando para 13-03!"},"content":{"rendered":"<p style=\"text-align: justify;\">Nesta segunda-feira, 07-03, a equipe do <a href=\"https:\/\/www.facebook.com\/institutoverdadeeliberdade\/\" target=\"_blank\">IVL<\/a>\u00a0repetiu as atividades de panfletagem convidando a popula\u00e7\u00e3o\u00a0para a\u00a0<a href=\"https:\/\/www.facebook.com\/events\/100532430336678\/\" target=\"_blank\">manifesta\u00e7\u00e3o de 13-03-2016!<\/a><\/p>\n<p style=\"text-align: justify;\">Desta vez a a\u00e7\u00e3o aconteceu na FURB e na Rua Ant\u00f4nio da Veiga (pr\u00f3ximo ao Supermercado Giassi).<\/p>\n<p style=\"text-align: justify;\">Al\u00e9m da panfletagem dispersa em alguns pontos da cidade por diversos colaboradores ao longo do dia.<\/p>\n<p style=\"text-align: justify;\">Entusiasmo, indigna\u00e7\u00e3o e engajamento crescentes s\u00e3o percept\u00edveis no contato com a popula\u00e7\u00e3o.<\/p>\n<p style=\"text-align: justify;\">Alguns registros.<\/p>\n<p style=\"text-align: justify;\"><a href=\"http:\/\/acaopolitica.com\/wp-content\/uploads\/2016\/03\/IMG-20160308-WA0021.jpg\" rel=\"attachment wp-att-793\"><img loading=\"lazy\" class=\"alignnone size-full wp-image-793\" src=\"http:\/\/acaopolitica.com\/wp-content\/uploads\/2016\/03\/IMG-20160308-WA0021.jpg\" alt=\"IMG-20160308-WA0021\" width=\"1599\" height=\"899\" srcset=\"http:\/\/acaopolitica.com\/wp-content\/uploads\/2016\/03\/IMG-20160308-WA0021.jpg 1599w, http:\/\/acaopolitica.com\/wp-content\/uploads\/2016\/03\/IMG-20160308-WA0021-300x169.jpg 300w, http:\/\/acaopolitica.com\/wp-content\/uploads\/2016\/03\/IMG-20160308-WA0021-768x432.jpg 768w, http:\/\/acaopolitica.com\/wp-content\/uploads\/2016\/03\/IMG-20160308-WA0021-1030x579.jpg 1030w\" sizes=\"(max-width: 1599px) 100vw, 1599px\" \/><\/a><\/p>\n","protected":false},"excerpt":{"rendered":"<p>Nesta segunda-feira, 07-03, a equipe do IVL\u00a0repetiu as atividades de panfletagem convidando a popula\u00e7\u00e3o\u00a0para a\u00a0manifesta\u00e7\u00e3o de 13-03-2016! Desta vez a a\u00e7\u00e3o aconteceu na FURB e&#8230;<\/p>\n","protected":false},"author":1,"featured_media":793,"comment_status":"open","ping_status":"open","sticky":false,"template":"","format":"standard","meta":[],"categories":[11],"tags":[],"_links":{"self":[{"href":"http:\/\/acaopolitica.com\/index.php\/wp-json\/wp\/v2\/posts\/792"}],"collection":[{"href":"http:\/\/acaopolitica.com\/index.php\/wp-json\/wp\/v2\/posts"}],"about":[{"href":"http:\/\/acaopolitica.com\/index.php\/wp-json\/wp\/v2\/types\/post"}],"author":[{"embeddable":true,"href":"http:\/\/acaopolitica.com\/index.php\/wp-json\/wp\/v2\/users\/1"}],"replies":[{"embeddable":true,"href":"http:\/\/acaopolitica.com\/index.php\/wp-json\/wp\/v2\/comments?post=792"}],"version-history":[{"count":1,"href":"http:\/\/acaopolitica.com\/index.php\/wp-json\/wp\/v2\/posts\/792\/revisions"}],"predecessor-version":[{"id":794,"href":"http:\/\/acaopolitica.com\/index.php\/wp-json\/wp\/v2\/posts\/792\/revisions\/794"}],"wp:featuredmedia":[{"embeddable":true,"href":"http:\/\/acaopolitica.com\/index.php\/wp-json\/wp\/v2\/media\/793"}],"wp:attachment":[{"href":"http:\/\/acaopolitica.com\/index.php\/wp-json\/wp\/v2\/media?parent=792"}],"wp:term":[{"taxonomy":"category","embeddable":true,"href":"http:\/\/acaopolitica.com\/index.php\/wp-json\/wp\/v2\/categories?post=792"},{"taxonomy":"post_tag","embeddable":true,"href":"http:\/\/acaopolitica.com\/index.php\/wp-json\/wp\/v2\/tags?post=792"}],"curies":[{"name":"wp","href":"https:\/\/api.w.org\/{rel}","templated":true}]}}