{"id":795,"date":"2016-03-08T17:00:06","date_gmt":"2016-03-08T17:00:06","guid":{"rendered":"http:\/\/acaopolitica.com\/?p=795"},"modified":"2016-03-08T17:37:08","modified_gmt":"2016-03-08T17:37:08","slug":"entrevista-para-radio-menina-em-06-03-2016","status":"publish","type":"post","link":"http:\/\/acaopolitica.com\/index.php\/2016\/03\/08\/entrevista-para-radio-menina-em-06-03-2016\/","title":{"rendered":"Entrevista para Radio Menina em 07-03-2016"},"content":{"rendered":"<p style=\"text-align: justify;\">Nesta segunda-feira, coordenadores do <a href=\"https:\/\/www.facebook.com\/institutoverdadeeliberdade\/\" target=\"_blank\">IVL<\/a> deram uma entrevista na <a href=\"http:\/\/www.portalmenina.com\" target=\"_blank\">R\u00e1dio Menina<\/a>\u00a0ao programa\u00a0Bota a Boca No Trombone.<\/p>\n<p style=\"text-align: justify;\">Foram abordados assuntos como a <a href=\"https:\/\/www.facebook.com\/events\/100532430336678\/\" target=\"_blank\">manifesta\u00e7\u00e3o de 13-03-2016<\/a>, evolu\u00e7\u00e3o das manifesta\u00e7\u00f5es, contexto pol\u00edtico atual e ap\u00f3s Impeachment da N\u00c3O-presidente Dilma Rousseff e ainda alguns outros.<\/p>\n<p style=\"text-align: justify;\">Agradecemos \u00e0 equipe da <a href=\"http:\/\/www.portalmenina.com\" target=\"_blank\">Radio Menina<\/a> a oportunidade de levar informa\u00e7\u00e3o pertinente, esclarecimentos e o convite \u00e0 popula\u00e7\u00e3o.<\/p>\n<p style=\"text-align: justify;\">Participaram os coordenadores <a href=\"https:\/\/www.facebook.com\/jose.galdino.756?fref=ts\" target=\"_blank\">Jos\u00e9 Galdino<\/a>, <a href=\"https:\/\/www.facebook.com\/alcione.kleine?fref=ts\" target=\"_blank\">Alcione Kleine<\/a> e <a href=\"https:\/\/www.facebook.com\/alfredo.seubert?fref=ts\" target=\"_blank\">Alfredo Seubert<\/a>.<\/p>\n<p style=\"text-align: justify;\">\u00c1udio da entrevista:<\/p>\n<!--[if lt IE 9]><script>document.createElement('audio');<\/script><![endif]-->\n<audio class=\"wp-audio-shortcode\" id=\"audio-795-1\" preload=\"none\" style=\"width: 100%;\" controls=\"controls\"><source type=\"audio\/mpeg\" src=\"http:\/\/acaopolitica.com\/wp-content\/uploads\/2016\/03\/AUD-20160308-WA0087.m4a?_=1\" \/><a href=\"http:\/\/acaopolitica.com\/wp-content\/uploads\/2016\/03\/AUD-20160308-WA0087.m4a\">http:\/\/acaopolitica.com\/wp-content\/uploads\/2016\/03\/AUD-20160308-WA0087.m4a<\/a><\/audio>\n","protected":false},"excerpt":{"rendered":"<p>Nesta segunda-feira, coordenadores do IVL deram uma entrevista na R\u00e1dio Menina\u00a0ao programa\u00a0Bota a Boca No Trombone. Foram abordados assuntos como a manifesta\u00e7\u00e3o de 13-03-2016, evolu\u00e7\u00e3o&#8230;<\/p>\n","protected":false},"author":1,"featured_media":796,"comment_status":"open","ping_status":"open","sticky":false,"template":"","format":"standard","meta":[],"categories":[11],"tags":[],"_links":{"self":[{"href":"http:\/\/acaopolitica.com\/index.php\/wp-json\/wp\/v2\/posts\/795"}],"collection":[{"href":"http:\/\/acaopolitica.com\/index.php\/wp-json\/wp\/v2\/posts"}],"about":[{"href":"http:\/\/acaopolitica.com\/index.php\/wp-json\/wp\/v2\/types\/post"}],"author":[{"embeddable":true,"href":"http:\/\/acaopolitica.com\/index.php\/wp-json\/wp\/v2\/users\/1"}],"replies":[{"embeddable":true,"href":"http:\/\/acaopolitica.com\/index.php\/wp-json\/wp\/v2\/comments?post=795"}],"version-history":[{"count":3,"href":"http:\/\/acaopolitica.com\/index.php\/wp-json\/wp\/v2\/posts\/795\/revisions"}],"predecessor-version":[{"id":800,"href":"http:\/\/acaopolitica.com\/index.php\/wp-json\/wp\/v2\/posts\/795\/revisions\/800"}],"wp:featuredmedia":[{"embeddable":true,"href":"http:\/\/acaopolitica.com\/index.php\/wp-json\/wp\/v2\/media\/796"}],"wp:attachment":[{"href":"http:\/\/acaopolitica.com\/index.php\/wp-json\/wp\/v2\/media?parent=795"}],"wp:term":[{"taxonomy":"category","embeddable":true,"href":"http:\/\/acaopolitica.com\/index.php\/wp-json\/wp\/v2\/categories?post=795"},{"taxonomy":"post_tag","embeddable":true,"href":"http:\/\/acaopolitica.com\/index.php\/wp-json\/wp\/v2\/tags?post=795"}],"curies":[{"name":"wp","href":"https:\/\/api.w.org\/{rel}","templated":true}]}}