{"id":802,"date":"2016-03-09T13:53:47","date_gmt":"2016-03-09T13:53:47","guid":{"rendered":"http:\/\/acaopolitica.com\/?p=802"},"modified":"2016-03-09T13:53:47","modified_gmt":"2016-03-09T13:53:47","slug":"apoio-a-sergio-moro-e-panfletagem-convidando-para-13-03","status":"publish","type":"post","link":"http:\/\/acaopolitica.com\/index.php\/2016\/03\/09\/apoio-a-sergio-moro-e-panfletagem-convidando-para-13-03\/","title":{"rendered":"Apoio a S\u00e9rgio Moro e panfletagem convidando para 13-03"},"content":{"rendered":"<p style=\"text-align: justify;\">Nesta ter\u00e7a-feira, 08-03, a equipe do <a href=\"https:\/\/www.facebook.com\/institutoverdadeeliberdade\/\" target=\"_blank\">IVL<\/a>\u00a0repetiu as atividades de panfletagem convidando a popula\u00e7\u00e3o\u00a0para a\u00a0<a href=\"https:\/\/www.facebook.com\/events\/100532430336678\/\" target=\"_blank\">manifesta\u00e7\u00e3o de 13-03-2016!<\/a><\/p>\n<p style=\"text-align: justify;\">Tamb\u00e9m foi realizada a\u00e7\u00e3o com faixa em apoio a S\u00e9rgio Moro, juiz federal que comanda as investiga\u00e7\u00f5es da Opera\u00e7\u00e3o Lava Jato!<\/p>\n<p style=\"text-align: justify;\">A a\u00e7\u00e3o com faixa foi realizada nas proximidades do Terminal Fonte e tamb\u00e9m pr\u00f3ximo \u00e0 loja Flamingo na Rua XV de Novembro. A rea\u00e7\u00e3o\u00a0da popula\u00e7\u00e3o foi de entusiasmo e apoio completos a atua\u00e7\u00e3o do juiz e transcorrer da Opera\u00e7\u00e3o Lava Jato e demais efeitos resultantes desse trabalho.<\/p>\n<p style=\"text-align: justify;\">A panfletagem foi realizada nos mesmos locais e tamb\u00e9m na proximidade da Vila Germ\u00e2nica. Al\u00e9m da panfletagem realizada por colaboradores em diversos pontos ao longo do dia.<\/p>\n<p style=\"text-align: justify;\">Entusiasmo, indigna\u00e7\u00e3o e engajamento crescentes s\u00e3o percept\u00edveis no contato com a popula\u00e7\u00e3o.<\/p>\n<p style=\"text-align: justify;\">Alguns registros.<\/p>\n<p style=\"text-align: justify;\">Atentem para o primeiro onde claramente se observa que <span style=\"color: #333333;\"><strong><em><span style=\"color: #800000;\">&#8221;\u00a0O dia da panfletagem\u00a0\u00e9 dia da m\u00e3e, do pai e das professoras, mas tamb\u00e9m \u00e9 o dia dos animais. Sempre que voc\u00ea faz panfletagem, h\u00e1 sempre uma figura (n\u00e3o t\u00e3o oculta), que \u00e9 um cachorro NA FRENTE da foto, o que \u00e9 algo muito importante.&#8221;<\/span> \u00a0<\/em><\/strong>(inspirado em mais uma aberra\u00e7\u00e3o\u00a0mental\u00a0externada pela N\u00c3O-presidente Dilma Rousseff ).<\/span><\/p>\n<p style=\"text-align: justify;\"><a href=\"http:\/\/acaopolitica.com\/wp-content\/uploads\/2016\/03\/IMG-20160309-WA0009.jpg\" rel=\"attachment wp-att-808\"><img loading=\"lazy\" class=\"alignnone size-full wp-image-808\" src=\"http:\/\/acaopolitica.com\/wp-content\/uploads\/2016\/03\/IMG-20160309-WA0009.jpg\" alt=\"IMG-20160309-WA0009\" width=\"1599\" height=\"899\" srcset=\"http:\/\/acaopolitica.com\/wp-content\/uploads\/2016\/03\/IMG-20160309-WA0009.jpg 1599w, http:\/\/acaopolitica.com\/wp-content\/uploads\/2016\/03\/IMG-20160309-WA0009-300x169.jpg 300w, http:\/\/acaopolitica.com\/wp-content\/uploads\/2016\/03\/IMG-20160309-WA0009-768x432.jpg 768w, http:\/\/acaopolitica.com\/wp-content\/uploads\/2016\/03\/IMG-20160309-WA0009-1030x579.jpg 1030w\" sizes=\"(max-width: 1599px) 100vw, 1599px\" \/><\/a> <a href=\"http:\/\/acaopolitica.com\/wp-content\/uploads\/2016\/03\/IMG-20160309-WA0007.jpg\" rel=\"attachment wp-att-809\"><img loading=\"lazy\" class=\"alignnone size-full wp-image-809\" src=\"http:\/\/acaopolitica.com\/wp-content\/uploads\/2016\/03\/IMG-20160309-WA0007.jpg\" alt=\"IMG-20160309-WA0007\" width=\"1599\" height=\"899\" srcset=\"http:\/\/acaopolitica.com\/wp-content\/uploads\/2016\/03\/IMG-20160309-WA0007.jpg 1599w, http:\/\/acaopolitica.com\/wp-content\/uploads\/2016\/03\/IMG-20160309-WA0007-300x169.jpg 300w, http:\/\/acaopolitica.com\/wp-content\/uploads\/2016\/03\/IMG-20160309-WA0007-768x432.jpg 768w, http:\/\/acaopolitica.com\/wp-content\/uploads\/2016\/03\/IMG-20160309-WA0007-1030x579.jpg 1030w\" sizes=\"(max-width: 1599px) 100vw, 1599px\" \/><\/a> <a href=\"http:\/\/acaopolitica.com\/wp-content\/uploads\/2016\/03\/IMG-20160309-WA0010.jpg\" rel=\"attachment wp-att-810\"><img loading=\"lazy\" class=\"alignnone size-full wp-image-810\" src=\"http:\/\/acaopolitica.com\/wp-content\/uploads\/2016\/03\/IMG-20160309-WA0010.jpg\" alt=\"IMG-20160309-WA0010\" width=\"1599\" height=\"899\" srcset=\"http:\/\/acaopolitica.com\/wp-content\/uploads\/2016\/03\/IMG-20160309-WA0010.jpg 1599w, http:\/\/acaopolitica.com\/wp-content\/uploads\/2016\/03\/IMG-20160309-WA0010-300x169.jpg 300w, http:\/\/acaopolitica.com\/wp-content\/uploads\/2016\/03\/IMG-20160309-WA0010-768x432.jpg 768w, http:\/\/acaopolitica.com\/wp-content\/uploads\/2016\/03\/IMG-20160309-WA0010-1030x579.jpg 1030w\" sizes=\"(max-width: 1599px) 100vw, 1599px\" \/><\/a><\/p>\n<p style=\"text-align: justify;\"><a href=\"http:\/\/acaopolitica.com\/wp-content\/uploads\/2016\/03\/IMG-20160309-WA0014.jpg\" rel=\"attachment wp-att-805\"><img loading=\"lazy\" class=\"alignnone size-full wp-image-805\" src=\"http:\/\/acaopolitica.com\/wp-content\/uploads\/2016\/03\/IMG-20160309-WA0014.jpg\" alt=\"IMG-20160309-WA0014\" width=\"1600\" height=\"900\" srcset=\"http:\/\/acaopolitica.com\/wp-content\/uploads\/2016\/03\/IMG-20160309-WA0014.jpg 1600w, http:\/\/acaopolitica.com\/wp-content\/uploads\/2016\/03\/IMG-20160309-WA0014-300x169.jpg 300w, http:\/\/acaopolitica.com\/wp-content\/uploads\/2016\/03\/IMG-20160309-WA0014-768x432.jpg 768w, http:\/\/acaopolitica.com\/wp-content\/uploads\/2016\/03\/IMG-20160309-WA0014-1030x579.jpg 1030w\" sizes=\"(max-width: 1600px) 100vw, 1600px\" \/><\/a> <a href=\"http:\/\/acaopolitica.com\/wp-content\/uploads\/2016\/03\/IMG-20160309-WA0015.jpg\" rel=\"attachment wp-att-806\"><img loading=\"lazy\" class=\"alignnone size-full wp-image-806\" src=\"http:\/\/acaopolitica.com\/wp-content\/uploads\/2016\/03\/IMG-20160309-WA0015.jpg\" alt=\"IMG-20160309-WA0015\" width=\"1600\" height=\"900\" srcset=\"http:\/\/acaopolitica.com\/wp-content\/uploads\/2016\/03\/IMG-20160309-WA0015.jpg 1600w, http:\/\/acaopolitica.com\/wp-content\/uploads\/2016\/03\/IMG-20160309-WA0015-300x169.jpg 300w, http:\/\/acaopolitica.com\/wp-content\/uploads\/2016\/03\/IMG-20160309-WA0015-768x432.jpg 768w, http:\/\/acaopolitica.com\/wp-content\/uploads\/2016\/03\/IMG-20160309-WA0015-1030x579.jpg 1030w\" sizes=\"(max-width: 1600px) 100vw, 1600px\" \/><\/a> <a href=\"http:\/\/acaopolitica.com\/wp-content\/uploads\/2016\/03\/IMG-20160309-WA0017.jpg\" rel=\"attachment wp-att-807\"><img loading=\"lazy\" class=\"alignnone size-full wp-image-807\" src=\"http:\/\/acaopolitica.com\/wp-content\/uploads\/2016\/03\/IMG-20160309-WA0017.jpg\" alt=\"IMG-20160309-WA0017\" width=\"900\" height=\"1600\" srcset=\"http:\/\/acaopolitica.com\/wp-content\/uploads\/2016\/03\/IMG-20160309-WA0017.jpg 900w, http:\/\/acaopolitica.com\/wp-content\/uploads\/2016\/03\/IMG-20160309-WA0017-169x300.jpg 169w, http:\/\/acaopolitica.com\/wp-content\/uploads\/2016\/03\/IMG-20160309-WA0017-768x1365.jpg 768w, http:\/\/acaopolitica.com\/wp-content\/uploads\/2016\/03\/IMG-20160309-WA0017-579x1030.jpg 579w\" sizes=\"(max-width: 900px) 100vw, 900px\" \/><\/a><\/p>\n<p style=\"text-align: justify;\"><a href=\"http:\/\/acaopolitica.com\/wp-content\/uploads\/2016\/03\/IMG-20160308-WA0174.jpg\" rel=\"attachment wp-att-803\"><img loading=\"lazy\" class=\"alignnone size-full wp-image-803\" src=\"http:\/\/acaopolitica.com\/wp-content\/uploads\/2016\/03\/IMG-20160308-WA0174.jpg\" alt=\"IMG-20160308-WA0174\" width=\"1600\" height=\"900\" srcset=\"http:\/\/acaopolitica.com\/wp-content\/uploads\/2016\/03\/IMG-20160308-WA0174.jpg 1600w, http:\/\/acaopolitica.com\/wp-content\/uploads\/2016\/03\/IMG-20160308-WA0174-300x169.jpg 300w, http:\/\/acaopolitica.com\/wp-content\/uploads\/2016\/03\/IMG-20160308-WA0174-768x432.jpg 768w, http:\/\/acaopolitica.com\/wp-content\/uploads\/2016\/03\/IMG-20160308-WA0174-1030x579.jpg 1030w\" sizes=\"(max-width: 1600px) 100vw, 1600px\" \/><\/a> <a href=\"http:\/\/acaopolitica.com\/wp-content\/uploads\/2016\/03\/IMG-20160308-WA0175.jpg\" rel=\"attachment wp-att-804\"><img loading=\"lazy\" class=\"alignnone size-full wp-image-804\" src=\"http:\/\/acaopolitica.com\/wp-content\/uploads\/2016\/03\/IMG-20160308-WA0175.jpg\" alt=\"IMG-20160308-WA0175\" width=\"1600\" height=\"900\" srcset=\"http:\/\/acaopolitica.com\/wp-content\/uploads\/2016\/03\/IMG-20160308-WA0175.jpg 1600w, http:\/\/acaopolitica.com\/wp-content\/uploads\/2016\/03\/IMG-20160308-WA0175-300x169.jpg 300w, http:\/\/acaopolitica.com\/wp-content\/uploads\/2016\/03\/IMG-20160308-WA0175-768x432.jpg 768w, http:\/\/acaopolitica.com\/wp-content\/uploads\/2016\/03\/IMG-20160308-WA0175-1030x579.jpg 1030w\" sizes=\"(max-width: 1600px) 100vw, 1600px\" \/><\/a><\/p>\n","protected":false},"excerpt":{"rendered":"<p>Nesta ter\u00e7a-feira, 08-03, a equipe do IVL\u00a0repetiu as atividades de panfletagem convidando a popula\u00e7\u00e3o\u00a0para a\u00a0manifesta\u00e7\u00e3o de 13-03-2016! Tamb\u00e9m foi realizada a\u00e7\u00e3o com faixa em apoio&#8230;<\/p>\n","protected":false},"author":1,"featured_media":805,"comment_status":"open","ping_status":"open","sticky":false,"template":"","format":"standard","meta":[],"categories":[11],"tags":[],"_links":{"self":[{"href":"http:\/\/acaopolitica.com\/index.php\/wp-json\/wp\/v2\/posts\/802"}],"collection":[{"href":"http:\/\/acaopolitica.com\/index.php\/wp-json\/wp\/v2\/posts"}],"about":[{"href":"http:\/\/acaopolitica.com\/index.php\/wp-json\/wp\/v2\/types\/post"}],"author":[{"embeddable":true,"href":"http:\/\/acaopolitica.com\/index.php\/wp-json\/wp\/v2\/users\/1"}],"replies":[{"embeddable":true,"href":"http:\/\/acaopolitica.com\/index.php\/wp-json\/wp\/v2\/comments?post=802"}],"version-history":[{"count":1,"href":"http:\/\/acaopolitica.com\/index.php\/wp-json\/wp\/v2\/posts\/802\/revisions"}],"predecessor-version":[{"id":811,"href":"http:\/\/acaopolitica.com\/index.php\/wp-json\/wp\/v2\/posts\/802\/revisions\/811"}],"wp:featuredmedia":[{"embeddable":true,"href":"http:\/\/acaopolitica.com\/index.php\/wp-json\/wp\/v2\/media\/805"}],"wp:attachment":[{"href":"http:\/\/acaopolitica.com\/index.php\/wp-json\/wp\/v2\/media?parent=802"}],"wp:term":[{"taxonomy":"category","embeddable":true,"href":"http:\/\/acaopolitica.com\/index.php\/wp-json\/wp\/v2\/categories?post=802"},{"taxonomy":"post_tag","embeddable":true,"href":"http:\/\/acaopolitica.com\/index.php\/wp-json\/wp\/v2\/tags?post=802"}],"curies":[{"name":"wp","href":"https:\/\/api.w.org\/{rel}","templated":true}]}}