{"id":812,"date":"2016-03-09T22:54:38","date_gmt":"2016-03-09T22:54:38","guid":{"rendered":"http:\/\/acaopolitica.com\/?p=812"},"modified":"2016-03-10T11:45:12","modified_gmt":"2016-03-10T11:45:12","slug":"bolsonaro-um-anuncio-mitico","status":"publish","type":"post","link":"http:\/\/acaopolitica.com\/index.php\/2016\/03\/09\/bolsonaro-um-anuncio-mitico\/","title":{"rendered":"Bolsonaro: um an\u00fancio m\u00edtico"},"content":{"rendered":"<p style=\"text-align: justify;\">Na semana passada, o Brasil testemunhou um dia que tem tudo para ser hist\u00f3rico e, \u00e9 claro, \u201cm\u00edtico\u201d. N\u00e3o falo aqui da \u201ccondu\u00e7\u00e3o coercitiva\u201d do ex-presidente \u201cjararaca\u201d Lula, mas sim da cerim\u00f4nia de filia\u00e7\u00e3o do Deputado Jair Messias Bolsonaro ao Partido Social Crist\u00e3o (PSC), no dia 2 de mar\u00e7o, em Bras\u00edlia.<\/p>\n<p style=\"text-align: justify;\">Por que esse dia seria hist\u00f3rico? Simples. Al\u00e9m da filia\u00e7\u00e3o \u00e0 nova sigla, Bolsonaro tornou oficial sua pr\u00e9-candidatura \u00e0 Presid\u00eancia da Rep\u00fablica nas pr\u00f3ximas elei\u00e7\u00f5es, com apoio integral de seu novo partido.<\/p>\n<p style=\"text-align: justify;\">O que significa a pr\u00e9-candidatura do \u201cmito\u201d? <strong>Significa que, ap\u00f3s 50 anos, o Brasil contar\u00e1 com um candidato vi\u00e1vel de direita para disputar o comando do pa\u00eds.<\/strong><\/p>\n<p style=\"text-align: justify;\">O \u00faltimo postulante de direita ao cargo m\u00e1ximo do pa\u00eds, com chances reais de vencer nas urnas, foi Carlos Lacerda da Uni\u00e3o Democr\u00e1tica Nacional (UDN), que pretendia concorrer nas elei\u00e7\u00f5es de 1966. Como se sabe, com o prolongamento do Regime Militar, as elei\u00e7\u00f5es foram suspensas, impedindo o governador do ent\u00e3o Estado da Guanabara de concorrer ao pleito m\u00e1ximo.<\/p>\n<p style=\"text-align: justify;\">Alguns se lembrar\u00e3o de Fernando Collor e En\u00e9as Carneiro, nas elei\u00e7\u00f5es de 1989 e 1994, respectivamente. Em rela\u00e7\u00e3o a Collor, ele era apenas um oportunista fisiol\u00f3gico inventado \u00e0s pressas pela imprensa, sem um partido relevante para apoi\u00e1-lo e sem nenhuma afinidade real com ideias conservadoras como se viu posteriormente. A prova \u00e9 que hoje, o agora senador por Alagoas \u00e9 um fiel aliado do petismo moribundo. J\u00e1 En\u00e9as era um homem \u00edntegro, com algumas ideias at\u00e9 consistentes, mas nunca contou com um partido com musculatura para que pudesse aspirar de fato \u00e0 presid\u00eancia.<\/p>\n<p style=\"text-align: justify;\">Bolsonaro \u00e9 diferente: \u00e9 anticomunista, conservador, defensor da fam\u00edlia, com ideias consistentes, defende a livre iniciativa e uma participa\u00e7\u00e3o estatal limitada na economia, possui uma hist\u00f3ria combativa na C\u00e2mara dos Deputados, \u00e9 muito popular e, agora, contar\u00e1 com um partido relevante nacionalmente, capaz de coloc\u00e1-lo como forte alternativa em 2018.<\/p>\n<p style=\"text-align: justify;\">Pode-se criticar Bolsonaro por v\u00e1rias coisas, mas o fato \u00e9 que \u00e9 dif\u00edcil encontrar um pol\u00edtico t\u00e3o transparente em rela\u00e7\u00e3o \u00e0s suas opini\u00f5es com os eleitores e sem envolvimento algum com os in\u00fameros esc\u00e2ndalos de corrup\u00e7\u00e3o que est\u00e3o destruindo o Estado brasileiro. Sua coragem em lutar contra a \u201conda vermelha\u201d desde sempre \u2013 mesmo quando Lula e o PT ainda eram \u201cpopulares\u201d \u2013 o credencia para ser a verdadeira candidatura de oposi\u00e7\u00e3o.<\/p>\n<p style=\"text-align: justify;\">Bolsonaro \u00e9 o candidato ideal n\u00e3o s\u00f3 para derrubar o petismo, mas para romper a domin\u00e2ncia esquerdista no comando do Brasil. Desde a redemocratiza\u00e7\u00e3o, temos visto um desfile de candidatos esquerdistas durante as elei\u00e7\u00f5es e Bolsonaro \u00e9 um t\u00edpico \u201coutsider\u201d. Extremamente popular e sintonizado com o povo, ele representa um perigo para o <em>establishment<\/em> esquerdista reinante constitu\u00eddo ap\u00f3s a Constitui\u00e7\u00e3o de 1988.<\/p>\n<p style=\"text-align: justify;\">Na \u00faltima Oktoberfest (2015), tivemos a felicidade de gravar um v\u00eddeo com o deputado, no qual alertamos sobre os perigos do Foro de S\u00e3o Paulo e sobre a \u00e2nsia do PT de avan\u00e7ar sobre nossas liberdades. (veja aqui: <a href=\"https:\/\/www.youtube.com\/watch?v=mAPqUz9XfLc\" target=\"_blank\">https:\/\/www.youtube.com\/watch?v=mAPqUz9XfLc<\/a>).<\/p>\n<p style=\"text-align: justify;\">No final do v\u00eddeo acima indicado, Bolsonaro comenta <strong><em>&#8220;A nossa liberdade \u00e9 mais importante que nossa pr\u00f3pria vida&#8221;<\/em><\/strong>. N\u00f3s do <a href=\"https:\/\/www.facebook.com\/institutoverdadeeliberdade\/\" target=\"_blank\">Instituto Verdade e Liberdade<\/a> estamos de acordo com o \u201cMito\u201d. Enquanto Bolsonaro for leal a estas palavras, contar\u00e1 com nossa admira\u00e7\u00e3o e apoio \u00e0 sua pr\u00e9-candidatura \u00e0 presid\u00eancia, bem como nossos sinceros desejos de sucesso em suas batalhas vindouras.<\/p>\n<p style=\"text-align: justify;\">V\u00eddeo registrando o evento:<\/p>\n<div class=\"kad-youtube-shortcode videofit\"  ><iframe width=\"400\" height=\"400\" src=\"\/\/www.youtube.com\/embed\/eJiVBWsf7m4?autoplay=0&amp;controls=1&amp;fs=1&amp;modestbranding=0&amp;theme=dark&amp;rel=0&amp;loop=0\" frameborder=\"0\" allowfullscreen=\"true\"><\/iframe><\/div>\n<p style=\"text-align: justify;\">Alguns registros do evento:<\/p>\n<p><a href=\"http:\/\/acaopolitica.com\/wp-content\/uploads\/2016\/03\/Ai8u-BdIiAFekmF2m3Pqx6rZopxMlSCXpkd_CcLpcVR2.jpg\" rel=\"attachment wp-att-815\"><img loading=\"lazy\" class=\"alignnone size-full wp-image-815\" src=\"http:\/\/acaopolitica.com\/wp-content\/uploads\/2016\/03\/Ai8u-BdIiAFekmF2m3Pqx6rZopxMlSCXpkd_CcLpcVR2.jpg\" alt=\"Ai8u-BdIiAFekmF2m3Pqx6rZopxMlSCXpkd_CcLpcVR2\" width=\"1600\" height=\"1200\" srcset=\"http:\/\/acaopolitica.com\/wp-content\/uploads\/2016\/03\/Ai8u-BdIiAFekmF2m3Pqx6rZopxMlSCXpkd_CcLpcVR2.jpg 1600w, http:\/\/acaopolitica.com\/wp-content\/uploads\/2016\/03\/Ai8u-BdIiAFekmF2m3Pqx6rZopxMlSCXpkd_CcLpcVR2-300x225.jpg 300w, http:\/\/acaopolitica.com\/wp-content\/uploads\/2016\/03\/Ai8u-BdIiAFekmF2m3Pqx6rZopxMlSCXpkd_CcLpcVR2-768x576.jpg 768w, http:\/\/acaopolitica.com\/wp-content\/uploads\/2016\/03\/Ai8u-BdIiAFekmF2m3Pqx6rZopxMlSCXpkd_CcLpcVR2-1030x773.jpg 1030w\" sizes=\"(max-width: 1600px) 100vw, 1600px\" \/><\/a> <a href=\"http:\/\/acaopolitica.com\/wp-content\/uploads\/2016\/03\/AqeW61jhQ0V_FJPaU3ObEnn660cQ69M6VGhUsPkJt1Cb.jpg\" rel=\"attachment wp-att-817\"><img loading=\"lazy\" class=\"alignnone size-full wp-image-817\" src=\"http:\/\/acaopolitica.com\/wp-content\/uploads\/2016\/03\/AqeW61jhQ0V_FJPaU3ObEnn660cQ69M6VGhUsPkJt1Cb.jpg\" alt=\"AqeW61jhQ0V_FJPaU3ObEnn660cQ69M6VGhUsPkJt1Cb\" width=\"1600\" height=\"1200\" srcset=\"http:\/\/acaopolitica.com\/wp-content\/uploads\/2016\/03\/AqeW61jhQ0V_FJPaU3ObEnn660cQ69M6VGhUsPkJt1Cb.jpg 1600w, http:\/\/acaopolitica.com\/wp-content\/uploads\/2016\/03\/AqeW61jhQ0V_FJPaU3ObEnn660cQ69M6VGhUsPkJt1Cb-300x225.jpg 300w, http:\/\/acaopolitica.com\/wp-content\/uploads\/2016\/03\/AqeW61jhQ0V_FJPaU3ObEnn660cQ69M6VGhUsPkJt1Cb-768x576.jpg 768w, http:\/\/acaopolitica.com\/wp-content\/uploads\/2016\/03\/AqeW61jhQ0V_FJPaU3ObEnn660cQ69M6VGhUsPkJt1Cb-1030x773.jpg 1030w\" sizes=\"(max-width: 1600px) 100vw, 1600px\" \/><\/a> <a href=\"http:\/\/acaopolitica.com\/wp-content\/uploads\/2016\/03\/Aihr8s_Wr6c7K-z3iyZfjeuKnJTstd8n5Ejm0vAN9XuI.jpg\" rel=\"attachment wp-att-814\"><img loading=\"lazy\" class=\"alignnone size-full wp-image-814\" src=\"http:\/\/acaopolitica.com\/wp-content\/uploads\/2016\/03\/Aihr8s_Wr6c7K-z3iyZfjeuKnJTstd8n5Ejm0vAN9XuI.jpg\" alt=\"Aihr8s_Wr6c7K-z3iyZfjeuKnJTstd8n5Ejm0vAN9XuI\" width=\"1600\" height=\"1200\" srcset=\"http:\/\/acaopolitica.com\/wp-content\/uploads\/2016\/03\/Aihr8s_Wr6c7K-z3iyZfjeuKnJTstd8n5Ejm0vAN9XuI.jpg 1600w, http:\/\/acaopolitica.com\/wp-content\/uploads\/2016\/03\/Aihr8s_Wr6c7K-z3iyZfjeuKnJTstd8n5Ejm0vAN9XuI-300x225.jpg 300w, http:\/\/acaopolitica.com\/wp-content\/uploads\/2016\/03\/Aihr8s_Wr6c7K-z3iyZfjeuKnJTstd8n5Ejm0vAN9XuI-768x576.jpg 768w, http:\/\/acaopolitica.com\/wp-content\/uploads\/2016\/03\/Aihr8s_Wr6c7K-z3iyZfjeuKnJTstd8n5Ejm0vAN9XuI-1030x773.jpg 1030w\" sizes=\"(max-width: 1600px) 100vw, 1600px\" \/><\/a><\/p>\n","protected":false},"excerpt":{"rendered":"<p>Na semana passada, o Brasil testemunhou um dia que tem tudo para ser hist\u00f3rico e, \u00e9 claro, \u201cm\u00edtico\u201d. N\u00e3o falo aqui da \u201ccondu\u00e7\u00e3o coercitiva\u201d do&#8230;<\/p>\n","protected":false},"author":11,"featured_media":817,"comment_status":"open","ping_status":"open","sticky":false,"template":"","format":"standard","meta":[],"categories":[2],"tags":[],"_links":{"self":[{"href":"http:\/\/acaopolitica.com\/index.php\/wp-json\/wp\/v2\/posts\/812"}],"collection":[{"href":"http:\/\/acaopolitica.com\/index.php\/wp-json\/wp\/v2\/posts"}],"about":[{"href":"http:\/\/acaopolitica.com\/index.php\/wp-json\/wp\/v2\/types\/post"}],"author":[{"embeddable":true,"href":"http:\/\/acaopolitica.com\/index.php\/wp-json\/wp\/v2\/users\/11"}],"replies":[{"embeddable":true,"href":"http:\/\/acaopolitica.com\/index.php\/wp-json\/wp\/v2\/comments?post=812"}],"version-history":[{"count":5,"href":"http:\/\/acaopolitica.com\/index.php\/wp-json\/wp\/v2\/posts\/812\/revisions"}],"predecessor-version":[{"id":824,"href":"http:\/\/acaopolitica.com\/index.php\/wp-json\/wp\/v2\/posts\/812\/revisions\/824"}],"wp:featuredmedia":[{"embeddable":true,"href":"http:\/\/acaopolitica.com\/index.php\/wp-json\/wp\/v2\/media\/817"}],"wp:attachment":[{"href":"http:\/\/acaopolitica.com\/index.php\/wp-json\/wp\/v2\/media?parent=812"}],"wp:term":[{"taxonomy":"category","embeddable":true,"href":"http:\/\/acaopolitica.com\/index.php\/wp-json\/wp\/v2\/categories?post=812"},{"taxonomy":"post_tag","embeddable":true,"href":"http:\/\/acaopolitica.com\/index.php\/wp-json\/wp\/v2\/tags?post=812"}],"curies":[{"name":"wp","href":"https:\/\/api.w.org\/{rel}","templated":true}]}}