{"id":834,"date":"2016-03-11T16:24:58","date_gmt":"2016-03-11T16:24:58","guid":{"rendered":"http:\/\/acaopolitica.com\/?p=834"},"modified":"2016-03-14T17:56:45","modified_gmt":"2016-03-14T17:56:45","slug":"buzinaco-e-panfletagem-convidando-para-em-10-03","status":"publish","type":"post","link":"http:\/\/acaopolitica.com\/index.php\/2016\/03\/11\/buzinaco-e-panfletagem-convidando-para-em-10-03\/","title":{"rendered":"Buzina\u00e7o e panfletagem em 10-03, convidando para 13-03"},"content":{"rendered":"<p style=\"text-align: justify;\">Nesta quinta-feira, 10-03-2016, a equipe do <a href=\"https:\/\/www.facebook.com\/institutoverdadeeliberdade\/\" target=\"_blank\">IVL<\/a>\u00a0repetiu as atividades de buzina\u00e7o e panfletagem convidando a popula\u00e7\u00e3o\u00a0para a\u00a0<a href=\"https:\/\/www.facebook.com\/events\/100532430336678\/\" target=\"_blank\">manifesta\u00e7\u00e3o de 13-03-2016!<\/a><\/p>\n<p style=\"text-align: justify;\">Tamb\u00e9m foi realizada a\u00e7\u00e3o com faixa em apoio a S\u00e9rgio Moro, juiz federal que comanda as investiga\u00e7\u00f5es da Opera\u00e7\u00e3o Lava Jato!<\/p>\n<p style=\"text-align: justify;\">A a\u00e7\u00e3o iniciou nas redondezas da C\u00e2mara de Vereadores de Blumenau, seguindo para as\u00a0proximidades da\u00a0loja Flamingo na Rua XV de Novembro. A rea\u00e7\u00e3o\u00a0da popula\u00e7\u00e3o foi de entusiasmo e apoio completos a atua\u00e7\u00e3o do juiz e transcorrer da Opera\u00e7\u00e3o Lava Jato e demais efeitos resultantes desse trabalho.<\/p>\n<p style=\"text-align: justify;\">A panfletagem foi realizada nos mesmos locais e tamb\u00e9m na proximidade da Vila Germ\u00e2nica. Al\u00e9m da panfletagem realizada por colaboradores em diversos pontos ao longo do dia.<\/p>\n<p style=\"text-align: justify;\">Entusiasmo, indigna\u00e7\u00e3o e engajamento crescentes s\u00e3o percept\u00edveis no contato com a popula\u00e7\u00e3o.<\/p>\n<p style=\"text-align: justify;\">E nesta reta final, baseada na rea\u00e7\u00e3o da popula\u00e7\u00e3o, cresce cada vez mais a expectativa de uma manifesta\u00e7\u00e3o\u00a0com grande participa\u00e7\u00e3o.<\/p>\n<p>Alguns v\u00eddeos:<\/p>\n<div style=\"width: 640px;\" class=\"wp-video\"><!--[if lt IE 9]><script>document.createElement('video');<\/script><![endif]-->\n<video class=\"wp-video-shortcode\" id=\"video-834-1\" width=\"640\" height=\"352\" preload=\"metadata\" controls=\"controls\"><source type=\"video\/webm\" src=\"http:\/\/acaopolitica.com\/wp-content\/uploads\/2016\/03\/20160311081627.webm?_=1\" \/><a href=\"http:\/\/acaopolitica.com\/wp-content\/uploads\/2016\/03\/20160311081627.webm\">http:\/\/acaopolitica.com\/wp-content\/uploads\/2016\/03\/20160311081627.webm<\/a><\/video><\/div>\n<div style=\"width: 640px;\" class=\"wp-video\"><video class=\"wp-video-shortcode\" id=\"video-834-2\" width=\"640\" height=\"352\" preload=\"metadata\" controls=\"controls\"><source type=\"video\/webm\" src=\"http:\/\/acaopolitica.com\/wp-content\/uploads\/2016\/03\/20160311075708.webm?_=2\" \/><a href=\"http:\/\/acaopolitica.com\/wp-content\/uploads\/2016\/03\/20160311075708.webm\">http:\/\/acaopolitica.com\/wp-content\/uploads\/2016\/03\/20160311075708.webm<\/a><\/video><\/div>\n<div style=\"width: 640px;\" class=\"wp-video\"><video class=\"wp-video-shortcode\" id=\"video-834-3\" width=\"640\" height=\"352\" preload=\"metadata\" controls=\"controls\"><source type=\"video\/webm\" src=\"http:\/\/acaopolitica.com\/wp-content\/uploads\/2016\/03\/20160311081045.webm?_=3\" \/><a href=\"http:\/\/acaopolitica.com\/wp-content\/uploads\/2016\/03\/20160311081045.webm\">http:\/\/acaopolitica.com\/wp-content\/uploads\/2016\/03\/20160311081045.webm<\/a><\/video><\/div>\n<p>Algumas fotos:<\/p>\n<p><a href=\"http:\/\/acaopolitica.com\/wp-content\/uploads\/2016\/03\/0a7bdb70-a79f-4c43-a015-31dded28dd59.jpg\" rel=\"attachment wp-att-839\"><img loading=\"lazy\" class=\"alignnone size-full wp-image-839\" src=\"http:\/\/acaopolitica.com\/wp-content\/uploads\/2016\/03\/0a7bdb70-a79f-4c43-a015-31dded28dd59.jpg\" alt=\"0a7bdb70-a79f-4c43-a015-31dded28dd59\" width=\"1599\" height=\"899\" srcset=\"http:\/\/acaopolitica.com\/wp-content\/uploads\/2016\/03\/0a7bdb70-a79f-4c43-a015-31dded28dd59.jpg 1599w, http:\/\/acaopolitica.com\/wp-content\/uploads\/2016\/03\/0a7bdb70-a79f-4c43-a015-31dded28dd59-300x169.jpg 300w, http:\/\/acaopolitica.com\/wp-content\/uploads\/2016\/03\/0a7bdb70-a79f-4c43-a015-31dded28dd59-768x432.jpg 768w, http:\/\/acaopolitica.com\/wp-content\/uploads\/2016\/03\/0a7bdb70-a79f-4c43-a015-31dded28dd59-1030x579.jpg 1030w\" sizes=\"(max-width: 1599px) 100vw, 1599px\" \/><\/a> <a href=\"http:\/\/acaopolitica.com\/wp-content\/uploads\/2016\/03\/5d368bda-205c-4971-9e23-6b007ae7ca6a.jpg\" rel=\"attachment wp-att-840\"><img loading=\"lazy\" class=\"alignnone size-full wp-image-840\" src=\"http:\/\/acaopolitica.com\/wp-content\/uploads\/2016\/03\/5d368bda-205c-4971-9e23-6b007ae7ca6a.jpg\" alt=\"5d368bda-205c-4971-9e23-6b007ae7ca6a\" width=\"1599\" height=\"899\" srcset=\"http:\/\/acaopolitica.com\/wp-content\/uploads\/2016\/03\/5d368bda-205c-4971-9e23-6b007ae7ca6a.jpg 1599w, http:\/\/acaopolitica.com\/wp-content\/uploads\/2016\/03\/5d368bda-205c-4971-9e23-6b007ae7ca6a-300x169.jpg 300w, http:\/\/acaopolitica.com\/wp-content\/uploads\/2016\/03\/5d368bda-205c-4971-9e23-6b007ae7ca6a-768x432.jpg 768w, http:\/\/acaopolitica.com\/wp-content\/uploads\/2016\/03\/5d368bda-205c-4971-9e23-6b007ae7ca6a-1030x579.jpg 1030w\" sizes=\"(max-width: 1599px) 100vw, 1599px\" \/><\/a> <a href=\"http:\/\/acaopolitica.com\/wp-content\/uploads\/2016\/03\/11500413-9f36-4dfa-b292-542f6d9a5fe4.jpg\" rel=\"attachment wp-att-841\"><img loading=\"lazy\" class=\"alignnone size-full wp-image-841\" src=\"http:\/\/acaopolitica.com\/wp-content\/uploads\/2016\/03\/11500413-9f36-4dfa-b292-542f6d9a5fe4.jpg\" alt=\"11500413-9f36-4dfa-b292-542f6d9a5fe4\" width=\"1599\" height=\"899\" srcset=\"http:\/\/acaopolitica.com\/wp-content\/uploads\/2016\/03\/11500413-9f36-4dfa-b292-542f6d9a5fe4.jpg 1599w, http:\/\/acaopolitica.com\/wp-content\/uploads\/2016\/03\/11500413-9f36-4dfa-b292-542f6d9a5fe4-300x169.jpg 300w, http:\/\/acaopolitica.com\/wp-content\/uploads\/2016\/03\/11500413-9f36-4dfa-b292-542f6d9a5fe4-768x432.jpg 768w, http:\/\/acaopolitica.com\/wp-content\/uploads\/2016\/03\/11500413-9f36-4dfa-b292-542f6d9a5fe4-1030x579.jpg 1030w\" sizes=\"(max-width: 1599px) 100vw, 1599px\" \/><\/a> <a href=\"http:\/\/acaopolitica.com\/wp-content\/uploads\/2016\/03\/2ff4c9b2-f47c-4dd6-8bf0-8988083ee47d.jpg\" rel=\"attachment wp-att-842\"><img loading=\"lazy\" class=\"alignnone size-full wp-image-842\" src=\"http:\/\/acaopolitica.com\/wp-content\/uploads\/2016\/03\/2ff4c9b2-f47c-4dd6-8bf0-8988083ee47d.jpg\" alt=\"2ff4c9b2-f47c-4dd6-8bf0-8988083ee47d\" width=\"1599\" height=\"899\" srcset=\"http:\/\/acaopolitica.com\/wp-content\/uploads\/2016\/03\/2ff4c9b2-f47c-4dd6-8bf0-8988083ee47d.jpg 1599w, http:\/\/acaopolitica.com\/wp-content\/uploads\/2016\/03\/2ff4c9b2-f47c-4dd6-8bf0-8988083ee47d-300x169.jpg 300w, http:\/\/acaopolitica.com\/wp-content\/uploads\/2016\/03\/2ff4c9b2-f47c-4dd6-8bf0-8988083ee47d-768x432.jpg 768w, http:\/\/acaopolitica.com\/wp-content\/uploads\/2016\/03\/2ff4c9b2-f47c-4dd6-8bf0-8988083ee47d-1030x579.jpg 1030w\" sizes=\"(max-width: 1599px) 100vw, 1599px\" \/><\/a> <a href=\"http:\/\/acaopolitica.com\/wp-content\/uploads\/2016\/03\/pf_cynt1.jpg\" rel=\"attachment wp-att-843\"><img loading=\"lazy\" class=\"alignnone size-full wp-image-843\" src=\"http:\/\/acaopolitica.com\/wp-content\/uploads\/2016\/03\/pf_cynt1.jpg\" alt=\"pf_cynt1\" width=\"980\" height=\"551\" srcset=\"http:\/\/acaopolitica.com\/wp-content\/uploads\/2016\/03\/pf_cynt1.jpg 980w, http:\/\/acaopolitica.com\/wp-content\/uploads\/2016\/03\/pf_cynt1-300x169.jpg 300w, http:\/\/acaopolitica.com\/wp-content\/uploads\/2016\/03\/pf_cynt1-768x432.jpg 768w\" sizes=\"(max-width: 980px) 100vw, 980px\" \/><\/a><\/p>\n<p>&nbsp;<\/p>\n<p>&nbsp;<\/p>\n","protected":false},"excerpt":{"rendered":"<p>Nesta quinta-feira, 10-03-2016, a equipe do IVL\u00a0repetiu as atividades de buzina\u00e7o e panfletagem convidando a popula\u00e7\u00e3o\u00a0para a\u00a0manifesta\u00e7\u00e3o de 13-03-2016! Tamb\u00e9m foi realizada a\u00e7\u00e3o com faixa&#8230;<\/p>\n","protected":false},"author":1,"featured_media":0,"comment_status":"open","ping_status":"open","sticky":false,"template":"","format":"standard","meta":[],"categories":[11],"tags":[],"_links":{"self":[{"href":"http:\/\/acaopolitica.com\/index.php\/wp-json\/wp\/v2\/posts\/834"}],"collection":[{"href":"http:\/\/acaopolitica.com\/index.php\/wp-json\/wp\/v2\/posts"}],"about":[{"href":"http:\/\/acaopolitica.com\/index.php\/wp-json\/wp\/v2\/types\/post"}],"author":[{"embeddable":true,"href":"http:\/\/acaopolitica.com\/index.php\/wp-json\/wp\/v2\/users\/1"}],"replies":[{"embeddable":true,"href":"http:\/\/acaopolitica.com\/index.php\/wp-json\/wp\/v2\/comments?post=834"}],"version-history":[{"count":3,"href":"http:\/\/acaopolitica.com\/index.php\/wp-json\/wp\/v2\/posts\/834\/revisions"}],"predecessor-version":[{"id":854,"href":"http:\/\/acaopolitica.com\/index.php\/wp-json\/wp\/v2\/posts\/834\/revisions\/854"}],"wp:attachment":[{"href":"http:\/\/acaopolitica.com\/index.php\/wp-json\/wp\/v2\/media?parent=834"}],"wp:term":[{"taxonomy":"category","embeddable":true,"href":"http:\/\/acaopolitica.com\/index.php\/wp-json\/wp\/v2\/categories?post=834"},{"taxonomy":"post_tag","embeddable":true,"href":"http:\/\/acaopolitica.com\/index.php\/wp-json\/wp\/v2\/tags?post=834"}],"curies":[{"name":"wp","href":"https:\/\/api.w.org\/{rel}","templated":true}]}}