{"id":845,"date":"2016-03-11T16:43:51","date_gmt":"2016-03-11T16:43:51","guid":{"rendered":"http:\/\/acaopolitica.com\/?p=845"},"modified":"2016-03-11T19:12:11","modified_gmt":"2016-03-11T19:12:11","slug":"quero-sim-uma-mulher-na-presidencia","status":"publish","type":"post","link":"http:\/\/acaopolitica.com\/index.php\/2016\/03\/11\/quero-sim-uma-mulher-na-presidencia\/","title":{"rendered":"Quero sim uma mulher na Presid\u00eancia"},"content":{"rendered":"<p style=\"text-align: justify;\">Quero sim uma mulher na presid\u00eancia!<\/p>\n<p style=\"text-align: justify;\">Entregando panfletos, num dia desses, me surpreendo com uma humana me dizendo que s\u00f3 estou fazendo isso porque a Dilma \u00e9 mulher(!?). Ser\u00e1 que ela me achou com cara de homem? Diante deste epis\u00f3dio, fiquei refletindo a respeito. A incapacidade das pessoas pararem para pensar no que falam hoje em dia \u00e9 gritante. Como pode uma mulher falar para outra mulher que sou contra uma mulher s\u00f3 porque ela \u00e9 mulher? Minha cabe\u00e7a deu n\u00f3.<\/p>\n<p style=\"text-align: justify;\">Orgulho-me por ser mulher, nunca me passou pela cabe\u00e7a ser homem. Adoro salto alto, pink, lil\u00e1s, flores, batons, esmaltes e todos os mimos que fazem parte somente do universo feminino. A beleza da feminilidade transforma o mundo num lugar mais feliz e colorido. Gosto da aten\u00e7\u00e3o que o homem dedica a mulher por ach\u00e1-la delicada e fr\u00e1gil. Acho, na verdade, engra\u00e7ado. Porque a mulher \u00e9 forte, guerreira e n\u00e3o se deixa abater. Quando est\u00e1 com dor finge n\u00e3o ter nada, pois, sabe que n\u00e3o pode esmorecer. A mulher \u00e9 grandiosa, linda, feliz, amorosa, compreensiva, tanto adjetivos para descrever o que \u00e9 este ser feminino. Ent\u00e3o&#8230; N\u00e3o! N\u00e3o sou contra a mulher! Muito menos seria contra uma mulher na Presid\u00eancia da Rep\u00fablica.<\/p>\n<p style=\"text-align: justify;\">Luto contra a corrup\u00e7\u00e3o. Acredito que podemos transformar nosso pa\u00eds num lugar pr\u00f3spero. Temos todos os recursos para isso. TODOS. Mas tem uma minoria tentando impedir essa prosperidade de acontecer. N\u00e3o quero o Impeachment da Dilma porque ela \u00e9 mulher. Quero o Impeachment da Dilma porque ela \u00e9 incompetente, burra e, no m\u00ednimo, conivente com um projeto totalit\u00e1rio que amea\u00e7a todos os brasileiros. E representa todo o avesso do que \u00e9 ser uma mulher. Mulher trabalha, estuda, cuida da casa, filhos, marido, namorado e desempenha todas as fun\u00e7\u00f5es com primazia. Essa presidAnta faz tudo com muit\u00edssima mediocridade. A Dilma faz o oposto do que uma mulher competente faria. Ela n\u00e3o me representa como mulher e menos ainda com presidente.<\/p>\n<hr \/>\n<h6 style=\"text-align: justify;\">A foto que ilustra o texto \u00e9 de <a href=\"https:\/\/pt.wikipedia.org\/wiki\/Margaret_Thatcher\" target=\"_blank\">Margareth Tatcher <\/a>(falecida em\u00a008\/04\/2013), que foi Primeira-Ministra do Reino Unido entre 04\/05\/1979 a 28\/11\/1990. Algu\u00e9m\u00a0que representa uma l\u00edder verdadeiramente inspiradora para as mulheres e que ficou conhecida como a Dama de Ferro.<\/h6>\n<p style=\"text-align: justify;\">\n","protected":false},"excerpt":{"rendered":"<p>Quero sim uma mulher na presid\u00eancia! Entregando panfletos, num dia desses, me surpreendo com uma humana me dizendo que s\u00f3 estou fazendo isso porque a&#8230;<\/p>\n","protected":false},"author":2,"featured_media":846,"comment_status":"open","ping_status":"open","sticky":false,"template":"","format":"standard","meta":[],"categories":[3,2],"tags":[],"_links":{"self":[{"href":"http:\/\/acaopolitica.com\/index.php\/wp-json\/wp\/v2\/posts\/845"}],"collection":[{"href":"http:\/\/acaopolitica.com\/index.php\/wp-json\/wp\/v2\/posts"}],"about":[{"href":"http:\/\/acaopolitica.com\/index.php\/wp-json\/wp\/v2\/types\/post"}],"author":[{"embeddable":true,"href":"http:\/\/acaopolitica.com\/index.php\/wp-json\/wp\/v2\/users\/2"}],"replies":[{"embeddable":true,"href":"http:\/\/acaopolitica.com\/index.php\/wp-json\/wp\/v2\/comments?post=845"}],"version-history":[{"count":5,"href":"http:\/\/acaopolitica.com\/index.php\/wp-json\/wp\/v2\/posts\/845\/revisions"}],"predecessor-version":[{"id":852,"href":"http:\/\/acaopolitica.com\/index.php\/wp-json\/wp\/v2\/posts\/845\/revisions\/852"}],"wp:featuredmedia":[{"embeddable":true,"href":"http:\/\/acaopolitica.com\/index.php\/wp-json\/wp\/v2\/media\/846"}],"wp:attachment":[{"href":"http:\/\/acaopolitica.com\/index.php\/wp-json\/wp\/v2\/media?parent=845"}],"wp:term":[{"taxonomy":"category","embeddable":true,"href":"http:\/\/acaopolitica.com\/index.php\/wp-json\/wp\/v2\/categories?post=845"},{"taxonomy":"post_tag","embeddable":true,"href":"http:\/\/acaopolitica.com\/index.php\/wp-json\/wp\/v2\/tags?post=845"}],"curies":[{"name":"wp","href":"https:\/\/api.w.org\/{rel}","templated":true}]}}